{"id":147673,"date":"2026-01-20T20:36:11","date_gmt":"2026-01-20T20:36:11","guid":{"rendered":"https:\/\/www.europesays.com\/fi\/147673\/"},"modified":"2026-01-20T20:36:11","modified_gmt":"2026-01-20T20:36:11","slug":"joensuulaisessa-paivakodissa-ei-saatu-lasten-vakivaltatilanteita-katkaistua-asiantuntija-nakee-laajemman-yhteyden-kotimaa","status":"publish","type":"post","link":"https:\/\/www.europesays.com\/fi\/147673\/","title":{"rendered":"Joensuulaisessa p\u00e4iv\u00e4kodissa ei saatu lasten v\u00e4kivalta\u00adtilanteita katkaistua \u2013 asiantuntija n\u00e4kee laajemman yhteyden | Kotimaa"},"content":{"rendered":"<p class=\"aw-1gybjub aw-5vja16 kEtdKx kmuxyA yle__article__paragraph\">Kasvatustieteen professorin mukaan p\u00e4iv\u00e4kodeissa ilmenev\u00e4t toistuvat v\u00e4kivalta\u00adtilanteet heijastavat usein laajempaa ongelmaa varhais\u00adkasvatuksen laadussa.<\/p>\n<p><img decoding=\"async\" alt=\"Turun yliopiston dosentti P\u00e4ivi Pihlaja\" src=\"https:\/\/www.europesays.com\/fi\/wp-content\/uploads\/2026\/01\/39-7666886011213217ed6.jpeg\" class=\"aw-1l9m598 hKVVvP\"\/><\/p>\n<p>Avaa kuvien katselu<\/p>\n<p>It\u00e4-Suomen yliopiston kasvatustieteen professori P\u00e4ivi Pihlajan mukaan varhaiskasvatuksen laatuun vaikuttaa  esimerkiksi henkil\u00f6st\u00f6n koulutustaso. Kuva: Lassi L\u00e4hteenm\u00e4ki \/ YleJuttu tiivistettyn\u00e4<\/p>\n<ul class=\"aw-1jjocuh iJTSwP yle__article__list yle__article__list--ul\">\n<li class=\"aw-1j7gwms gNYKfi\">Joensuulaisessa yksityisess\u00e4 p\u00e4iv\u00e4kodissa on ollut syksyst\u00e4 l\u00e4htien toistuvia v\u00e4kivaltatilanteita, joihin se ei ole pystynyt puuttumaan.<\/li>\n<li class=\"aw-1j7gwms gNYKfi\">It\u00e4-Suomen yliopiston professori P\u00e4ivi Pihlaja arvioi, ett\u00e4 ongelmat johtuvat usein koulutetun henkil\u00f6kunnan puutteesta.<\/li>\n<li class=\"aw-1j7gwms gNYKfi\">Kasvatustieteen professori Pihlaja ei tunne joensuulaisp\u00e4iv\u00e4kodin tapausta yksityiskohtaisesti, vaan h\u00e4n arvioi sit\u00e4 yleisell\u00e4 tasolla.<\/li>\n<li class=\"aw-1j7gwms gNYKfi\">Touhula-p\u00e4iv\u00e4kodin liiketoimintajohtajan mukaan henkil\u00f6kuntaa on riitt\u00e4v\u00e4sti. Yksikk\u00f6\u00e4 valvovan Joensuun kaupungin mukaan henkil\u00f6kunta on p\u00e4\u00e4osin p\u00e4tev\u00e4\u00e4.<\/li>\n<\/ul>\n<p class=\"aw-1gybjub aw-1p7kakr kEtdKx cEmitX yle__article__paragraph\">Joensuulaisessa p\u00e4iv\u00e4koti Touhula Merikartassa ilmenneet toistuvat <a class=\"aw-iao6s4 iHOxEa yle__article__link\" href=\"https:\/\/yle.fi\/a\/74-20205156\" role=\"link\" rel=\"nofollow noopener\" target=\"_blank\">v\u00e4kivaltatilanteet<\/a> heijastavat laajempaa ongelmaa varhaiskasvatuksen laadussa. N\u00e4in arvioi kasvatustieteen professori <strong class=\"aw-ak79eh KyCXm yle__article__strong\">P\u00e4ivi Pihlaja<\/strong> It\u00e4-Suomen yliopistosta.<\/p>\n<p class=\"aw-1gybjub aw-1p7kakr kEtdKx cEmitX yle__article__paragraph\">Pihjalan mukaan koulutetun henkil\u00f6kunnan puute on usein keskeinen tekij\u00e4 v\u00e4kivaltatilanteiden taustalla.<\/p>\n<p class=\"aw-1gybjub aw-1p7kakr kEtdKx cEmitX yle__article__paragraph\">Yle kertoi eilen, ett\u00e4 yksityist\u00e4 p\u00e4iv\u00e4kotia valvova Joensuun kaupunki on ryhtynyt toimiin v\u00e4kivaltatilanteiden kitkemiseksi. P\u00e4iv\u00e4kodissa on esiintynyt syksyst\u00e4 l\u00e4htien toistuvia lastenv\u00e4lisi\u00e4 v\u00e4kivaltatilanteita, joihin ei ole pystytty puuttumaan.<\/p>\n<p><img decoding=\"async\" alt=\"Lapsen k\u00e4si piirt\u00e4\u00e4.\" src=\"https:\/\/www.europesays.com\/fi\/wp-content\/uploads\/2026\/01\/39-1212959657313c13845c.jpeg\" class=\"aw-1l9m598 hKVVvP\"\/><\/p>\n<p class=\"aw-1gybjub aw-1p7kakr kEtdKx cEmitX yle__article__paragraph\">Touhula-p\u00e4iv\u00e4kodin liiketoimintajohtajan <strong class=\"aw-ak79eh KyCXm yle__article__strong\">Helena V\u00e4is\u00e4sen<\/strong> mukaan henkil\u00f6st\u00f6m\u00e4\u00e4r\u00e4 on ollut riitt\u00e4v\u00e4 ja ongelmia yritet\u00e4\u00e4n ratkoa yhteisty\u00f6ss\u00e4 varhaiskasvatuksen erityisopettajan kanssa. P\u00e4iv\u00e4kotiin aiotaan my\u00f6s palkata kev\u00e4\u00e4n ajaksi yksi ty\u00f6ntekij\u00e4 lis\u00e4\u00e4.<\/p>\n<p class=\"aw-1gybjub aw-1p7kakr kEtdKx cEmitX yle__article__paragraph\">Joensuun kaupungin varhaiskasvatuksen koordinaattori <strong class=\"aw-ak79eh KyCXm yle__article__strong\">Tuula Pikkarainen<\/strong> kertoo, ett\u00e4 p\u00e4iv\u00e4koti on syyskauden aikana my\u00f6s hankkinut ostopalveluna erityisopettajan ohjausta ja konsultaatioita kuusi kertaa.<\/p>\n<p class=\"aw-1gybjub aw-1p7kakr kEtdKx cEmitX yle__article__paragraph\">Kaupunki ei toistaiseksi ohjaa uusia lapsia t\u00e4h\u00e4n p\u00e4iv\u00e4kotiin.<\/p>\n<p>Lapsen v\u00e4kivalta ei ole yksil\u00f6n ongelma<\/p>\n<p class=\"aw-1gybjub aw-1p7kakr kEtdKx cEmitX yle__article__paragraph\">Kasvatustieteen professori P\u00e4ivi Pihlaja ei tunne joensuulaisp\u00e4iv\u00e4kodin tapausta yksityiskohtaisesti, vaan arvioi sit\u00e4 yleisell\u00e4 tasolla.<\/p>\n<p class=\"aw-1gybjub aw-1p7kakr kEtdKx cEmitX yle__article__paragraph\">H\u00e4n korostaa, ett\u00e4 lasten v\u00e4kivaltainen k\u00e4ytt\u00e4ytyminen ei ole vain yksil\u00f6n ongelma. Lapset k\u00e4ytt\u00e4ytyv\u00e4t ja oppivat niiss\u00e4 olosuhteissa, joita heille tarjotaan. Siksi ymp\u00e4rist\u00f6\u00f6n ja pedagogiikan laatuun tulee kiinnitt\u00e4\u00e4 erityist\u00e4 huomiota.<\/p>\n<p class=\"aw-1gybjub aw-1p7kakr kEtdKx cEmitX yle__article__paragraph\">\u2013 Jos 3-5-vuotiaat purevat, potkivat ja ly\u00f6v\u00e4t, niin lasten tunne-el\u00e4m\u00e4n kehityst\u00e4 on jollakin tavalla h\u00e4iritty tai jokin olosuhde h\u00e4iritsee, professori Pihlaja sanoo.<\/p>\n<p><img decoding=\"async\" alt=\"Sinisein\u00e4inen puurakennus, jonka sein\u00e4ss\u00e4 lukee \u201dMerikartta\u201d.\" src=\"https:\/\/www.europesays.com\/fi\/wp-content\/uploads\/2026\/01\/39-1583566696e1c018e7a7.jpeg\" loading=\"lazy\" class=\"aw-1l9m598 hKVVvP\"\/><\/p>\n<p>Avaa kuvien katselu<\/p>\n<p>P\u00e4iv\u00e4koti Merikartta toimii Joensuun Karhunm\u00e4ess\u00e4. Alueella asuu paljon lapsiperheit\u00e4. Kuva: Petri Karvinen \/ Yle<\/p>\n<p class=\"aw-1gybjub aw-1p7kakr kEtdKx cEmitX yle__article__paragraph\">Pihlajan mukaan varhaiskasvatuksen laatu on suoraan yhteydess\u00e4 henkil\u00f6st\u00f6n koulutustasoon. H\u00e4n pit\u00e4\u00e4 erityisen huolestuttavana p\u00e4tevien varhaiskasvatuksen opettajien ja erityisopettajien puutetta.<\/p>\n<p class=\"aw-1gybjub aw-1p7kakr kEtdKx cEmitX yle__article__paragraph\">\u2013 Jos meill\u00e4 olisi perusopetuksessa sama tilanne, se olisi kansallinen h\u00e4t\u00e4tila, h\u00e4n toteaa.<\/p>\n<p class=\"aw-1gybjub aw-1p7kakr kEtdKx cEmitX yle__article__paragraph\">H\u00e4n ei pid\u00e4 hyv\u00e4n\u00e4 kehityst\u00e4, jossa erityisopettajista on tullut l\u00e4hinn\u00e4 konsultoivia asiantuntijoita. Aikaisemmin p\u00e4iv\u00e4kodeissa oli pienryhmi\u00e4, joissa oli koko ajan erityisopettaja paikalla. Nyt t\u00e4llaisista pienryhmist\u00e4 on luovuttu.<\/p>\n<p class=\"aw-1gybjub aw-1p7kakr kEtdKx cEmitX yle__article__paragraph\">Touhula Merikartassa on ollut varhaiskasvatuksen koordinaattorin Tuula Pikkaraisen mukaan p\u00e4\u00e4osin p\u00e4tevi\u00e4 varhaiskasvatuksen opettajia ja henkil\u00f6kuntaa on ollut riitt\u00e4v\u00e4sti.<\/p>\n<p>V\u00e4kivallan kierre on saatava katkaistua<\/p>\n<p class=\"aw-1gybjub aw-1p7kakr kEtdKx cEmitX yle__article__paragraph\">V\u00e4kivaltatilanteisiin puuttumiseksi Pihlaja suosittelee erityisopettajan palvelujen lis\u00e4\u00e4mist\u00e4 ja kokonaisvaltaista arviointia p\u00e4iv\u00e4kodin toiminnasta. Erityisopettaja pystyisi arvioimaan sek\u00e4 pedagogista toimintaa ett\u00e4 lasten hyvinvointia. Lis\u00e4ksi tarvittaisiin moniammatillista yhteisty\u00f6t\u00e4, johon osallistuisivat my\u00f6s sosionomit ja psykologit.<\/p>\n<p class=\"aw-1gybjub aw-1p7kakr kEtdKx cEmitX yle__article__paragraph\">\u2013 T\u00e4llainen kierre t\u00e4ytyy saada katki, koska muuten se jatkuu.<\/p>\n<p class=\"aw-1gybjub aw-1p7kakr kEtdKx cEmitX yle__article__paragraph\">P\u00e4iv\u00e4kodin arjessa toimiviksi keinoiksi Pihlaja nime\u00e4\u00e4 ennakoivan ohjaamisen, suunnitelmallisuuden, johdonmukaisuuden ja empatian. Lasten yst\u00e4vyyssuhteiden tukeminen ja lapsituntemus vahvistavat my\u00f6nteist\u00e4 kehittymist\u00e4. Sen sijaan rankaiseminen, vihamielinen asenne ja lapselle huutaminen lis\u00e4\u00e4v\u00e4t k\u00e4yt\u00f6songelmia.<\/p>\n<p class=\"aw-1gybjub aw-1p7kakr kEtdKx cEmitX yle__article__paragraph\">Professori ihmettelee p\u00e4iv\u00e4kodin tapauksessa mainittua \u201dvalvomatonta leikki\u00e4\u201d. H\u00e4nen mukaansa p\u00e4iv\u00e4kodissa ei voi olla tilanteita, joissa aikuiset eiv\u00e4t tied\u00e4, miss\u00e4 lapset ovat tai mit\u00e4 he tekev\u00e4t.<\/p>\n<p class=\"aw-1gybjub aw-1p7kakr kEtdKx cEmitX yle__article__paragraph\">\u2013 Lapset tarvitsevat ohjausta my\u00f6s leikkitilanteissa.<\/p>\n<p><strong class=\"aw-1bgq5a3 bSmpIc\">Joensuun varhaiskasvatusjohtaja Irja Sepp\u00e4nen kommentoi v\u00e4kivaltatilanteita joensuulaisessa p\u00e4iv\u00e4kodissa<\/strong><\/p>\n","protected":false},"excerpt":{"rendered":"Kasvatustieteen professorin mukaan p\u00e4iv\u00e4kodeissa ilmenev\u00e4t toistuvat v\u00e4kivalta\u00adtilanteet heijastavat usein laajempaa ongelmaa varhais\u00adkasvatuksen laadussa. Avaa kuvien katselu It\u00e4-Suomen yliopiston&hellip;\n","protected":false},"author":2,"featured_media":147674,"comment_status":"","ping_status":"","sticky":false,"template":"","format":"standard","meta":{"footnotes":"","_share_on_mastodon":"0"},"categories":[12],"tags":[22,23,25111,26,27,33,31,30,17,1133,948,25113,17540,71,99,100,25112,24,25,28,29,15,18,21,9449,1137,725,32,19,20,16,6977],"class_list":["post-147673","post","type-post","status-publish","format-standard","has-post-thumbnail","category-suomi","tag-breaking-news","tag-breakingnews","tag-erityisopettajat","tag-featured-news","tag-featurednews","tag-fi","tag-finland","tag-finnish","tag-headlines","tag-joensuu","tag-kasvatustiede","tag-kasvatustieteen-professorit","tag-kayttaytymishairiot","tag-kotimaa","tag-lapset","tag-lapset-ja-nuoret","tag-lastenhoitajat","tag-latest-news","tag-latestnews","tag-main-news","tag-mainnews","tag-news","tag-otsikot","tag-paauutiset","tag-paivahoito","tag-pohjois-karjala","tag-professorit","tag-suomi","tag-top-stories","tag-topstories","tag-uutiset","tag-varhaiskasvatus"],"share_on_mastodon":{"url":"","error":""},"_links":{"self":[{"href":"https:\/\/www.europesays.com\/fi\/wp-json\/wp\/v2\/posts\/147673","targetHints":{"allow":["GET"]}}],"collection":[{"href":"https:\/\/www.europesays.com\/fi\/wp-json\/wp\/v2\/posts"}],"about":[{"href":"https:\/\/www.europesays.com\/fi\/wp-json\/wp\/v2\/types\/post"}],"author":[{"embeddable":true,"href":"https:\/\/www.europesays.com\/fi\/wp-json\/wp\/v2\/users\/2"}],"replies":[{"embeddable":true,"href":"https:\/\/www.europesays.com\/fi\/wp-json\/wp\/v2\/comments?post=147673"}],"version-history":[{"count":0,"href":"https:\/\/www.europesays.com\/fi\/wp-json\/wp\/v2\/posts\/147673\/revisions"}],"wp:featuredmedia":[{"embeddable":true,"href":"https:\/\/www.europesays.com\/fi\/wp-json\/wp\/v2\/media\/147674"}],"wp:attachment":[{"href":"https:\/\/www.europesays.com\/fi\/wp-json\/wp\/v2\/media?parent=147673"}],"wp:term":[{"taxonomy":"category","embeddable":true,"href":"https:\/\/www.europesays.com\/fi\/wp-json\/wp\/v2\/categories?post=147673"},{"taxonomy":"post_tag","embeddable":true,"href":"https:\/\/www.europesays.com\/fi\/wp-json\/wp\/v2\/tags?post=147673"}],"curies":[{"name":"wp","href":"https:\/\/api.w.org\/{rel}","templated":true}]}}