{"id":147677,"date":"2026-01-20T20:49:11","date_gmt":"2026-01-20T20:49:11","guid":{"rendered":"https:\/\/www.europesays.com\/fi\/147677\/"},"modified":"2026-01-20T20:49:11","modified_gmt":"2026-01-20T20:49:11","slug":"vallan-kaantopuoli-nayttelija-philip-seymour-hoffmanin-viimeiset-paivat-ennen-traagista-kuolemaansa","status":"publish","type":"post","link":"https:\/\/www.europesays.com\/fi\/147677\/","title":{"rendered":"Vallan k\u00e4\u00e4nt\u00f6puoli -n\u00e4yttelij\u00e4 Philip Seymour Hoffmanin viimeiset p\u00e4iv\u00e4t ennen traagista kuolemaansa."},"content":{"rendered":"<p>\n            epa04052763 (FILE) A file picture dated 19 October 2011 shows US actor Philip Seymour Hoffman at the premiere of &#8217;The Ides of March&#8217; during the 55th BFI London Film Festival, at Leicester Square, in London, Britain. According to reports on 02 February 2014, Philip Seymour Hoffman was found dead in his apartment in Manhattan, New York, USA. The cause of death has not been determined yet. He was 46.  EPA\/ANDY RAIN<br \/>\n            Andy Rain\/All Over Press\n        <\/p>\n<p class=\"subtitle \">Yst\u00e4v\u00e4 l\u00f6ysi Philip Seymour Hoffmanin kuolleena kylpyhuoneesta.<\/p>\n<p class=\"article-content article-content-width !bg-background\">Kutosen tiistai-illan 20. tammikuuta elokuva Vallan k\u00e4\u00e4nt\u00f6puoli on  k\u00e4sikirjoittama, ohjaama ja n\u00e4yttelem\u00e4 poliittinen draamaelokuva vuodelta 2011.<\/p>\n<p class=\"font-weight-bold m-font-weight-bold article-content article-content-width !bg-background\">Videolla Hildur-tekij\u00e4t paljastavat taidon, jonka haluaisivat oppia.\u00a0<\/p>\n<p class=\"article-content article-content-width !bg-background\">George n\u00e4yttelee demokraattien presidenttiehdokasta Mike Morrisia, ja k\u00e4sikirjoitukseen n\u00e4yttelij\u00e4 on saanut inspiraation tosiel\u00e4m\u00e4n poliittisesta el\u00e4m\u00e4st\u00e4 ja henkil\u00f6ist\u00e4.<\/p>\n<p>        <a itemprop=\"url\" href=\"https:\/\/www.seiska.fi\/katso\/blues-brothers-tahti-john-belushi-loytyi-kuolleena-hotellihuoneesta\/1636008\" rel=\"nofollow noopener\" target=\"_blank\"><\/p>\n<p>\nBlues Brothers\n<\/p>\n<p class=\"section-date\">\n        <strong class=\"article-section\" data-section=\"katso\"><br \/>\n            katso<br \/>\n        <\/strong><br \/>\n        7.3.2025 16:15\n    <\/p>\n<p>Kulttielokuvan -t\u00e4hti John Belushi l\u00f6ytyi kuolleena hotellihuoneesta\n    <\/p>\n<p itemprop=\"description\" class=\"subtitle \">\n    SNL-n\u00e4yttelij\u00e4 tienasi Blues Brothersista tuplasti kollegaansa enemm\u00e4n.\n<\/p>\n<p>        <\/a><\/p>\n<p class=\"article-content article-content-width !bg-background\">Tarina kertoo kunnianhimosta, lojaalisuudesta, petoksesta ja kostosta. Morrisin vaalikampanjan lehdist\u00f6sihteeri ajautuu skandaaliin, joka uhkaa ehdokkaan voittomahdollisuudet.<\/p>\n<p>                <img decoding=\"async\" src=\"https:\/\/www.europesays.com\/fi\/wp-content\/uploads\/2026\/01\/2051742.webp.jpeg\" width=\"576\" height=\"322\" alt=\"Philip ehti tehd\u00e4 viel\u00e4 kuusi elokuvaa Vallan k\u00e4\u00e4nt\u00f6piirin j\u00e4lkeen.\" loading=\"lazy\" \/>            <\/p>\n<p>\n            Philip ehti tehd\u00e4 viel\u00e4 kuusi elokuvaa Vallan k\u00e4\u00e4nt\u00f6piirin j\u00e4lkeen.<br \/>\n            All Over Press\n        <\/p>\n<p class=\"article-content article-content-width !bg-background\">Mike Morrisin lehdist\u00f6sihteeri\u00e4 n\u00e4yttelee\u00a0 ja kampanjap\u00e4\u00e4llikk\u00f6\u00e4\u00a0 .<\/p>\n<p class=\"article-content article-content-width !bg-background\">Elokuva sai ensi-illan kolme vuotta ennen Philipin traagista kuolemaa.<\/p>\n<p>Vieroitushoidosta baariin<\/p>\n<p class=\"article-content article-content-width !bg-background\">Philip oli tuttu n\u00e4ky Manhattanilla West Villagessa kotikulmillaan. H\u00e4n eli kuin kuka tahansa tekem\u00e4tt\u00e4 numeroa t\u00e4hteydest\u00e4\u00e4n.<\/p>\n<p class=\"article-content article-content-width !bg-background\">N\u00e4yttelij\u00e4n huumeongelmat olivat yleisess\u00e4 tiedossa. Ennen kuolemaansa h\u00e4n haki apua heroiiniriippuvuuteensa vieroitushoidosta, jota kesti kymmenen p\u00e4iv\u00e4\u00e4.<\/p>\n<p>                <img decoding=\"async\" src=\"https:\/\/www.europesays.com\/fi\/wp-content\/uploads\/2026\/01\/2051751.webp.jpeg\" width=\"576\" height=\"720\" alt=\"Philip n\u00e4htiin useita kertoja viimeisen\u00e4 elinp\u00e4iv\u00e4n\u00e4\u00e4n New Yorkin kaduilla.\" loading=\"lazy\" \/>            <\/p>\n<p>\n            Philip n\u00e4htiin useita kertoja viimeisen\u00e4 elinp\u00e4iv\u00e4n\u00e4\u00e4n New Yorkin kaduilla.<br \/>\n            All Over Press\n        <\/p>\n<p class=\"article-content article-content-width !bg-background\">Palattuaan kotiin h\u00e4n piipahti l\u00e4hipubissaan juomassa puolikkaan oluen.<\/p>\n<p class=\"article-content article-content-width !bg-background\">\u2013\tPhil, olut maksaa kolme dollaria. Etk\u00f6 voi tuhlata kokonaiseen, <a href=\"https:\/\/people.com\/movies\/philip-seymour-hoffman-very-dark-last-days\/\" target=\"_blank\" rel=\"nofollow noopener\">People kertoo baarimikon vitsailleen julkkisasiakkaalleen<\/a>.<\/p>\n<p class=\"article-content article-content-width !bg-background\">\u2013\tSitten tajusimme, ett\u00e4 h\u00e4n yritti olla juomatta tilaamalla vain puolikkaan oluen. Valitettavasti siit\u00e4 ei ollut hy\u00f6ty\u00e4. H\u00e4n ei pystynyt taistelemaan demonia vastaan, baarista kerrottiin.<\/p>\n<p>&#8221;Oli hyv\u00e4ll\u00e4 tuulella ja iloinen&#8221;<\/p>\n<p class=\"article-content article-content-width !bg-background\">Oscar-palkittu n\u00e4yttelij\u00e4 menehtyi sunnuntaina 2. helmikuuta 2014.<\/p>\n<p>        <a itemprop=\"url\" href=\"https:\/\/www.seiska.fi\/katso\/brittitahti-menetti-perheenjasenet-kammottavalle-sairaudelle\/1643632\" rel=\"nofollow noopener\" target=\"_blank\"><\/p>\n<p>\nBrittit\u00e4hti Lesley Manville\n<\/p>\n<p class=\"section-date\">\n        <strong class=\"article-section\" data-section=\"katso\"><br \/>\n            katso<br \/>\n        <\/strong><br \/>\n        15.3.2025 08:15\n    <\/p>\n<p>Brittit\u00e4hti menetti perheenj\u00e4senet kammottavalle sairaudelle\n    <\/p>\n<p itemprop=\"description\" class=\"subtitle \">\n    Lesley Manville t\u00e4hditt\u00e4\u00e4 uutta Ylen sarjaa.\n<\/p>\n<p>        <\/a><\/p>\n<p class=\"article-content article-content-width !bg-background\">Edellisen\u00e4 aamuna h\u00e4n oli k\u00e4ynyt Chocolate Bar -kahvilassa tekem\u00e4ss\u00e4 vakiotilauksensa erikoisespresson. H\u00e4n oli yksin liikkeell\u00e4, mutta rupatteli henkil\u00f6kunnan kanssa.<\/p>\n<p class=\"article-content article-content-width !bg-background\">\u2013\tH\u00e4n n\u00e4ytti t\u00e4ysin hyv\u00e4kuntoiselta. H\u00e4n oli hyv\u00e4ll\u00e4 tuulella ja eritt\u00e4in iloinen, <a href=\"https:\/\/edition.cnn.com\/2014\/02\/04\/showbiz\/philip-seymour-hoffman-final-hours\" target=\"_blank\" rel=\"nofollow noopener\">kahvilap\u00e4\u00e4llikk\u00f6 kuvaili CNN:lle<\/a>.<\/p>\n<p class=\"article-content article-content-width !bg-background\">Yhden j\u00e4lkeen iltap\u00e4iv\u00e4ll\u00e4 Philip k\u00e4vi puhelinkeskustelun avustajansa kanssa. My\u00f6sk\u00e4\u00e4n h\u00e4n ei huomannut mit\u00e4\u00e4n tavallisesta poikkeavaa ty\u00f6nantajassaan.<\/p>\n<p>                <img decoding=\"async\" src=\"https:\/\/www.europesays.com\/fi\/wp-content\/uploads\/2026\/01\/2051734.webp.jpeg\" width=\"576\" height=\"720\" alt=\"Philip ja Mimi Vallan k\u00e4\u00e4nt\u00f6puoli -elokuvan ensi-iltajuhlissa 2011.\" loading=\"lazy\" \/>            <\/p>\n<p>\n            Philip ja Mimi Vallan k\u00e4\u00e4nt\u00f6puoli -elokuvan ensi-iltajuhlissa 2011.<br \/>\n            All Over Press\n        <\/p>\n<p class=\"article-content article-content-width !bg-background\">Pian puhelun j\u00e4lkeen n\u00e4yttelij\u00e4n ex-kumppani ja lasten \u00e4iti   n\u00e4ki Philipin kadulla t\u00e4m\u00e4n asunnon liepeill\u00e4. Viranomaisille h\u00e4n kertoi miehen vaikuttaneen p\u00e4ihtyneelt\u00e4.<\/p>\n<p>Ex-puoliso soitti apua<\/p>\n<p class=\"article-content article-content-width !bg-background\">Sunnuntaiaamuna Philip ei sovitusti noutanut kolmea lastaan Mimin kotoa. Huolestuneena nainen soitti miehen yst\u00e4v\u00e4lle, k\u00e4sikirjoittaja  ja pyysi t\u00e4t\u00e4 piipahtamaan Philipin asunnolla.<\/p>\n<p class=\"article-content article-content-width !bg-background\">My\u00f6hemmin aamup\u00e4iv\u00e4ll\u00e4 David saapui toisen henkil\u00f6n kanssa Philipille. Vastassa heit\u00e4 odotti j\u00e4rkytt\u00e4v\u00e4 n\u00e4ky: Philip makasi alusvaatteisillaan kylpyhuoneen lattialla ruisku vasemmassa k\u00e4sivarressaan. H\u00e4n oli kuollut.\u00a0<\/p>\n<p class=\"article-content article-content-width !bg-background\">Poliisi l\u00f6ysi asunnosta\u00a0heroiinia, k\u00e4ytettyj\u00e4 ruiskuja ja reseptil\u00e4\u00e4kkeit\u00e4.<\/p>\n<p class=\"article-content article-content-width !bg-background\">Philipin kuolinsyyksi selvisi heroiinin, kokaiinin, amfetamiinin ja bentsodiatsepiinien yliannostus.\u00a0<\/p>\n<p class=\"article-content article-content-width !bg-background\">N\u00e4yttelij\u00e4 oli kuollessaan 46-vuotias. H\u00e4nen viimeist\u00e4 lepopaikkaansa ei ole kerrottu julkisuuteen.<\/p>\n<p class=\"italic m-italic article-content article-content-width !bg-background\">Vallan k\u00e4\u00e4nt\u00f6puoli n\u00e4hd\u00e4\u00e4n Kutosella tiistaina 20. tammikuuta klo 21.00 ja torstaina 22. tammikuuta klo 23.45.<\/p>\n<p>        <a itemprop=\"url\" href=\"https:\/\/www.seiska.fi\/katso\/10-vuotiaalla-pojalla-huumeita-koulussa-opettajat-eivat-uskalla-puuttua\/1894208\" rel=\"nofollow noopener\" target=\"_blank\"><\/p>\n<p>\nOpettajatkin pelk\u00e4\u00e4v\u00e4t\n<\/p>\n<p class=\"section-date\">\n        <strong class=\"article-section\" data-section=\"katso\"><br \/>\n            katso<br \/>\n        <\/strong><br \/>\n        11.8.2025 07:15\n    <\/p>\n<p>10-vuotiaalla pojalla huumeita koulussa \u2013 opettajat eiv\u00e4t uskalla puuttua\n    <\/p>\n<p itemprop=\"description\" class=\"subtitle \">\n    Ruotsalaiskoulujen tilanne j\u00e4rkytt\u00e4\u00e4.\n<\/p>\n<p>        <\/a><\/p>\n","protected":false},"excerpt":{"rendered":"epa04052763 (FILE) A file picture dated 19 October 2011 shows US actor Philip Seymour Hoffman at the premiere&hellip;\n","protected":false},"author":2,"featured_media":147678,"comment_status":"","ping_status":"","sticky":false,"template":"","format":"standard","meta":{"footnotes":"","_share_on_mastodon":"0"},"categories":[136],"tags":[407,25119,623,137,33,31,30,1783,8422,25115,408,683,25116,696,25117,25114,697,3265,32,8989,25118,109],"class_list":["post-147677","post","type-post","status-publish","format-standard","has-post-thumbnail","category-julkkikset","tag-celebrities","tag-david-katz","tag-elokuva","tag-entertainment","tag-fi","tag-finland","tag-finnish","tag-george-clooney","tag-heroiini","tag-huumeongelmat","tag-julkkikset","tag-kuolema","tag-mimi-odonnell","tag-paihderiippuvuus","tag-philip-seymour-hoffman","tag-poliittinen-draama","tag-riippuvuus","tag-ryan-gosling","tag-suomi","tag-tragedia","tag-vallan-kaantopuoli","tag-viihde"],"share_on_mastodon":{"url":"https:\/\/pubeurope.com\/@fi\/115929400180516428","error":""},"_links":{"self":[{"href":"https:\/\/www.europesays.com\/fi\/wp-json\/wp\/v2\/posts\/147677","targetHints":{"allow":["GET"]}}],"collection":[{"href":"https:\/\/www.europesays.com\/fi\/wp-json\/wp\/v2\/posts"}],"about":[{"href":"https:\/\/www.europesays.com\/fi\/wp-json\/wp\/v2\/types\/post"}],"author":[{"embeddable":true,"href":"https:\/\/www.europesays.com\/fi\/wp-json\/wp\/v2\/users\/2"}],"replies":[{"embeddable":true,"href":"https:\/\/www.europesays.com\/fi\/wp-json\/wp\/v2\/comments?post=147677"}],"version-history":[{"count":0,"href":"https:\/\/www.europesays.com\/fi\/wp-json\/wp\/v2\/posts\/147677\/revisions"}],"wp:featuredmedia":[{"embeddable":true,"href":"https:\/\/www.europesays.com\/fi\/wp-json\/wp\/v2\/media\/147678"}],"wp:attachment":[{"href":"https:\/\/www.europesays.com\/fi\/wp-json\/wp\/v2\/media?parent=147677"}],"wp:term":[{"taxonomy":"category","embeddable":true,"href":"https:\/\/www.europesays.com\/fi\/wp-json\/wp\/v2\/categories?post=147677"},{"taxonomy":"post_tag","embeddable":true,"href":"https:\/\/www.europesays.com\/fi\/wp-json\/wp\/v2\/tags?post=147677"}],"curies":[{"name":"wp","href":"https:\/\/api.w.org\/{rel}","templated":true}]}}