{"id":148017,"date":"2026-01-21T06:47:13","date_gmt":"2026-01-21T06:47:13","guid":{"rendered":"https:\/\/www.europesays.com\/fi\/148017\/"},"modified":"2026-01-21T06:47:13","modified_gmt":"2026-01-21T06:47:13","slug":"sara-chafak-avaa-sanaisen-arkkunsa-ikavista-huhuista-nyt-kuulet-itse-lahteelta","status":"publish","type":"post","link":"https:\/\/www.europesays.com\/fi\/148017\/","title":{"rendered":"Sara Chafak avaa sanaisen arkkunsa ik\u00e4vist\u00e4 huhuista: &#8221;Nyt kuulet itse l\u00e4hteelt\u00e4&#8221;"},"content":{"rendered":"<p>            Timo Korhonen\n        <\/p>\n<p class=\"subtitle \">Sara Chafak ja realityrakas Jeffrey Lawmannin suhteesta on riitt\u00e4nyt puheita.<\/p>\n<p class=\"article-content article-content-width !bg-background\"> p\u00e4\u00e4h\u00e4n ly\u00f6tiin kruunu Miss Suomi -tittelin merkiksi armon vuonna 2012.<\/p>\n<p class=\"article-content article-content-width !bg-background\">35-vuotias somevaikuttaja ja kokki ilmestyi yksin Kalevala: Kullervon tarina -suurelokuvan kutsuvierasensi-iltaan.<\/p>\n<p class=\"article-content article-content-width !bg-background\">Siin\u00e4 miss\u00e4  mainitsi Seiskalle omaksi Kalevalan suosikkihahmokseen itsens\u00e4, oli Sara miettiv\u00e4isempi.<\/p>\n<p>        <a itemprop=\"url\" href=\"https:\/\/www.seiska.fi\/kotimaa\/sara-chafak-paljastus-aitiydesta-ja-jeffrey-rakkaasta\/1887936\" rel=\"nofollow noopener\" target=\"_blank\"><\/p>\n<p>\nSara Chafak\n<\/p>\n<p class=\"section-date\">\n        <strong class=\"article-section\" data-section=\"kotimaa\"><br \/>\n            kotimaa<br \/>\n        <\/strong><br \/>\n        2.8.2025 18:00\n    <\/p>\n<p>Sara Chafak: Paljastus \u00e4itiydest\u00e4 ja Jeffrey-rakkaasta\n    <\/p>\n<p itemprop=\"description\" class=\"subtitle \">\n    Sara kokee, ett\u00e4 on v\u00e4h\u00e4ttelev\u00e4\u00e4 puhua misseist\u00e4 ex-missein\u00e4.\n<\/p>\n<p>        <\/a><\/p>\n<p class=\"article-content article-content-width !bg-background\">\u2013 Hmm, siit\u00e4 onkin tovi, kun olen viimeksi lukenut Kalevalaa.<\/p>\n<p class=\"article-content article-content-width !bg-background\">\u2013 Sanoisin, ett\u00e4 Ahti on lempihahmoni, sill\u00e4 olen meren yst\u00e4v\u00e4, Sara paaluttaa Seiskalle.<\/p>\n<p>                <img decoding=\"async\" src=\"https:\/\/www.europesays.com\/fi\/wp-content\/uploads\/2026\/01\/2046790.webp.jpeg\" width=\"576\" height=\"720\" alt=\"Sara Chafak edusti kokomustassa Kullervo-elokuvan kutsuvierasensi-illassa.\" loading=\"lazy\" \/>            <\/p>\n<p>\n            Sara Chafak edusti kokomustassa Kullervo-elokuvan kutsuvierasensi-illassa.<br \/>\n            Timo Korhonen\n        <\/p>\n<p>Ravintoloitsija<\/p>\n<p class=\"article-content article-content-width !bg-background\">Kuten mainittua, on Sara koulutukseltaan kokki.<\/p>\n<p class=\"article-content article-content-width !bg-background\">H\u00e4n avasikin taannoin toisen osakkaan kanssa Esplanadin puiston laidalle ravintola Biblosin, joka tarjoilee Pohjois-Afrikan ja L\u00e4hi-id\u00e4n makuja.<\/p>\n<p>\n            Ne on vinkkej\u00e4 ja huhuja, mutta nyt kuulet itse l\u00e4hteelt\u00e4.\n            <\/p>\n<p class=\"article-content article-content-width !bg-background\">\u2013 Tosin hyvin on l\u00e4htenyt liikkeelle, olemme tehneet jo asiakasmyyntienn\u00e4tyksi\u00e4 viiden viikon aikana.<\/p>\n<p class=\"article-content article-content-width !bg-background\">Sara ei ep\u00e4r\u00f6i tarttua tiskiharjaan ja tehd\u00e4 muutoinkin ravintolassa oikeita t\u00f6it\u00e4 pelk\u00e4n mainoskasvona olemisen sijaan.<\/p>\n<p class=\"article-content article-content-width !bg-background\">\u2013 Se ravintola on minun pikku vauva!<\/p>\n<p>                <img decoding=\"async\" src=\"https:\/\/www.europesays.com\/fi\/wp-content\/uploads\/2026\/01\/2046792.webp.jpeg\" width=\"576\" height=\"639\" alt=\"Sara on nyky\u00e4\u00e4n osakas Biblos-nimisess\u00e4 ravintolassa.\" loading=\"lazy\" \/>            <\/p>\n<p>\n            Sara on nyky\u00e4\u00e4n osakas Biblos-nimisess\u00e4 ravintolassa.<br \/>\n            Miikka Kaskinen\n        <\/p>\n<p>Huhuja mahdollisesta erosta<\/p>\n<p class=\"article-content article-content-width !bg-background\">Sara on ollut jo useamman vuoden yhdess\u00e4 Love Island -ohjelmasta aikanaan julkisuuteen tulleen  kanssa.<\/p>\n<p class=\"article-content article-content-width !bg-background\">Aika ajoin pariskunnan suhteen nykytila on puhuttanut.<\/p>\n<p class=\"article-content article-content-width !bg-background\">N\u00e4in k\u00e4vi j\u00e4lleen hetki sitten, kun Seiskan piintarkat lukijat huomasivat, etteiv\u00e4t Sara ja \u201dJeff\u201d en\u00e4\u00e4 seuraa toisiaan Instagramissa: varma merkki siis siit\u00e4, ett\u00e4 jotain on vialla \u2013 ehk\u00e4.<\/p>\n<p>\n            En voi siet\u00e4\u00e4 ulkoj\u00e4it\u00e4, rakastan halleja, koska siell\u00e4 on ihana valo, l\u00e4mmint\u00e4 ja kaikkea.\n            <\/p>\n<p class=\"article-content article-content-width !bg-background\">\u2013 Min\u00e4 en halua siit\u00e4 kommentoida, Sara huokaa.<\/p>\n<p class=\"article-content article-content-width !bg-background\">Sekuntia my\u00f6hemmin h\u00e4n jatkaa.<\/p>\n<p class=\"article-content article-content-width !bg-background\">\u2013 Ei me olla erottu.<\/p>\n<p class=\"article-content article-content-width !bg-background\">\u2013 Ne on vinkkej\u00e4 ja huhuja, mutta nyt kuulet itse l\u00e4hteelt\u00e4, Sara kikattelee.<\/p>\n<p>                <img decoding=\"async\" src=\"https:\/\/www.europesays.com\/fi\/wp-content\/uploads\/2026\/01\/2046807.webp.jpeg\" width=\"576\" height=\"740\" alt=\"Jeffrey Lawman tuli aikanaan julkisuuteen Love Island -ohjelmasta.\" loading=\"lazy\" \/>            <\/p>\n<p>\n            Jeffrey Lawman tuli aikanaan julkisuuteen Love Island -ohjelmasta.<br \/>\n            MTV\n        <\/p>\n<p>&#8221;En voi siet\u00e4\u00e4 ulkoj\u00e4it\u00e4&#8221;<\/p>\n<p class=\"article-content article-content-width !bg-background\">Yhdysvaltalainen maailmankirjallisuuden suurmestari  totesi aikanaan, ett\u00e4 \u201dhuhut kuolemastani ovat vahvasti liioiteltuja\u201d.<\/p>\n<p class=\"article-content article-content-width !bg-background\">Aika lailla sama p\u00e4tee Saraan, joskin kuoleman voi korvata erolla.<\/p>\n<p class=\"article-content article-content-width !bg-background\">Jeffrey on ex-j\u00e4\u00e4kiekkoilija, joka on pelannut muun muassa Suomi-sarjassa sek\u00e4 esiintynyt Ranskan kolmanneksi ylimm\u00e4ll\u00e4 sarjatasolla nelj\u00e4n ottelun verran.<\/p>\n<p>        <a itemprop=\"url\" href=\"https:\/\/www.seiska.fi\/kotimaa\/missikohussa-jarkyttava-kaanne-nyt-itkee-vaara-missi\/2027394\" rel=\"nofollow noopener\" target=\"_blank\"><\/p>\n<p>\nJ\u00e4rkytt\u00e4v\u00e4 k\u00e4\u00e4nne\n<\/p>\n<p class=\"section-date\">\n        <strong class=\"article-section\" data-section=\"kotimaa\"><br \/>\n            kotimaa<br \/>\n        <\/strong><br \/>\n        19.12.2025 17:58\n    <\/p>\n<p>Missikohussa j\u00e4rkytt\u00e4v\u00e4 k\u00e4\u00e4nne: Nyt itkee v\u00e4\u00e4r\u00e4 missi\n    <\/p>\n<p itemprop=\"description\" class=\"subtitle \">\n    Miss Suomi -kohu ei ota laantuakseen ja nyt lokaa lent\u00e4\u00e4 jo syytt\u00f6mi\u00e4 niskaan.\n<\/p>\n<p>        <\/a><\/p>\n<p class=\"article-content article-content-width !bg-background\">Ulkoj\u00e4ill\u00e4 ei kaksikko ole k\u00e4ynyt.<\/p>\n<p class=\"article-content article-content-width !bg-background\">\u2013 En voi siet\u00e4\u00e4 ulkoj\u00e4it\u00e4, rakastan halleja, koska siell\u00e4 on ihana valo, l\u00e4mmint\u00e4 ja kaikkea.<\/p>\n<p>                <img decoding=\"async\" src=\"https:\/\/www.europesays.com\/fi\/wp-content\/uploads\/2026\/01\/1302098.webp.jpeg\" width=\"576\" height=\"720\" alt=\"Jeffrey Lawman el\u00e4\u00e4 somen mukaan melkoista luksusel\u00e4m\u00e4\u00e4. Viime syksyn\u00e4 h\u00e4net kuitenkin tuomittiin petoksesta. Entinen Suomi-sarjan kiekkoilija oli punninnut salaattinsa per\u00e4ti 33 eri otteeseen, niin ett\u00e4 oli punninut salaatit ja lis\u00e4nnyt sen j\u00e4lkeen viel\u00e4 taravaa astiaansa.\" loading=\"lazy\" \/>            <\/p>\n<p>\n            Jeffrey Lawman el\u00e4\u00e4 somen mukaan melkoista luksusel\u00e4m\u00e4\u00e4. Viime syksyn\u00e4 h\u00e4net kuitenkin tuomittiin petoksesta. Entinen Suomi-sarjan kiekkoilija oli punninnut salaattinsa per\u00e4ti 33 eri otteeseen, niin ett\u00e4 oli punninut salaatit ja lis\u00e4nnyt sen j\u00e4lkeen viel\u00e4 taravaa astiaansa.<br \/>\n            Atte Kajova\n        <\/p>\n<p>Jeffrey petosteli salaattibaarissa<\/p>\n<p class=\"article-content article-content-width !bg-background\">Viime lokakuussa Seiska kertoi miehen saaneen It\u00e4-Uudenmaan k\u00e4r\u00e4j\u00e4oikeudessa tuomion liittyen rikolliseen toimintaan ruokakaupan salaattibaarissa.<\/p>\n<p class=\"article-content article-content-width !bg-background\">Laitilan Jyskeen kasvatti oli nimitt\u00e4in punninnut salaattinsa ja lis\u00e4nnyt sen j\u00e4lkeen annokseen viel\u00e4 salaattia. Joissain tapauksissa Jeffrey oli punninnut salaatin viel\u00e4 lis\u00e4yksen j\u00e4lkeen, mutta k\u00e4ytt\u00e4nyt kuitenkin itsepalvelukassalla aiempaa viivakoodia.<\/p>\n<p>        <a itemprop=\"url\" href=\"https:\/\/www.seiska.fi\/vain-seiskassa\/jeffrey-lawmanin-kiekkopuheet-hammentavat-nyt-puhuu-liigaseura\/1854190\" rel=\"nofollow noopener\" target=\"_blank\"><\/p>\n<p>\nTosi-tv-t\u00e4hti Jeffrey Lawman\n<\/p>\n<p class=\"section-date\">\n        <strong class=\"article-section\" data-section=\"vain seiskassa\"><br \/>\n            vain seiskassa<br \/>\n        <\/strong><br \/>\n        4.7.2025 05:30\n    <\/p>\n<p>Jeffrey Lawmanin kiekkopuheet h\u00e4mment\u00e4v\u00e4t \u2013 nyt puhuu liigaseura\n    <\/p>\n<p itemprop=\"description\" class=\"subtitle \">\n    Jeffrey Lawmanin puheet l\u00e4tk\u00e4taustastaan erovat Rauman Lukon n\u00e4kemyksest\u00e4 melkoisesti.\n<\/p>\n<p>        <\/a><\/p>\n<p class=\"article-content article-content-width !bg-background\">Kyseisi\u00e4 tekoja oli somessa luksusel\u00e4m\u00e4\u00e4ns\u00e4 mainostava Jeffrey tehnyt per\u00e4ti 33 kertaa.<\/p>\n<p class=\"article-content article-content-width !bg-background\">Jeffrey tuomittiin sakkorangaistukseen petoksesta.<\/p>\n","protected":false},"excerpt":{"rendered":"Timo Korhonen Sara Chafak ja realityrakas Jeffrey Lawmannin suhteesta on riitt\u00e4nyt puheita. p\u00e4\u00e4h\u00e4n ly\u00f6tiin kruunu Miss Suomi -tittelin&hellip;\n","protected":false},"author":2,"featured_media":148018,"comment_status":"","ping_status":"","sticky":false,"template":"","format":"standard","meta":{"footnotes":"","_share_on_mastodon":"0"},"categories":[136],"tags":[407,137,33,31,30,2960,408,212,1317,3458,25164,2961,32,109],"class_list":["post-148017","post","type-post","status-publish","format-standard","has-post-thumbnail","category-julkkikset","tag-celebrities","tag-entertainment","tag-fi","tag-finland","tag-finnish","tag-jeffrey-lawman","tag-julkkikset","tag-lifestyle","tag-love-island","tag-miss-suomi","tag-ravintola-biblos","tag-sara-chafak","tag-suomi","tag-viihde"],"share_on_mastodon":{"url":"https:\/\/pubeurope.com\/@fi\/115931751876236311","error":""},"_links":{"self":[{"href":"https:\/\/www.europesays.com\/fi\/wp-json\/wp\/v2\/posts\/148017","targetHints":{"allow":["GET"]}}],"collection":[{"href":"https:\/\/www.europesays.com\/fi\/wp-json\/wp\/v2\/posts"}],"about":[{"href":"https:\/\/www.europesays.com\/fi\/wp-json\/wp\/v2\/types\/post"}],"author":[{"embeddable":true,"href":"https:\/\/www.europesays.com\/fi\/wp-json\/wp\/v2\/users\/2"}],"replies":[{"embeddable":true,"href":"https:\/\/www.europesays.com\/fi\/wp-json\/wp\/v2\/comments?post=148017"}],"version-history":[{"count":0,"href":"https:\/\/www.europesays.com\/fi\/wp-json\/wp\/v2\/posts\/148017\/revisions"}],"wp:featuredmedia":[{"embeddable":true,"href":"https:\/\/www.europesays.com\/fi\/wp-json\/wp\/v2\/media\/148018"}],"wp:attachment":[{"href":"https:\/\/www.europesays.com\/fi\/wp-json\/wp\/v2\/media?parent=148017"}],"wp:term":[{"taxonomy":"category","embeddable":true,"href":"https:\/\/www.europesays.com\/fi\/wp-json\/wp\/v2\/categories?post=148017"},{"taxonomy":"post_tag","embeddable":true,"href":"https:\/\/www.europesays.com\/fi\/wp-json\/wp\/v2\/tags?post=148017"}],"curies":[{"name":"wp","href":"https:\/\/api.w.org\/{rel}","templated":true}]}}