{"id":148061,"date":"2026-01-21T07:47:07","date_gmt":"2026-01-21T07:47:07","guid":{"rendered":"https:\/\/www.europesays.com\/fi\/148061\/"},"modified":"2026-01-21T07:47:07","modified_gmt":"2026-01-21T07:47:07","slug":"antti-paalasen-umk-kappale-jakaa-mielipiteita-erikoinen","status":"publish","type":"post","link":"https:\/\/www.europesays.com\/fi\/148061\/","title":{"rendered":"Antti Paalasen UMK-kappale jakaa mielipiteit\u00e4: &#8221;Erikoinen&#8221;"},"content":{"rendered":"<p>Viime y\u00f6n\u00e4 julkaistiin kolmanneksi viimeinen UMK 2026 -kappale, kun pelimanni<strong> Antti Paalasen <\/strong>Takatukka-kappale n\u00e4ki p\u00e4iv\u00e4nvalon.<\/p>\n<p>Tiedotteen mukaan Paalasen kappaleen sanoma on selv\u00e4. Tuomalla iloa ja rakkautta maailmaan, se tarttuu my\u00f6s muihin. <\/p>\n<p>\u2013 Se laulun sanoma jollain tavalla l\u00f6ysi oman nuoruuteni ja sis\u00e4isen lapseni. Olin nuorena kova tukkahevifani ja otin ensimm\u00e4isen permanentin takatukkaani jo 12-vuotiaana. Tekstiss\u00e4 on tosi paljon syvyytt\u00e4, se laittaa sielun pulputtamaan, Paalanen sanoo tiedotteessa.<\/p>\n<p>Lue my\u00f6s: <a href=\"https:\/\/www.voice.fi\/musiikki\/kylman-vareet-ensimmaisesta-sekunnista-sinikka-monten-umk-kappale-yhdistaa-englannin-ja-suomen-kielen\" title=\"\u201dKylm\u00e4n v\u00e4reet ensimm\u00e4isest\u00e4 sekunnista\u201d \u2013 Sinikka Monten UMK-kappale yhdist\u00e4\u00e4 englannin ja suomen kielen\" class=\"underline-custom !font-montserrat !font-bold !underline-offset-4 !decoration-4 !decoration-tilt-light !text-md\" rel=\"nofollow noopener\" target=\"_blank\">\u201dKylm\u00e4n v\u00e4reet ensimm\u00e4isest\u00e4 sekunnista\u201d \u2013 Sinikka Monten UMK-kappale yhdist\u00e4\u00e4 englannin ja suomen kielen<\/a><\/p>\n<p>Kokkolassa asuva, Alavudelta kotoisin oleva Paalanen aloitti haitarinsoiton jo 8-vuotiaana. Paalasta kiehtoo ajatus siit\u00e4, ett\u00e4 sek\u00e4 etel\u00e4pohjalainen pelimanniperinne ett\u00e4 Mongoliasta juontuva kurkkulaulun traditio voivat istua luontevasti pop- ja rockmusiikin viitekehykseen.\u00a0<\/p>\n<p>Paalanen toivookin, ett\u00e4 UMK:n my\u00f6t\u00e4 yh\u00e4 useampi suomalainen l\u00f6yt\u00e4isi h\u00e4nen musiikkinsa ja energiansa. <\/p>\n<p>\u2013 Kyll\u00e4 m\u00e4 toivon ja uskon, ett\u00e4 UMK:n kautta hanurin ja kurkkulaulun ilosanoma levi\u00e4\u00e4 Pohjanmaalta Australian lakeuksille saakka.<\/p>\n<p>Lue my\u00f6s: <a href=\"https:\/\/www.voice.fi\/musiikki\/tama-teki-minut-iloiseksi-komiat-yhtyeen-umk-kappaleelle-positiivinen-vastaanotto\" title=\"\u201dT\u00e4m\u00e4 teki minut iloiseksi\u201d \u2013 Komiat-yhtyeen UMK-kappaleelle positiivinen vastaanotto\" class=\"underline-custom !font-montserrat !font-bold !underline-offset-4 !decoration-4 !decoration-tilt-light !text-md\" rel=\"nofollow noopener\" target=\"_blank\">\u201dT\u00e4m\u00e4 teki minut iloiseksi\u201d \u2013 Komiat-yhtyeen UMK-kappaleelle positiivinen vastaanotto<\/a><\/p>\n<p>Sosiaalisessa mediassa Takatukka-kappale on otettu vastaan ristiriitaisesti. Toisten mielest\u00e4 se on kerrassaan upea, toiset taas eiv\u00e4t ole yht\u00e4 vakuuttuneita.<\/p>\n<p>\u201dKurkkulaulua? Rakastan t\u00e4t\u00e4.\u201d<\/p>\n<p>\u201dEritt\u00e4in uniikki kappale.\u201d<\/p>\n<p>\u201dEn oikein tied\u00e4 mit\u00e4 ajatella. Ainakin t\u00e4m\u00e4 on erilainen.\u201d<\/p>\n<p>\u201dT\u00e4m\u00e4 oli erikoinen\u201d<\/p>\n<p>\u201dOdotukset olivat kovat. Ainakaan ensimm\u00e4isell\u00e4 kuuntelukerralla ei niit\u00e4 lunastettu\u201d<\/p>\n<p>\u201dL\u00f6ys\u00e4\u00e4. Odotin nopeampaa reivi\u00e4.\u201d<\/p>\n<p>Kappaleen voit kuunnella alta. <\/p>\n<p><img loading=\"lazy\" decoding=\"async\" alt=\"YouTube video\" width=\"480\" height=\"360\" data-pin-nopin=\"true\" nopin=\"nopin\" class=\"perfmatters-lazy\" src=\"https:\/\/www.europesays.com\/fi\/wp-content\/uploads\/2026\/01\/1768981627_838_hqdefault.jpg\"\/><\/p>\n<p>Uuden Musiikin Kilpailun voittaja valitaan 28. helmikuuta 2026 Tampereen Nokia Arenan UMK26-show\u2019ssa. Voittaja selvi\u00e4\u00e4 laskemalla yleis\u00f6\u00e4\u00e4net ja kansainv\u00e4lisen raadin antamat pisteet yhteen: katsojien \u00e4\u00e4nten painoarvo on 75 % ja kansainv\u00e4lisen raadin 25 %.<\/p>\n","protected":false},"excerpt":{"rendered":"Viime y\u00f6n\u00e4 julkaistiin kolmanneksi viimeinen UMK 2026 -kappale, kun pelimanni Antti Paalasen Takatukka-kappale n\u00e4ki p\u00e4iv\u00e4nvalon. Tiedotteen mukaan Paalasen&hellip;\n","protected":false},"author":2,"featured_media":148062,"comment_status":"","ping_status":"","sticky":false,"template":"","format":"standard","meta":{"footnotes":"","_share_on_mastodon":"0"},"categories":[133],"tags":[24534,137,909,33,31,30,32,206,156,906,109],"class_list":["post-148061","post","type-post","status-publish","format-standard","has-post-thumbnail","category-televisiot","tag-antti-paalanen","tag-entertainment","tag-euroviisut","tag-fi","tag-finland","tag-finnish","tag-suomi","tag-televisiot","tag-tv","tag-umk","tag-viihde"],"share_on_mastodon":{"url":"https:\/\/pubeurope.com\/@fi\/115931987561636958","error":""},"_links":{"self":[{"href":"https:\/\/www.europesays.com\/fi\/wp-json\/wp\/v2\/posts\/148061","targetHints":{"allow":["GET"]}}],"collection":[{"href":"https:\/\/www.europesays.com\/fi\/wp-json\/wp\/v2\/posts"}],"about":[{"href":"https:\/\/www.europesays.com\/fi\/wp-json\/wp\/v2\/types\/post"}],"author":[{"embeddable":true,"href":"https:\/\/www.europesays.com\/fi\/wp-json\/wp\/v2\/users\/2"}],"replies":[{"embeddable":true,"href":"https:\/\/www.europesays.com\/fi\/wp-json\/wp\/v2\/comments?post=148061"}],"version-history":[{"count":0,"href":"https:\/\/www.europesays.com\/fi\/wp-json\/wp\/v2\/posts\/148061\/revisions"}],"wp:featuredmedia":[{"embeddable":true,"href":"https:\/\/www.europesays.com\/fi\/wp-json\/wp\/v2\/media\/148062"}],"wp:attachment":[{"href":"https:\/\/www.europesays.com\/fi\/wp-json\/wp\/v2\/media?parent=148061"}],"wp:term":[{"taxonomy":"category","embeddable":true,"href":"https:\/\/www.europesays.com\/fi\/wp-json\/wp\/v2\/categories?post=148061"},{"taxonomy":"post_tag","embeddable":true,"href":"https:\/\/www.europesays.com\/fi\/wp-json\/wp\/v2\/tags?post=148061"}],"curies":[{"name":"wp","href":"https:\/\/api.w.org\/{rel}","templated":true}]}}