{"id":148541,"date":"2026-01-21T19:43:06","date_gmt":"2026-01-21T19:43:06","guid":{"rendered":"https:\/\/www.europesays.com\/fi\/148541\/"},"modified":"2026-01-21T19:43:06","modified_gmt":"2026-01-21T19:43:06","slug":"espanjan-veturinkuljettajat-lakkoon-junaonnettomuuksien-vuoksi-uutisia-lyhyesti","status":"publish","type":"post","link":"https:\/\/www.europesays.com\/fi\/148541\/","title":{"rendered":"Espanjan veturinkuljettajat lakkoon junaonnettomuuksien vuoksi | Uutisia lyhyesti"},"content":{"rendered":"<p>20:13\u2022P\u00e4ivitetty 20:17<\/p>\n<p class=\"aw-1gybjub aw-1p7kakr kEtdKx cEmitX yle__article__paragraph\">Espanjan veturinkuljettajat julistivat keskiviikkona kolmen p\u00e4iv\u00e4n lakon turvallisuuden vuoksi kuolemaan johtaneiden onnettomuuksien j\u00e4lkeen, uutistoimistot kertovat.<\/p>\n<p class=\"aw-1gybjub aw-1p7kakr kEtdKx cEmitX yle__article__paragraph\">Espanjan veturinkuljettajien liitto SEMAF ilmoitti keskiviikkona kolmen p\u00e4iv\u00e4n valtakunnallisesta lakosta 9.\u201311. helmikuuta vaatiakseen toimenpiteit\u00e4 rautatieturvallisuuden takaamiseksi Adamuzin sunnuntaisen ja Gelidan tiistaisen kuolemaan johtaneen onnettomuuden j\u00e4lkeen.<\/p>\n<p class=\"aw-1gybjub aw-1p7kakr kEtdKx cEmitX yle__article__paragraph\">Lakko koskee kaikkia Espanjan junayhti\u00f6it\u00e4, on ainoa ty\u00f6ntekij\u00f6ille j\u00e4ljell\u00e4 oleva laillinen keino vaatia rautatiej\u00e4rjestelm\u00e4n turvallisuuden palauttamista henkil\u00f6st\u00f6lle ja matkustajille, Semaf-liitto sanoi tiedotteessaan.<\/p>\n<p class=\"aw-1gybjub aw-1p7kakr kEtdKx cEmitX yle__article__paragraph\">Sunnuntain suurnopeusjunien t\u00f6rm\u00e4ys Andalusian etel\u00e4osassa, jossa kuoli 43 ihmist\u00e4, sek\u00e4 toinen onnettomuus Barcelonan l\u00e4hell\u00e4 tiistaina, jossa veturinkuljettaja menehtyi, ovat k\u00e4\u00e4nnekohta, liitto totesi.<\/p>\n<p class=\"aw-1gybjub aw-1p7kakr kEtdKx cEmitX yle__article__paragraph\">L\u00e4hde: Reuters, AFP<\/p>\n","protected":false},"excerpt":{"rendered":"20:13\u2022P\u00e4ivitetty 20:17 Espanjan veturinkuljettajat julistivat keskiviikkona kolmen p\u00e4iv\u00e4n lakon turvallisuuden vuoksi kuolemaan johtaneiden onnettomuuksien j\u00e4lkeen, uutistoimistot kertovat. Espanjan&hellip;\n","protected":false},"author":2,"featured_media":74,"comment_status":"","ping_status":"","sticky":false,"template":"","format":"standard","meta":{"footnotes":"","_share_on_mastodon":"0"},"categories":[14],"tags":[22,23,1819,26,27,33,31,30,17,3846,24,25,28,29,15,837,18,21,1711,25232,32,19,20,860,25231,56,16,25230,59,60,61],"class_list":["post-148541","post","type-post","status-publish","format-standard","has-post-thumbnail","category-ulkomaat","tag-breaking-news","tag-breakingnews","tag-espanja","tag-featured-news","tag-featurednews","tag-fi","tag-finland","tag-finnish","tag-headlines","tag-lakot","tag-latest-news","tag-latestnews","tag-main-news","tag-mainnews","tag-news","tag-onnettomuudet","tag-otsikot","tag-paauutiset","tag-rautatieliikenne","tag-rautatieliikenteen-henkilokunta","tag-suomi","tag-top-stories","tag-topstories","tag-tyoelama","tag-tyotaistelut","tag-ulkomaat","tag-uutiset","tag-veturinkuljettajat","tag-world","tag-world-news","tag-worldnews"],"share_on_mastodon":{"url":"https:\/\/pubeurope.com\/@fi\/115934802981215118","error":""},"_links":{"self":[{"href":"https:\/\/www.europesays.com\/fi\/wp-json\/wp\/v2\/posts\/148541","targetHints":{"allow":["GET"]}}],"collection":[{"href":"https:\/\/www.europesays.com\/fi\/wp-json\/wp\/v2\/posts"}],"about":[{"href":"https:\/\/www.europesays.com\/fi\/wp-json\/wp\/v2\/types\/post"}],"author":[{"embeddable":true,"href":"https:\/\/www.europesays.com\/fi\/wp-json\/wp\/v2\/users\/2"}],"replies":[{"embeddable":true,"href":"https:\/\/www.europesays.com\/fi\/wp-json\/wp\/v2\/comments?post=148541"}],"version-history":[{"count":0,"href":"https:\/\/www.europesays.com\/fi\/wp-json\/wp\/v2\/posts\/148541\/revisions"}],"wp:featuredmedia":[{"embeddable":true,"href":"https:\/\/www.europesays.com\/fi\/wp-json\/wp\/v2\/media\/74"}],"wp:attachment":[{"href":"https:\/\/www.europesays.com\/fi\/wp-json\/wp\/v2\/media?parent=148541"}],"wp:term":[{"taxonomy":"category","embeddable":true,"href":"https:\/\/www.europesays.com\/fi\/wp-json\/wp\/v2\/categories?post=148541"},{"taxonomy":"post_tag","embeddable":true,"href":"https:\/\/www.europesays.com\/fi\/wp-json\/wp\/v2\/tags?post=148541"}],"curies":[{"name":"wp","href":"https:\/\/api.w.org\/{rel}","templated":true}]}}