{"id":149001,"date":"2026-01-22T08:46:08","date_gmt":"2026-01-22T08:46:08","guid":{"rendered":"https:\/\/www.europesays.com\/fi\/149001\/"},"modified":"2026-01-22T08:46:08","modified_gmt":"2026-01-22T08:46:08","slug":"miljoonien-seuraama-tanssitahti-chachi-rakentaa-uutta-alkua-umkssa-kilpailukappale-cherry-cake-nyt-kuunneltavissa-umk","status":"publish","type":"post","link":"https:\/\/www.europesays.com\/fi\/149001\/","title":{"rendered":"Miljoonien seuraama tanssit\u00e4hti Chachi rakentaa uutta alkua UMK:ssa \u2013 Kilpailukappale \u201cCherry Cake\u201d nyt kuunneltavissa | UMK"},"content":{"rendered":"<p class=\"aw-1gybjub aw-1p7kakr kEtdKx cEmitX yle__article__paragraph\"><strong class=\"aw-ak79eh KyCXm yle__article__strong\">Chachi<\/strong>, oikealta nimelt\u00e4\u00e4n <strong class=\"aw-ak79eh KyCXm yle__article__strong\">Chachi Hild\u00e9n<\/strong>, kuvailee itse\u00e4\u00e4n meksikolais-amerikkalaiseksi perheihmiseksi ja esiintyj\u00e4ksi, joka on el\u00e4nyt koko el\u00e4m\u00e4ns\u00e4 musiikin ja tanssin keskell\u00e4.<\/p>\n<p class=\"aw-1gybjub aw-1p7kakr kEtdKx cEmitX yle__article__paragraph\">Chachi syntyi Houstonissa, Teksasissa ja oli perheen viidest\u00e4 lapsesta nuorin. Vaikean lapsuuden pelasti 4-vuotiaana aloitettu tanssiharrastus.<\/p>\n<p class=\"aw-1gybjub aw-1p7kakr kEtdKx cEmitX yle__article__paragraph\">\u2013 Kasvoin lapsuuteni ja teinivuoteni sellaisessa paikassa, jossa olin suurimman osan ajasta peloissani ja hukassa. Mutta tanssi piti minut j\u00e4rjiss\u00e4ni. Sen kautta pystyin sanomaan kaiken ilman sanoja, Chachi kertoo.<\/p>\n<p class=\"aw-1gybjub aw-1p7kakr kEtdKx cEmitX yle__article__paragraph\">Yhdeks\u00e4nvuotiaana baletti vaihtui hiphoppiin. Musiikkikanava MTV:ll\u00e4 esiintynyt <strong class=\"aw-ak79eh KyCXm yle__article__strong\">Michael Jackson<\/strong> ja R&amp;B tekiv\u00e4t nuoreen Chachiin vaikutuksen.<\/p>\n<p class=\"aw-1gybjub aw-1p7kakr kEtdKx cEmitX yle__article__paragraph\">\u2013 Sanoin \u00e4idille, etten halua en\u00e4\u00e4 tanssia balettia ja aloitin hiphopin. Ekalla tunnilla itkin, koska se oli niin kaukana siit\u00e4, kuka olin. Jokin veti kuitenkin aina takaisin.<\/p>\n<p class=\"aw-1gybjub aw-1p7kakr kEtdKx cEmitX yle__article__paragraph\">Chachi sanoo suoraan, ett\u00e4 hiphop ja tanssi pelastivat h\u00e4nen henkens\u00e4.<\/p>\n<p><img decoding=\"async\" alt=\"Chachi, artist i UMK26.\" src=\"https:\/\/www.europesays.com\/fi\/wp-content\/uploads\/2026\/01\/39-15815106967d9dc373ac.png\" loading=\"lazy\" class=\"aw-1l9m598 hKVVvP\"\/><\/p>\n<p>Avaa kuvien katselu<\/p>\n<p>Chachi kilpailee UMK:ssa kappaleellaan \u201dCherry Cake\u201d. Kuva: Miska Voinoff \/ YleLapsesta somen silm\u00e4tikuksi<\/p>\n<p class=\"aw-1gybjub aw-1p7kakr kEtdKx cEmitX yle__article__paragraph\">Chachin ura r\u00e4j\u00e4hti k\u00e4yntiin teini-i\u00e4ss\u00e4. H\u00e4n oli 15-vuotias, kun p\u00e4\u00e4tyi mukaan tanssiohjelmaan America\u2019s Best Dance Crew. Kyseess\u00e4 oli ensimm\u00e4inen kausi, johon alaik\u00e4iset saivat osallistua. Tiimi voitti koko kilpailun, ja Chachista tuli kilpailun nuorin voittaja.<\/p>\n<p class=\"aw-1gybjub aw-1p7kakr kEtdKx cEmitX yle__article__paragraph\">\u2013 Kaikki tapahtui yht\u00e4 aikaa ja niin nopeasti, ett\u00e4 tuntui kuin joku olisi painanut pikakelausta: valtava suosio ja samaan aikaan olin se pelokas tytt\u00f6, joka piiloutui kaappiin. Sit\u00e4 oli hankala prosessoida.<\/p>\n<p class=\"aw-1gybjub aw-1p7kakr kEtdKx cEmitX yle__article__paragraph\">Julkisuus toi mukanaan my\u00f6s lieveilmi\u00f6it\u00e4. Chachi kertoo kasvaneensa internetin ja somen silmien alla 12-vuotiaasta l\u00e4htien.<\/p>\n<p class=\"aw-1gybjub aw-1p7kakr kEtdKx cEmitX yle__article__paragraph\">\u2013 Ihmiset huomasivat nopeasti, ett\u00e4 minulla oli perheongelmia ja ett\u00e4 l\u00e4hdin kotoa. Monet ajattelivat, ett\u00e4 hylk\u00e4sin perheeni, kun suosio kasvoi. Annoin ihmisten haukkua ja levitt\u00e4\u00e4 minusta valheita, koska en yksinkertaisesti ollut valmis kertomaan tarinaani. Jos jollain on aikaa purkaa pahaa oloaan nettiin, se kertoo enemm\u00e4n heist\u00e4 kuin minusta.<\/p>\n<p><img decoding=\"async\" alt=\"Kuvassa UMK26-artisti Chachi musiikkivideokuvauksissa. Chachin istuu pinkin valopallon taustalla ja poseeraa.\" src=\"https:\/\/www.europesays.com\/fi\/wp-content\/uploads\/2026\/01\/39-15849176970cca11cafb.jpeg\" loading=\"lazy\" class=\"aw-1l9m598 hKVVvP\"\/><\/p>\n<p>Avaa kuvien katselu<\/p>\n<p>Chachi on tehnyt nuoresta i\u00e4st\u00e4\u00e4n huolimatta pitk\u00e4n uran TV- ja viihdemaailmassa. Kuva: Nelli Kentt\u00e4 \/ Yle<\/p>\n<p class=\"aw-1gybjub aw-1p7kakr kEtdKx cEmitX yle__article__paragraph\">Chachi alkoi itse opettaa tanssia jo 12-vuotiaana. H\u00e4nen mentorinsa pyysi h\u00e4nt\u00e4 sijaiseksi tunnille, ja siit\u00e4 tuli alku tiiviille kansainv\u00e4liselle opetus- ja esiintymisuralle.<\/p>\n<p class=\"aw-1gybjub aw-1p7kakr kEtdKx cEmitX yle__article__paragraph\">\u2013 Olin joka p\u00e4iv\u00e4 tunneilla koulun j\u00e4lkeen. Tein l\u00e4ksyt autossa ja tanssin, kunnes nukahdin.<\/p>\n<p class=\"aw-1gybjub aw-1p7kakr kEtdKx cEmitX yle__article__paragraph\">2010-luvun puoliv\u00e4liss\u00e4 ura laajeni my\u00f6s TV:hen ja n\u00e4yttelemiseen. H\u00e4nell\u00e4 oli oma realitysarja Chachi\u2019s World ja rooleja eri tuotannoissa.<\/p>\n<p class=\"aw-1gybjub aw-1p7kakr kEtdKx cEmitX yle__article__paragraph\">Musiikki on kulkenut Chachin mukana koko ajan: lapsuuden pianotunneista 7-vuotiaana aloitettuun musan ohjelmointiin ja teiniajan artistikokeiluihin.<\/p>\n<p class=\"aw-1gybjub aw-1p7kakr kEtdKx cEmitX yle__article__paragraph\">Silti oma artistius pelotti vuosikausia. Chachi kuvaa nuoruuden musiikkikokeiluja ep\u00e4autenttisiksi, koska ymp\u00e4rill\u00e4 oli liikaa toisten odotuksia.<\/p>\n<p class=\"aw-1gybjub aw-1p7kakr kEtdKx cEmitX yle__article__paragraph\">\u2013 Minua mikromanageroitiin: mit\u00e4 sanon, mit\u00e4 puen, mit\u00e4 sy\u00f6n.<\/p>\n<p>Vuoren huipulta l\u00f6ytyi rakkaus<\/p>\n<p class=\"aw-1gybjub aw-1p7kakr kEtdKx cEmitX yle__article__paragraph\">Vuonna 2017 Chachin el\u00e4m\u00e4 muuttui \u00e4kisti. H\u00e4n oli Perussa kuvaamassa Ultimate Expedition -sarjaa ja kiipe\u00e4m\u00e4ss\u00e4 yli viiden kilometrin korkuiselle Ishinca-vuorelle.<\/p>\n<p class=\"aw-1gybjub aw-1p7kakr kEtdKx cEmitX yle__article__paragraph\">Ishincan huiputtaminen oli Chachille paljon enemm\u00e4n kuin fyysinen suoritus. H\u00e4n kertoo saaneensa vuorelta rohkeutta ja uudenlaista itsevarmuutta.<\/p>\n<p class=\"aw-1gybjub aw-1p7kakr kEtdKx cEmitX yle__article__paragraph\">\u2013 Aloin nousta my\u00f6s omien, henkisten vuorten yli.<\/p>\n<p class=\"aw-1gybjub aw-1p7kakr kEtdKx cEmitX yle__article__paragraph\">Vuoren p\u00e4\u00e4ll\u00e4 Chachi l\u00f6ysi my\u00f6s rakkauden. Mukana oli nimitt\u00e4in my\u00f6s Duudsoneista tunnettu <strong class=\"aw-ak79eh KyCXm yle__article__strong\">Jukka Hild\u00e9n<\/strong>.<\/p>\n<p class=\"aw-1gybjub aw-1p7kakr kEtdKx cEmitX yle__article__paragraph\">Chachi kertoo, ett\u00e4 Jukan poikkeuksellinen lempeys ja valoisa olemus vetiv\u00e4t h\u00e4nt\u00e4 puoleensa.<\/p>\n<p class=\"aw-1gybjub aw-1p7kakr kEtdKx cEmitX yle__article__paragraph\">\u2013 Jukka sai minut uskomaan j\u00e4lleen siihen, ett\u00e4 maailmassa on hyvi\u00e4 ihmisi\u00e4.<\/p>\n<p><img decoding=\"async\" alt=\"Kuvassa UMK26-artisti Chachi musiikkivideokuvauksissa. Chachin istuu pinkin valopallon taustalla ja poseeraa.\" src=\"https:\/\/www.europesays.com\/fi\/wp-content\/uploads\/2026\/01\/39-15849196970cca2a7593.jpeg\" loading=\"lazy\" class=\"aw-1l9m598 hKVVvP\"\/><\/p>\n<p>Avaa kuvien katselu<\/p>\n<p>Musiikki on kulkenut Chachin mukana 7-vuotiaasta asti. Kuva: Nelli Kentt\u00e4 \/ Yle<\/p>\n<p class=\"aw-1gybjub aw-1p7kakr kEtdKx cEmitX yle__article__paragraph\">Rakkaus johti muuttoon toiselle puolelle maailmaa. Ensi kertaa h\u00e4n tunsi l\u00f6yt\u00e4neens\u00e4 paikan, jota voi rehellisesti kutsua kodiksi.<\/p>\n<p class=\"aw-1gybjub aw-1p7kakr kEtdKx cEmitX yle__article__paragraph\">\u2013 Suomessa tunnen olevani eniten kotonani. Turvallisuus, lapset k\u00e4velem\u00e4ss\u00e4 yksin kouluun, luonto, puhdas ilma ja kaikki se, mit\u00e4 t\u00e4\u00e4ll\u00e4 pidet\u00e4\u00e4n itsest\u00e4\u00e4n selv\u00e4n\u00e4, oli minulle kuin ihme.<\/p>\n<p class=\"aw-1gybjub aw-1p7kakr kEtdKx cEmitX yle__article__paragraph\">Chachi kertoo omaksuneensa suomalaisen arjen niin syv\u00e4sti, ett\u00e4 pit\u00e4\u00e4 itse\u00e4\u00e4n suomalaisena.<\/p>\n<p class=\"aw-1gybjub aw-1p7kakr kEtdKx cEmitX yle__article__paragraph\">\u2013 Olen suomalais-meksikolainen amerikkalainen. En ole syntynyt t\u00e4\u00e4ll\u00e4 eik\u00e4 suomen kieleni ole t\u00e4ydellist\u00e4, mutta olen muilta osin t\u00e4ysin kotoutunut suomalaiseen kulttuuriin. Minulla on suomalaiset lapset, suomalainen mies ja kaiken lis\u00e4ksi viet\u00e4n pullaperjantaita.<\/p>\n<p>Katso Chachin haastattelu artistijulkistustilaisuudestaResepti uuteen alkuun<\/p>\n<p class=\"aw-1gybjub aw-1p7kakr kEtdKx cEmitX yle__article__paragraph\">Chachi laittoi perheen ja \u00e4itiyden vuosiksi etusijalle. Vuonna 2020 Chachi p\u00e4\u00e4tti kuitenkin osallistua Masked Singer Suomi -ohjelmaan.<\/p>\n<p class=\"aw-1gybjub aw-1p7kakr kEtdKx cEmitX yle__article__paragraph\">\u2013 Maskin takaa pystyin t\u00e4ydellisesti testaamaan, milt\u00e4 tuntuu laulaa ja miten ihmiset ottavat \u00e4\u00e4neni vastaan.<\/p>\n<p class=\"aw-1gybjub aw-1p7kakr kEtdKx cEmitX yle__article__paragraph\">Ohjelma johti vuonna 2023 solmittuun levytyssopimukseen, mutta perhe-el\u00e4m\u00e4 vei edelleen suurimman osan ajasta.<\/p>\n<p><img decoding=\"async\" alt=\"Kuvassa UMK26-artisti Chachi musiikkivideokuvauksissa. Chachin istuu pinkin valopallon taustalla ja poseeraa.\" src=\"https:\/\/www.europesays.com\/fi\/wp-content\/uploads\/2026\/01\/39-15849206970cca3c6a14.jpeg\" loading=\"lazy\" class=\"aw-1l9m598 hKVVvP\"\/><\/p>\n<p>Avaa kuvien katselu<\/p>\n<p>\u201dOlen niin ylpe\u00e4 siit\u00e4, ett\u00e4 saan kutsua Suomea kodiksi. Haluan antaa Suomelle takaisin sen, mit\u00e4 se on antanut minulle.\u201d Kuva: Nelli Kentt\u00e4 \/ Yle<\/p>\n<p class=\"aw-1gybjub aw-1p7kakr kEtdKx cEmitX yle__article__paragraph\">UMK on ollut laulaja-tanssijan mieless\u00e4 jo vuosia.<\/p>\n<p class=\"aw-1gybjub aw-1p7kakr kEtdKx cEmitX yle__article__paragraph\">\u2013 Nyt palaset ovat paikallaan: en ole en\u00e4\u00e4 peloissani. Olen innoissani. T\u00e4m\u00e4 on t\u00e4ydellinen tapa lanseerata minut artistina suomalaisille ja uudelle kotimaalleni.<\/p>\n<p class=\"aw-1gybjub aw-1p7kakr kEtdKx cEmitX yle__article__paragraph\">Cherry Cake syntyi Chachin, biisintekij\u00e4 <strong class=\"aw-ak79eh KyCXm yle__article__strong\">Johannes \u201cKiro\u201d Naukkarisen<\/strong> ja <strong class=\"aw-ak79eh KyCXm yle__article__strong\">Linnea Debin<\/strong> yhteisvoimin.<\/p>\n<p class=\"aw-1gybjub aw-1p7kakr kEtdKx cEmitX yle__article__paragraph\">\u2013 Tarkoitus oli tehd\u00e4 hyv\u00e4 biisi. Biisin valmistuttua tajusimme, ett\u00e4 t\u00e4m\u00e4 sopisi t\u00e4ydellisesti UMK:hon.<\/p>\n<p class=\"aw-1gybjub aw-1p7kakr kEtdKx cEmitX yle__article__paragraph\">Kappaleen nimi voi h\u00e4m\u00e4t\u00e4, ja siksi my\u00f6s video ja esitys rakentuvat yll\u00e4tyksen varaan.<\/p>\n<p class=\"aw-1gybjub aw-1p7kakr kEtdKx cEmitX yle__article__paragraph\">\u2013 Kun kuulet nimen \u201dCherry Cake\u201d, odotat ehk\u00e4 jotain s\u00f6p\u00f6\u00e4 keitti\u00f6meininki\u00e4 ja <strong class=\"aw-ak79eh KyCXm yle__article__strong\">Katy Perry<\/strong> -kuppikakku-rintaliivej\u00e4. Sit\u00e4 se ei kuitenkaan ole. Kappale on bilebiisi, jossa on yll\u00e4tt\u00e4v\u00e4 ja leikkis\u00e4 fiilis. Musiikkivideo on visuaalisesti eeppinen ja nojaa vahvasti vahvuuksiini tanssijana.<\/p>\n<p class=\"aw-1gybjub aw-1p7kakr kEtdKx cEmitX yle__article__paragraph\">Biisin ydin on Chachin mukaan oman itsens\u00e4 hyv\u00e4ksymisest\u00e4 ja s\u00e4\u00e4nt\u00f6jen heitt\u00e4misess\u00e4 roskiin.<\/p>\n<p class=\"aw-1gybjub aw-1p7kakr kEtdKx cEmitX yle__article__paragraph\">\u2013 Haluan olla oma itseni ja kannustaa ihmisi\u00e4 samaan.<\/p>\n<p class=\"aw-1gybjub aw-1p7kakr kEtdKx cEmitX yle__article__paragraph\">Jos UMK-voitto ja euroviisupaikka tulisi, sen merkitys olisi Chachille valtava.<\/p>\n<p class=\"aw-1gybjub aw-1p7kakr kEtdKx cEmitX yle__article__paragraph\">\u2013 Olen niin ylpe\u00e4 siit\u00e4, ett\u00e4 saan kutsua Suomea kodiksi. Haluan antaa Suomelle takaisin sen, mit\u00e4 se on antanut minulle. Tekisin kaikkeni, ett\u00e4 Suomi olisi yht\u00e4 ylpe\u00e4 minusta, kuin min\u00e4 olen siit\u00e4.<\/p>\n","protected":false},"excerpt":{"rendered":"Chachi, oikealta nimelt\u00e4\u00e4n Chachi Hild\u00e9n, kuvailee itse\u00e4\u00e4n meksikolais-amerikkalaiseksi perheihmiseksi ja esiintyj\u00e4ksi, joka on el\u00e4nyt koko el\u00e4m\u00e4ns\u00e4 musiikin ja&hellip;\n","protected":false},"author":2,"featured_media":149002,"comment_status":"","ping_status":"","sticky":false,"template":"","format":"standard","meta":{"footnotes":"","_share_on_mastodon":"0"},"categories":[133],"tags":[24534,137,33,31,30,32,206,156,906,12646,109],"class_list":["post-149001","post","type-post","status-publish","format-standard","has-post-thumbnail","category-televisiot","tag-antti-paalanen","tag-entertainment","tag-fi","tag-finland","tag-finnish","tag-suomi","tag-televisiot","tag-tv","tag-umk","tag-umk26","tag-viihde"],"share_on_mastodon":{"url":"https:\/\/pubeurope.com\/@fi\/115937881904343341","error":""},"_links":{"self":[{"href":"https:\/\/www.europesays.com\/fi\/wp-json\/wp\/v2\/posts\/149001","targetHints":{"allow":["GET"]}}],"collection":[{"href":"https:\/\/www.europesays.com\/fi\/wp-json\/wp\/v2\/posts"}],"about":[{"href":"https:\/\/www.europesays.com\/fi\/wp-json\/wp\/v2\/types\/post"}],"author":[{"embeddable":true,"href":"https:\/\/www.europesays.com\/fi\/wp-json\/wp\/v2\/users\/2"}],"replies":[{"embeddable":true,"href":"https:\/\/www.europesays.com\/fi\/wp-json\/wp\/v2\/comments?post=149001"}],"version-history":[{"count":0,"href":"https:\/\/www.europesays.com\/fi\/wp-json\/wp\/v2\/posts\/149001\/revisions"}],"wp:featuredmedia":[{"embeddable":true,"href":"https:\/\/www.europesays.com\/fi\/wp-json\/wp\/v2\/media\/149002"}],"wp:attachment":[{"href":"https:\/\/www.europesays.com\/fi\/wp-json\/wp\/v2\/media?parent=149001"}],"wp:term":[{"taxonomy":"category","embeddable":true,"href":"https:\/\/www.europesays.com\/fi\/wp-json\/wp\/v2\/categories?post=149001"},{"taxonomy":"post_tag","embeddable":true,"href":"https:\/\/www.europesays.com\/fi\/wp-json\/wp\/v2\/tags?post=149001"}],"curies":[{"name":"wp","href":"https:\/\/api.w.org\/{rel}","templated":true}]}}