{"id":14988,"date":"2025-08-24T14:49:08","date_gmt":"2025-08-24T14:49:08","guid":{"rendered":"https:\/\/www.europesays.com\/fi\/14988\/"},"modified":"2025-08-24T14:49:08","modified_gmt":"2025-08-24T14:49:08","slug":"terhi-kokkonen-lataa-suorat-sanat-ultra-bran-stadionkeikkojen-kritisoijille-menkaa-itse-vetamaan","status":"publish","type":"post","link":"https:\/\/www.europesays.com\/fi\/14988\/","title":{"rendered":"Terhi Kokkonen lataa suorat sanat Ultra Bran stadionkeikkojen kritisoijille: \u201dMenk\u00e4\u00e4 itse vet\u00e4m\u00e4\u00e4n\u201d"},"content":{"rendered":"<p>Laulaja Terhi Kokkosen mukaan Ultra Bra aikoo pysy\u00e4 autenttisena esiintyj\u00e4n\u00e4 eik\u00e4 koskaan tule tarttumaan autotuneen, vaikka live-esiintymisi\u00e4 kritisoitaisiin kuinka paljon tahansa.<\/p>\n<p><img decoding=\"async\" class=\"image image-show image-preview\" src=\"https:\/\/www.europesays.com\/fi\/wp-content\/uploads\/2025\/08\/3087e7171f6868a908d15bf51a3ddc617648834b782c21e50cc4e38e3defcd0f.jpg\" alt=\"\"\/><img decoding=\"async\" class=\"image image-show\" src=\"https:\/\/www.europesays.com\/fi\/wp-content\/uploads\/2025\/08\/1756046948_639_3087e7171f6868a908d15bf51a3ddc617648834b782c21e50cc4e38e3defcd0f.jpg\" alt=\"\"\/><\/p>\n<p>Terhi Kokkonen kertoo Iltalehdelle olevansa hyvin tyytyv\u00e4inen Ultra Bran live-esiintymisiin Olympiastadionilla. Kokkosen mukaan yhtyeen ja yleis\u00f6n v\u00e4linen vuorovaikutus oli ainutlaatuista.  Elle Laitila<\/p>\n<p class=\"paragraph\">Laulaja <strong>Terhi Kokkonen<\/strong> kuvailee viikonlopun Ultra Bran Olympiastadionin keikkoja ytimekk\u00e4\u00e4sti.<\/p>\n<p class=\"paragraph\">\u2013 Se oli niin upeaa. Rakastimme jokaista sekuntia, Kokkonen iloitsee.<\/p>\n<p class=\"paragraph\">Ultra Bran stadionkeikat Helsingin Olympiastadionilla ker\u00e4siv\u00e4t perjantain ja lauantain aikana yhteens\u00e4 82 000 ihmisen yleis\u00f6meren. Erityisesti lauantain keikka j\u00e4i Kokkosen mieleen. Perjantaina Kokkonen kertoo tienneens\u00e4 sen, ett\u00e4 toinen keikka on viel\u00e4 edess\u00e4. Siksi esiintyess\u00e4 ei viel\u00e4 voinut ihan niin vapautuneesti juhlia.<\/p>\n<p class=\"paragraph\">\u2013 Se oli meid\u00e4n kannalta tavallisempi keikka, mutta yleis\u00f6 oli innoissaan, Kokkonen kertoo.<\/p>\n<p class=\"paragraph\">\u2013 Lauantai oli yht\u00e4 juhlaa, sai antaa vain palaa. Olisin voinut jatkaa viel\u00e4 tunnin eteenp\u00e4in.<\/p>\n<p>\u201dMenk\u00e4\u00e4 itse vet\u00e4m\u00e4\u00e4n ja kommentoikaa sitten\u201d<\/p>\n<p>Ultra Bra -yhtyeen paluukonsertit n\u00e4htiin Helsingin olympiastadionilla perjantaina 22. elokuuta ja lauantaina 23. elokuuta. Elle Laitila<\/p>\n<p class=\"paragraph\">Ultra Bran stadionkeikossa esiintyj\u00e4t ja yleis\u00f6 olivat l\u00e4sn\u00e4 joka hetkess\u00e4. Kokkosen mukaan Ultra Bran hienous on juurikin aitous ja se, ett\u00e4 yhtye ei esiinny nauhalta tai k\u00e4yt\u00e4 autotunea.<\/p>\n<p class=\"paragraph\">Kokkonen arvelee t\u00e4m\u00e4n olevan syyn\u00e4 <a href=\"https:\/\/www.iltalehti.fi\/viihdeuutiset\/e19f64b4-3279-41c0-a478-16b4de797b0a\" rel=\"nofollow noopener\" target=\"_blank\">my\u00f6s j\u00e4lkik\u00e4teen esitetylle kritiikille<\/a>. Ultra Bran lauantain konsertti esitettiin Ylell\u00e4 viiv\u00e4stettyn\u00e4 suorana l\u00e4hetyksen\u00e4 TV1:ll\u00e4 ja Areenassa.<\/p>\n<p class=\"paragraph\">Osa tv-katsojista on valittanut esiintyjien ep\u00e4vireisyydest\u00e4, kun taas konsertissa paikan p\u00e4\u00e4ll\u00e4 olleet ihmiset ovat olleet enimm\u00e4kseen t\u00e4ysin eri mielt\u00e4.<\/p>\n<p class=\"paragraph\">Kokkonen kertoo itse katsoneensa pienen p\u00e4tk\u00e4n konserttitaltiointia Yle Areenasta. Nyt h\u00e4n sanoo suorat sanat kritisoijille.<\/p>\n<p class=\"paragraph\">\u2013 Ihmiset ovat nyky\u00e4\u00e4n niin tottuneita autotunetettuun \u00e4\u00e4neen, jopa live-esityksiss\u00e4. Me teemme aitoa live\u00e4, niin se s\u00e4r\u00e4ht\u00e4\u00e4 joidenkin korvaan, jotka eiv\u00e4t ole muusikoita, Kokkonen sanoo.<\/p>\n<p class=\"paragraph\">Kokkonen on itse eritt\u00e4in tyytyv\u00e4inen yhtyeen livesuoritukseen. Vaikka keikoilla oli pieni\u00e4 vireongelmia, joita Kokkonen ei itse kutsuisi edes ongelmiksi, kokonaisuus oli onnistunut.<\/p>\n<p class=\"paragraph\">\u2013 Keikat olivat t\u00e4ysin luontevaa el\u00e4v\u00e4\u00e4 musiikkia, Kokkonen kommentoi.<\/p>\n<p class=\"paragraph\">Kokkonen liputtaa aitojen ja rehellisten live-esiintymisten puolesta. H\u00e4nen mukaansa t\u00e4n\u00e4 p\u00e4iv\u00e4n\u00e4 my\u00f6s Suomessa on hyvin yleist\u00e4 se, ett\u00e4 jopa livetilanteissa moni artisti esiintyy autotunen kanssa.<\/p>\n<p class=\"paragraph\">\u2013 Ultra Bran yksi teho on juuri siin\u00e4, ett\u00e4 olemme erilaisia. Emme ole l\u00e4hteneet siihen, emmek\u00e4 l\u00e4hde siihen tulevaisuudessa, Kokkonen sanoo napakasti.<\/p>\n<p>Ultra Bra veti viikonloppuna yhteens\u00e4 per\u00e4ti 82 000 ihmisen yleis\u00f6n Olympiastadionille.  Elle Laitila<\/p>\n<p class=\"paragraph\">\u2013 Yleis\u00f6mme pit\u00e4\u00e4 siit\u00e4, kun se saa aidon live-esityksen. Meill\u00e4 on oikeat soittimet ja luonnollista laulua. Emme tule siit\u00e4 luopumaan, vaikka siit\u00e4 kirjoitettaisiin sata juttua, kritisoitaisiin ja haukuttaisiin. Menk\u00e4\u00e4 itse vet\u00e4m\u00e4\u00e4n ja kommentoikaa sitten.<\/p>\n<p class=\"paragraph\">Kokkonen toivoo, ett\u00e4 live-esiintymist\u00e4 alettaisiin j\u00e4lleen arvostamaan yhten\u00e4 musiikin kokemisen muotona.<\/p>\n<p class=\"paragraph\">\u2013 Nykyp\u00e4iv\u00e4n nuoret oppisivat siihen, ett\u00e4 musiikki ja \u00e4\u00e4ni on orgaanista. Musiikki on el\u00e4v\u00e4\u00e4, eik\u00e4 sen tarvitse olla t\u00e4ydellist\u00e4. Muuten meill\u00e4 on pian teko\u00e4ly laulamassa, Kokkonen kiteytt\u00e4\u00e4.<\/p>\n<p class=\"paragraph\">\u2013 Aina ei pid\u00e4 olla sit\u00e4 samaa t\u00e4ydelliseksi viritetty\u00e4 kamaa, jossa ihmisen oma inhimillisyys, luonnollisuus ja tulkinta j\u00e4\u00e4 piiloon. Siksi koskettaa, kun lavalla n\u00e4kyy ihmisten tunteet ja tulkinta, eik\u00e4 mit\u00e4\u00e4n autotunen l\u00e4pi lyt\u00e4tty\u00e4 tavaraa.<\/p>\n<p>Vihjailua Ultra Bran jatkosta<\/p>\n<p class=\"paragraph\">Kokkoselle stadionkeikkojen mieleenpainuvin hetki oli, kun Ultra Bra esiintyi lavalla yhdess\u00e4 400-henkisen, p\u00e4\u00e4osin nuorista koostuvan kuoron kanssa.<\/p>\n<p class=\"paragraph\">\u2013 Se oli niin uskomaton kokemus sek\u00e4 meille ett\u00e4 yleis\u00f6lle, Kokkonen sanoo.<\/p>\n<p class=\"paragraph\">Ultra Bran j\u00e4senet olivat itse nuoria, kun he alkoivat tehd\u00e4 kappaleitaan. Silloin ei Kokkosen mukaan osannut edes ajatella, ett\u00e4 heid\u00e4n musiikkinsa j\u00e4isi el\u00e4m\u00e4\u00e4n seuraaville sukupolville.<\/p>\n<p class=\"paragraph\">Siksi h\u00e4n kokee hyvin koskettavaksi, ett\u00e4 yh\u00e4 t\u00e4n\u00e4 p\u00e4iv\u00e4n\u00e4 nuoret osaavat Ultra Bran kappaleita ulkoa.<\/p>\n<p class=\"paragraph\">\u2013 On koskettavaa n\u00e4hd\u00e4 nuorten ihmisten ilo ja innostus musiikistamme. Se kertoo siit\u00e4, miten t\u00e4rke\u00e4\u00e4 musiikkimme on edelleen. Se on el\u00e4nyt sukupolvelta toiselle.<\/p>\n<p class=\"paragraph\">Kokkosen mukaan kuoron kanssa esiintyminen on hyv\u00e4 esimerkki siit\u00e4, mit\u00e4 lavalla voi tapahtua ilman autotunea tai nauhalta esiintymist\u00e4. Kokkonen toivoo, ett\u00e4 uusi musiikin parissa ty\u00f6skentelev\u00e4 sukupolvi muistaa t\u00e4m\u00e4n.<\/p>\n<p>Ultra Bran stadionkeikat eiv\u00e4t v\u00e4ltt\u00e4m\u00e4tt\u00e4 j\u00e4\u00e4neet yhtyeen viimeisiksi esiintymisiksi. Elle Laitila<\/p>\n<p class=\"paragraph\">Kokkonen my\u00f6s vihjaa Ultra Bran jatkosta. S\u00e4velt\u00e4j\u00e4-muusikko <strong>Kerkko Koskinen<\/strong> on Kokkosen mukaan miettinyt uuden materiaalin s\u00e4velt\u00e4mist\u00e4.<\/p>\n<p class=\"paragraph\">\u2013 Sanoisin, ett\u00e4 olemme nyt hyvin yhteen hioutunut porukka. Olisi s\u00e4\u00e4li pist\u00e4\u00e4 nyt pillit pussiin, eik\u00e4 koskaan en\u00e4\u00e4 tekisi mit\u00e4\u00e4n, Kokkonen sanoo.<\/p>\n<p class=\"paragraph\">\u2013 Eli j\u00e4\u00e4 n\u00e4ht\u00e4v\u00e4ksi. Toki nyt sunnuntaina heti keikkojen j\u00e4lkeen meill\u00e4 ei ole puhelinrinki\u00e4, joka suunnittelisi jo tulevaa. Mutta jokaiselle meille j\u00e4i olo, ett\u00e4 miksemme tekisi jotain jatkossakin.<\/p>\n<p class=\"paragraph\">Kokkosen mukaan vuorovaikutus yleis\u00f6n kanssa Olympiastadionilla oli jotain hyvin ainutlaatuista.<\/p>\n<p class=\"paragraph\">\u2013 Kontakti yleis\u00f6n kanssa on tosi t\u00e4rke\u00e4 osa artistin ty\u00f6t\u00e4. Perjantai ja lauantai osoittivat, ett\u00e4 on ihmisi\u00e4 jotka haluavat yh\u00e4 kuulla meit\u00e4, Kokkonen summaa.<\/p>\n","protected":false},"excerpt":{"rendered":"Laulaja Terhi Kokkosen mukaan Ultra Bra aikoo pysy\u00e4 autenttisena esiintyj\u00e4n\u00e4 eik\u00e4 koskaan tule tarttumaan autotuneen, vaikka live-esiintymisi\u00e4 kritisoitaisiin&hellip;\n","protected":false},"author":2,"featured_media":14989,"comment_status":"","ping_status":"","sticky":false,"template":"","format":"standard","meta":{"footnotes":""},"categories":[130],"tags":[35,138,137,33,31,30,47,141,742,32,484,109],"class_list":{"0":"post-14988","1":"post","2":"type-post","3":"status-publish","4":"format-standard","5":"has-post-thumbnail","7":"category-viihde","8":"tag-24h","9":"tag-audio","10":"tag-entertainment","11":"tag-fi","12":"tag-finland","13":"tag-finnish","14":"tag-musiikki","15":"tag-muusikot-bandit","16":"tag-suomalainen-musiikki","17":"tag-suomi","18":"tag-taiteellinen-ilmaisu-ja-mediat","19":"tag-viihde"},"share_on_mastodon":{"url":"","error":""},"_links":{"self":[{"href":"https:\/\/www.europesays.com\/fi\/wp-json\/wp\/v2\/posts\/14988","targetHints":{"allow":["GET"]}}],"collection":[{"href":"https:\/\/www.europesays.com\/fi\/wp-json\/wp\/v2\/posts"}],"about":[{"href":"https:\/\/www.europesays.com\/fi\/wp-json\/wp\/v2\/types\/post"}],"author":[{"embeddable":true,"href":"https:\/\/www.europesays.com\/fi\/wp-json\/wp\/v2\/users\/2"}],"replies":[{"embeddable":true,"href":"https:\/\/www.europesays.com\/fi\/wp-json\/wp\/v2\/comments?post=14988"}],"version-history":[{"count":0,"href":"https:\/\/www.europesays.com\/fi\/wp-json\/wp\/v2\/posts\/14988\/revisions"}],"wp:featuredmedia":[{"embeddable":true,"href":"https:\/\/www.europesays.com\/fi\/wp-json\/wp\/v2\/media\/14989"}],"wp:attachment":[{"href":"https:\/\/www.europesays.com\/fi\/wp-json\/wp\/v2\/media?parent=14988"}],"wp:term":[{"taxonomy":"category","embeddable":true,"href":"https:\/\/www.europesays.com\/fi\/wp-json\/wp\/v2\/categories?post=14988"},{"taxonomy":"post_tag","embeddable":true,"href":"https:\/\/www.europesays.com\/fi\/wp-json\/wp\/v2\/tags?post=14988"}],"curies":[{"name":"wp","href":"https:\/\/api.w.org\/{rel}","templated":true}]}}