{"id":15000,"date":"2025-08-24T15:13:09","date_gmt":"2025-08-24T15:13:09","guid":{"rendered":"https:\/\/www.europesays.com\/fi\/15000\/"},"modified":"2025-08-24T15:13:09","modified_gmt":"2025-08-24T15:13:09","slug":"pikkutyton-silmat-paljastivat-tappavan-sairauden-nain-salakavalasti-kaikki-alkoi","status":"publish","type":"post","link":"https:\/\/www.europesays.com\/fi\/15000\/","title":{"rendered":"Pikkutyt\u00f6n silm\u00e4t paljastivat tappavan sairauden \u2013 n\u00e4in salakavalasti kaikki alkoi"},"content":{"rendered":"<p>            MV PHOTOS\n        <\/p>\n<p class=\"subtitle \">Diagnoosista j\u00e4rkyttynyt \u00e4iti kannustaa vanhempia rutiinitarkastuksiin.<\/p>\n<p class=\"article-content article-content-width !bg-background\">Englantilaisen , 7, \u00e4iti,\u00a0, 35, vei tytt\u00e4rens\u00e4 optikolle tammikuussa 2024 sen j\u00e4lkeen, kun lapsi valitti n\u00e4kev\u00e4ns\u00e4 pilkkuja.<\/p>\n<p class=\"article-content article-content-width !bg-background\">Heille kerrottiin, ettei n\u00e4k\u00f6ongelmia ollut. Vuoden kuluessa Esmail mainitsi pilkuista ajoittain, mutta Sophie ei pit\u00e4nyt sit\u00e4 huolestuttavana.\u00a0<\/p>\n<p>        <a itemprop=\"url\" href=\"https:\/\/www.seiska.fi\/terveys\/ohhoh-prinsessa-pelasti-julkkiskampaajan\/1696764\" rel=\"nofollow noopener\" target=\"_blank\"><\/p>\n<p>\nAutotallista hoviin\n<\/p>\n<p class=\"section-date\">\n        <strong class=\"article-section\" data-section=\"terveys\"><br \/>\n            terveys<br \/>\n        <\/strong><br \/>\n        1.6. 17:00\n    <\/p>\n<p>    Ohhoh! Prinsessa pelasti julkkiskampaajan<\/p>\n<p itemprop=\"description\" class=\"subtitle \">\n    Kampaaja pohti jo uransa lopettamista, mutta sitten jys\u00e4hti.\n<\/p>\n<p>        <\/a><\/p>\n<p>                <img decoding=\"async\" src=\"https:\/\/www.europesays.com\/fi\/wp-content\/uploads\/2025\/08\/1841449.webp\" width=\"576\" height=\"1066\" alt=\"Esmailin syliss\u00e4 h\u00e4nen nuorempi siskonsa Grace.\" loading=\"lazy\" \/>            <\/p>\n<p>\n            Esmailin syliss\u00e4 h\u00e4nen nuorempi siskonsa Grace.<br \/>\n            MV PHOTOS\n        <\/p>\n<p>Vuosi optikolla k\u00e4ynnist\u00e4<\/p>\n<p class=\"article-content article-content-width !bg-background\">\u2013 Er\u00e4\u00e4n kerran h\u00e4n k\u00e4veli minua kohti ja h\u00e4nen pupillinsa pieneniv\u00e4t pisteiksi. Sitten ne laajenivat nopeasti, ja h\u00e4n sanoi n\u00e4kev\u00e4ns\u00e4 taas pilkkuja. Se n\u00e4ytti pienelt\u00e4 kohtaukselta, Sophie muistelee.<\/p>\n<p class=\"article-content article-content-width !bg-background\">Tammikuussa 2025 Sophie vei Esmailin takaisin optikolle. Siell\u00e4 havaittiin painetta silmien takaosassa ja n\u00e4k\u00f6hermoissa. \u00c4iti\u00e4 kehotettiin viem\u00e4\u00e4n tytt\u00e4rens\u00e4 kiireellisesti sairaalahoitoon.<\/p>\n<p class=\"article-content article-content-width !bg-background\">Sairaalassa Esmai tutkittiin perusteellisesti. Muutama p\u00e4iv\u00e4 my\u00f6hemmin saatiin tuloksia magneettikuvauksesta, jossa aivoissa todettiin huomattava ependymoomakasvain.\u00a0<\/p>\n<p class=\"article-content article-content-width !bg-background\">Magneettikuvaus paljasti my\u00f6s, ett\u00e4 Esmaililla oli niin suuri kasvain, ett\u00e4 se painoi h\u00e4nen aivojaan kasaan.<\/p>\n<p class=\"article-content article-content-width !bg-background\">L\u00e4\u00e4k\u00e4rit olivat h\u00e4mm\u00e4styneit\u00e4, ettei tyt\u00f6ll\u00e4 ollut muita oireita: ei p\u00e4\u00e4ns\u00e4rky\u00e4, pahoinvointia tai oppimisvaikeuksia.\u00a0<\/p>\n<p>        <a itemprop=\"url\" href=\"https:\/\/www.seiska.fi\/terveys\/tama-harvinainen-sairaus-alkaa-jo-vauvana-nain-se-ilmenee\/1703370\" rel=\"nofollow noopener\" target=\"_blank\"><\/p>\n<p>\nHarvinainen sairaus\n<\/p>\n<p class=\"section-date\">\n        <strong class=\"article-section\" data-section=\"terveys\"><br \/>\n            terveys<br \/>\n        <\/strong><br \/>\n        29.5. 12:00\n    <\/p>\n<p>    T\u00e4m\u00e4 harvinainen sairaus alkaa jo vauvana \u2013 n\u00e4in se ilmenee<\/p>\n<p itemprop=\"description\" class=\"subtitle \">\n    Suomessa syntyy noin yksi t\u00e4t\u00e4 oireyhtym\u00e4\u00e4 sairastava lapsi vuodessa.\n<\/p>\n<p>        <\/a><\/p>\n<p>                <img decoding=\"async\" src=\"https:\/\/www.europesays.com\/fi\/wp-content\/uploads\/2025\/08\/1841461.webp\" width=\"576\" height=\"639\" alt=\"Esmail jaksoi hymyill\u00e4 rankan operaation j\u00e4lkeen.\" loading=\"lazy\" \/>            <\/p>\n<p>\n            Esmail jaksoi hymyill\u00e4 rankan operaation j\u00e4lkeen.<br \/>\n            MV PHOTOS\n        <\/p>\n<p>Leikkaus onnistui<\/p>\n<p class=\"article-content article-content-width !bg-background\">Helmikuussa 2025 Esmailille tehtiin lastensairaalassa seitsem\u00e4n tuntia kest\u00e4nyt leikkaus kasvaimen poistamiseksi. Sitten aloitettiin s\u00e4dehoito ja nyt tytt\u00f6 on voiton puolella.<\/p>\n<p class=\"article-content article-content-width !bg-background\">\u2013 Sy\u00f6p\u00e4 on vaikea sairaus. Et voi tiet\u00e4\u00e4, palaako se takaisin. Jos se tulee, se voi iske\u00e4 pahempana. Emme ehk\u00e4 ole ensi kerralla yht\u00e4 onnekkaita, mutta turha surra etuk\u00e4teen, Sophie sanoo.<\/p>\n<p>        <a itemprop=\"url\" href=\"https:\/\/www.seiska.fi\/terveys\/teinin-paansarky-olikin-petollinen-kasvain-nama-ovat-pelatyn-sairauden-oireet\/1696758\" rel=\"nofollow noopener\" target=\"_blank\"><\/p>\n<p>\nP\u00e4\u00e4ns\u00e4rky paljasti\n<\/p>\n<p class=\"section-date\">\n        <strong class=\"article-section\" data-section=\"terveys\"><br \/>\n            terveys<br \/>\n        <\/strong><br \/>\n        18.5. 18:00\n    <\/p>\n<p>    Teinin p\u00e4\u00e4ns\u00e4rky olikin petollinen kasvain \u2013 n\u00e4m\u00e4 ovat pel\u00e4tyn sairauden oireet<\/p>\n<p itemprop=\"description\" class=\"subtitle \">\n    Urheilullisen 15-vuotiaan pojan el\u00e4m\u00e4 muuttui t\u00e4ysin sen j\u00e4lkeen, kun h\u00e4net l\u00e4hetettiin koulusta kotiin p\u00e4\u00e4ns\u00e4ryn vuoksi.\n<\/p>\n<p>        <\/a><\/p>\n<p>                <img decoding=\"async\" src=\"https:\/\/www.europesays.com\/fi\/wp-content\/uploads\/2025\/08\/1841454.webp\" width=\"576\" height=\"639\" alt=\"Esmailin piti k\u00e4ytt\u00e4\u00e4 erikoismaskia s\u00e4dehoidon aikana.\" loading=\"lazy\" \/>            <\/p>\n<p>\n            Esmailin piti k\u00e4ytt\u00e4\u00e4 erikoismaskia s\u00e4dehoidon aikana.<br \/>\n            MV PHOTOS\n        <\/p>\n<p>Tarkastuksiin kannattaa menn\u00e4<\/p>\n<p class=\"article-content article-content-width !bg-background\">Sophie haluaa kannustaa muita vanhempia ottamaan lastensa silmien hyvinvointi vakavasti.<\/p>\n<p class=\"article-content article-content-width !bg-background\">\u2013 En usko, ett\u00e4 kukaan todella ajattelee viev\u00e4ns\u00e4 lapsiaan n\u00e4\u00f6ntarkastuksiin. En olisi itsek\u00e4\u00e4n vienyt, ellei lapsi olisi sanonut n\u00e4kev\u00e4ns\u00e4 pilkkuja. S\u00e4\u00e4nn\u00f6llisten n\u00e4\u00f6ntarkastusten pit\u00e4isi olla yht\u00e4 normaalia kuin kampaajalla tai hammasl\u00e4\u00e4k\u00e4rill\u00e4 k\u00e4ynti,\u00a0 Sophie tuumaa.<\/p>\n<p>        <a itemprop=\"url\" href=\"https:\/\/www.seiska.fi\/terveys\/nuori-nainen-turposi-muodottomaksi-tallaiset-ovat-salakavalan-sairauden-oireet\/1696761\" rel=\"nofollow noopener\" target=\"_blank\"><\/p>\n<p>\nSalakavala sairaus\n<\/p>\n<p class=\"section-date\">\n        <strong class=\"article-section\" data-section=\"terveys\"><br \/>\n            terveys<br \/>\n        <\/strong><br \/>\n        17.5. 11:00\n    <\/p>\n<p>    Nuori nainen turposi muodottomaksi \u2013 t\u00e4llaiset ovat salakavalan sairauden oireet<\/p>\n<p itemprop=\"description\" class=\"subtitle \">\n    Harvinainen sairaus muutti Evanin el\u00e4m\u00e4n t\u00e4ysin.\n<\/p>\n<p>        <\/a><\/p>\n<p>                <img decoding=\"async\" src=\"https:\/\/www.europesays.com\/fi\/wp-content\/uploads\/2025\/08\/1841468.webp\" width=\"576\" height=\"600\" alt=\"Vasemmalla Esmail \u00e4itins\u00e4 Sophien ja pikkusiskonsa Gracen kanssa.\" loading=\"lazy\" \/>            <\/p>\n<p>\n            Vasemmalla Esmail \u00e4itins\u00e4 Sophien ja pikkusiskonsa Gracen kanssa.<br \/>\n            MV PHOTOS\n        <\/p>\n<p>Tilanne Suomessa<\/p>\n<p class=\"article-content article-content-width !bg-background\">Duodecimin mukaan aivokasvaimet ovat lasten yleisin kiinteiden kasvainten ryhm\u00e4. Suomessa diagnosoidaan vuosittain noin 50 uutta tapausta, joista vajaa puolet on pahalaatuisia.\u00a0<\/p>\n<p class=\"article-content article-content-width !bg-background\">Aivokasvaimet aiheuttavat suurimman osan lasten sy\u00f6p\u00e4kuolemista. Syit\u00e4 lasten aivokasvaimien synnylle on tutkittu runsaasti, mutta vain aikaisemmin keskushermostoon annetun s\u00e4dehoidon on todettu lis\u00e4\u00e4v\u00e4n esiintyvyytt\u00e4.\u00a0<\/p>\n<p class=\"article-content article-content-width !bg-background\">Osan aivokasvaimista on perinn\u00f6llisi\u00e4.<\/p>\n<p>        <a itemprop=\"url\" href=\"https:\/\/www.seiska.fi\/terveys\/heidi-foxellilta-huonoja-uutisia\/1695150\" rel=\"nofollow noopener\" target=\"_blank\"><\/p>\n<p>\nHeidi Foxellilta\n<\/p>\n<p class=\"section-date\">\n        <strong class=\"article-section\" data-section=\"terveys\"><br \/>\n            terveys<br \/>\n        <\/strong><br \/>\n        7.5. 19:30\n    <\/p>\n<p>    Heidi Foxellilta huonoja uutisia<\/p>\n<p itemprop=\"description\" class=\"subtitle \">\n    Sairauden etenemisest\u00e4 ei viel\u00e4 tiedet\u00e4.\n<\/p>\n<p>        <\/a><\/p>\n","protected":false},"excerpt":{"rendered":"MV PHOTOS Diagnoosista j\u00e4rkyttynyt \u00e4iti kannustaa vanhempia rutiinitarkastuksiin. Englantilaisen , 7, \u00e4iti,\u00a0, 35, vei tytt\u00e4rens\u00e4 optikolle tammikuussa 2024&hellip;\n","protected":false},"author":2,"featured_media":15001,"comment_status":"","ping_status":"","sticky":false,"template":"","format":"standard","meta":{"footnotes":""},"categories":[165],"tags":[3416,5937,33,31,30,166,5939,5940,5938,32,167],"class_list":{"0":"post-15000","1":"post","2":"type-post","3":"status-publish","4":"format-standard","5":"has-post-thumbnail","7":"category-terveys","8":"tag-aivokasvain","9":"tag-esmai","10":"tag-fi","11":"tag-finland","12":"tag-finnish","13":"tag-health","14":"tag-leikkaus","15":"tag-silmatarkastus","16":"tag-sophie-evans","17":"tag-suomi","18":"tag-terveys"},"share_on_mastodon":{"url":"","error":""},"_links":{"self":[{"href":"https:\/\/www.europesays.com\/fi\/wp-json\/wp\/v2\/posts\/15000","targetHints":{"allow":["GET"]}}],"collection":[{"href":"https:\/\/www.europesays.com\/fi\/wp-json\/wp\/v2\/posts"}],"about":[{"href":"https:\/\/www.europesays.com\/fi\/wp-json\/wp\/v2\/types\/post"}],"author":[{"embeddable":true,"href":"https:\/\/www.europesays.com\/fi\/wp-json\/wp\/v2\/users\/2"}],"replies":[{"embeddable":true,"href":"https:\/\/www.europesays.com\/fi\/wp-json\/wp\/v2\/comments?post=15000"}],"version-history":[{"count":0,"href":"https:\/\/www.europesays.com\/fi\/wp-json\/wp\/v2\/posts\/15000\/revisions"}],"wp:featuredmedia":[{"embeddable":true,"href":"https:\/\/www.europesays.com\/fi\/wp-json\/wp\/v2\/media\/15001"}],"wp:attachment":[{"href":"https:\/\/www.europesays.com\/fi\/wp-json\/wp\/v2\/media?parent=15000"}],"wp:term":[{"taxonomy":"category","embeddable":true,"href":"https:\/\/www.europesays.com\/fi\/wp-json\/wp\/v2\/categories?post=15000"},{"taxonomy":"post_tag","embeddable":true,"href":"https:\/\/www.europesays.com\/fi\/wp-json\/wp\/v2\/tags?post=15000"}],"curies":[{"name":"wp","href":"https:\/\/api.w.org\/{rel}","templated":true}]}}