{"id":15018,"date":"2025-08-24T15:33:07","date_gmt":"2025-08-24T15:33:07","guid":{"rendered":"https:\/\/www.europesays.com\/fi\/15018\/"},"modified":"2025-08-24T15:33:07","modified_gmt":"2025-08-24T15:33:07","slug":"miten-olen-edes-paatynyt-tallaiselle-alalle","status":"publish","type":"post","link":"https:\/\/www.europesays.com\/fi\/15018\/","title":{"rendered":"Miten olen edes p\u00e4\u00e4tynyt t\u00e4llaiselle alalle"},"content":{"rendered":"<p>\n            VAIN EL\u00c4M\u00c4\u00c4. Mikki Kauste. ATTE KAJOVA.<br \/>\n            ATTE KAJOVA\n        <\/p>\n<p class=\"subtitle \">Solisti l\u00e4hti Vain el\u00e4m\u00e4\u00e4 -kaudelle muiden artistien innostamana.<\/p>\n<p class=\"article-content article-content-width !bg-background\">Egotripin laulaja  on mukana t\u00e4m\u00e4n syksyn Vain el\u00e4m\u00e4\u00e4 -kaudella. Mukana ovat muun muassa ,  ja  Kuumaa-yhtyeest\u00e4.<\/p>\n<p class=\"article-content article-content-width !bg-background\">Mikki my\u00f6nt\u00e4\u00e4, ett\u00e4 Egotripin taipaleen aikana h\u00e4nt\u00e4 on vaivannut ujous.<\/p>\n<p class=\"article-content article-content-width !bg-background\">\u2013 V\u00e4lill\u00e4 olen pohtinut, ett\u00e4 miten olen edes p\u00e4\u00e4tynyt n\u00e4ill\u00e4 luonteenpiirteill\u00e4ni t\u00e4llaiselle alalle. Minun on pit\u00e4nyt voittaa sellainen arkuus ja ep\u00e4varmuus, joka on ollut minulla jo lapsesta saakka, Mikki kertoo.<\/p>\n<p>        <a itemprop=\"url\" href=\"https:\/\/www.seiska.fi\/katso\/kaarijan-temppu-jarkytti-johannes-brotherusta-shokissa\/1906220\" rel=\"nofollow noopener\" target=\"_blank\"><\/p>\n<p>\nJohannes Brotherus\n<\/p>\n<p class=\"section-date\">\n        <strong class=\"article-section\" data-section=\"katso\"><br \/>\n            katso<br \/>\n        <\/strong><br \/>\n        21.8. 13:15\n    <\/p>\n<p>    K\u00e4\u00e4rij\u00e4n temppu j\u00e4rkytti Johannes Brotherusta: \u201dShokissa!\u201d<\/p>\n<p itemprop=\"description\" class=\"subtitle \">\n    Kuumaa-laulaja Johannes Brotherus ei halunnut k\u00e4ytt\u00e4\u00e4 n\u00e4yttelij\u00e4n lahjojaan Vain el\u00e4m\u00e4\u00e4 -leirill\u00e4.\n<\/p>\n<p>        <\/a><\/p>\n<p class=\"article-content article-content-width !bg-background\">En\u00e4\u00e4 j\u00e4nnitys ei samalla tavalla vaivaa.<\/p>\n<p class=\"article-content article-content-width !bg-background\">\u2013 Esiintyminen on tullut tutuksi, samoin julkisuudessa oleminen. Vain el\u00e4m\u00e4\u00e4k\u00e4\u00e4n ei ollut en\u00e4\u00e4 mik\u00e4\u00e4n sen kaltainen prosessi, ett\u00e4 minun pit\u00e4isi voittaa itsest\u00e4ni jotain t\u00e4m\u00e4n suhteen, Mikki kertoo.<\/p>\n<p>Suuri m\u00e4\u00e4r\u00e4 hittej\u00e4<\/p>\n<p class=\"article-content article-content-width !bg-background\">Vain el\u00e4m\u00e4\u00e4 -organisaatio on jo aiemmilla kausilla l\u00e4hestynyt Egotrippi\u00e4.<\/p>\n<p class=\"article-content article-content-width !bg-background\">\u2013 On tullut tiedusteluja halukkuudesta. Minua on kysytty, samoin kitaristiamme , Mikki kertoo.<\/p>\n<p class=\"article-content article-content-width !bg-background\">\u2013 Egotripill\u00e4 alkaa olla jo niin iso katalogi ihmisten tuntemia kappaleita. On varmasti t\u00e4m\u00e4n ohjelmaformaatin kannalta hy\u00f6dyllist\u00e4 p\u00e4\u00e4st\u00e4 ty\u00f6st\u00e4m\u00e4\u00e4n niit\u00e4 ja nyt oli sopiva hetki itsellekin l\u00e4hte\u00e4 mukaan, Mikki ruotii.<\/p>\n<p>        <a itemprop=\"url\" href=\"https:\/\/www.seiska.fi\/katso\/pelle-miljoona-pohtii-suunnanmuutosta\/1905074\" rel=\"nofollow noopener\" target=\"_blank\"><\/p>\n<p>\nVain el\u00e4m\u00e4\u00e4\n<\/p>\n<p class=\"section-date\">\n        <strong class=\"article-section\" data-section=\"katso\"><br \/>\n            katso<br \/>\n        <\/strong><br \/>\n        20.8. 15:15\n    <\/p>\n<p>    Pelle Miljoona pohtii suunnanmuutosta<\/p>\n<p itemprop=\"description\" class=\"subtitle \">\n    Pelle Miljoona on t\u00e4m\u00e4n syksyn vanhin Vain el\u00e4m\u00e4\u00e4 -artisti.\n<\/p>\n<p>        <\/a><\/p>\n<p class=\"article-content article-content-width !bg-background\">P\u00e4\u00e4t\u00f6s sinet\u00f6ityi yhdest\u00e4 syyst\u00e4.<\/p>\n<p class=\"article-content article-content-width !bg-background\">\u2013 T\u00e4n\u00e4 vuonna mukana olevat artistit olivat se lopullinen kipin\u00e4. Arvostan heit\u00e4 kaikkia sek\u00e4 ihmisin\u00e4 ett\u00e4 taiteilijoina, Mikki kertoo.<\/p>\n<p>Jyrki oli mullistava<\/p>\n<p class=\"article-content article-content-width !bg-background\">Egotrippi perustettiin vuonna 1993 ja Mikki on ehtinyt n\u00e4hd\u00e4 musiikkibisneksen monet muutokset.<\/p>\n<p class=\"article-content article-content-width !bg-background\">\u2013 Television musiikkiohjelmatkin ovat muuttuneet paljon jostain Hittimittarin p\u00e4ivist\u00e4. 1990-luvun Jyrki oli kyll\u00e4 merkitt\u00e4v\u00e4 juttu. J\u00e4lkik\u00e4teen ajateltuna se oli todella mullistava, Mikki muistelee.<\/p>\n<p class=\"article-content article-content-width !bg-background\">\u2013 Jyrki oli jokap\u00e4iv\u00e4inen makasiiniohjelma, josta valtavat m\u00e4\u00e4r\u00e4t artisteja suorastaan tulvivat ihmisten olohuoneisiin. Egotripinkin suosion yksi suurista taustatekij\u00f6ist\u00e4 oli Jyrki ja se, ett\u00e4 nuoret ymp\u00e4ri Suomea p\u00e4\u00e4siv\u00e4t n\u00e4kem\u00e4\u00e4n meid\u00e4n esiintymisi\u00e4mme ja musiikkivideoitamme, Mikki pohtii.<\/p>\n<p class=\"italic m-italic article-content article-content-width !bg-background\">Vain el\u00e4m\u00e4\u00e4 alkaa Ruudussa ja Nelosella perjantaina 5.9. kello 20.00.<\/p>\n<p>        <a itemprop=\"url\" href=\"https:\/\/www.seiska.fi\/katso\/vain-elamaa-kaarija-rikkoi-salaisen-sopimuksen\/1904779\" rel=\"nofollow noopener\" target=\"_blank\"><\/p>\n<p>\nVain el\u00e4m\u00e4\u00e4\n<\/p>\n<p class=\"section-date\">\n        <strong class=\"article-section\" data-section=\"katso\"><br \/>\n            katso<br \/>\n        <\/strong><br \/>\n        20.8. 12:15\n    <\/p>\n<p>    Vain el\u00e4m\u00e4\u00e4: K\u00e4\u00e4rij\u00e4 rikkoi salaisen sopimuksen<\/p>\n<p itemprop=\"description\" class=\"subtitle \">\n    K\u00e4\u00e4rij\u00e4 kielt\u00e4ytyi useita kertoja tarjouksesta l\u00e4hte\u00e4 mukaan Vain el\u00e4m\u00e4\u00e4 -ohjelmaan.\n<\/p>\n<p>        <\/a><\/p>\n","protected":false},"excerpt":{"rendered":"VAIN EL\u00c4M\u00c4\u00c4. Mikki Kauste. ATTE KAJOVA. ATTE KAJOVA Solisti l\u00e4hti Vain el\u00e4m\u00e4\u00e4 -kaudelle muiden artistien innostamana. Egotripin laulaja&hellip;\n","protected":false},"author":2,"featured_media":15019,"comment_status":"","ping_status":"","sticky":false,"template":"","format":"standard","meta":{"footnotes":""},"categories":[136],"tags":[407,5947,137,33,31,30,5943,4963,408,5944,4559,5945,5946,5729,4915,32,4914,4965,109],"class_list":{"0":"post-15018","1":"post","2":"type-post","3":"status-publish","4":"format-standard","5":"has-post-thumbnail","7":"category-julkkikset","8":"tag-celebrities","9":"tag-egotrippi","10":"tag-entertainment","11":"tag-fi","12":"tag-finland","13":"tag-finnish","14":"tag-hittimittari","15":"tag-johannes-brotherus","16":"tag-julkkikset","17":"tag-jyrki","18":"tag-kaarija","19":"tag-knipi","20":"tag-mikki-kauste","21":"tag-musiikkiohjelmat","22":"tag-pelle-miljoona","23":"tag-suomi","24":"tag-vain-elamaa","25":"tag-vesta","26":"tag-viihde"},"share_on_mastodon":{"url":"","error":""},"_links":{"self":[{"href":"https:\/\/www.europesays.com\/fi\/wp-json\/wp\/v2\/posts\/15018","targetHints":{"allow":["GET"]}}],"collection":[{"href":"https:\/\/www.europesays.com\/fi\/wp-json\/wp\/v2\/posts"}],"about":[{"href":"https:\/\/www.europesays.com\/fi\/wp-json\/wp\/v2\/types\/post"}],"author":[{"embeddable":true,"href":"https:\/\/www.europesays.com\/fi\/wp-json\/wp\/v2\/users\/2"}],"replies":[{"embeddable":true,"href":"https:\/\/www.europesays.com\/fi\/wp-json\/wp\/v2\/comments?post=15018"}],"version-history":[{"count":0,"href":"https:\/\/www.europesays.com\/fi\/wp-json\/wp\/v2\/posts\/15018\/revisions"}],"wp:featuredmedia":[{"embeddable":true,"href":"https:\/\/www.europesays.com\/fi\/wp-json\/wp\/v2\/media\/15019"}],"wp:attachment":[{"href":"https:\/\/www.europesays.com\/fi\/wp-json\/wp\/v2\/media?parent=15018"}],"wp:term":[{"taxonomy":"category","embeddable":true,"href":"https:\/\/www.europesays.com\/fi\/wp-json\/wp\/v2\/categories?post=15018"},{"taxonomy":"post_tag","embeddable":true,"href":"https:\/\/www.europesays.com\/fi\/wp-json\/wp\/v2\/tags?post=15018"}],"curies":[{"name":"wp","href":"https:\/\/api.w.org\/{rel}","templated":true}]}}