{"id":150344,"date":"2026-01-23T17:47:08","date_gmt":"2026-01-23T17:47:08","guid":{"rendered":"https:\/\/www.europesays.com\/fi\/150344\/"},"modified":"2026-01-23T17:47:08","modified_gmt":"2026-01-23T17:47:08","slug":"frederik-paljastaa-tyylimuutoksensa-syyn-katso-video-kanarian-saarilta","status":"publish","type":"post","link":"https:\/\/www.europesays.com\/fi\/150344\/","title":{"rendered":"Frederik paljastaa tyylimuutoksensa syyn \u2013 katso video Kanarian saarilta"},"content":{"rendered":"<p>            Timo Korhonen\n        <\/p>\n<p class=\"subtitle \">Junttidiscon kuningas muutti tyyli\u00e4\u00e4n erikoisesta syyst\u00e4.<\/p>\n<p class=\"article-content article-content-width !bg-background\">Junttidiscon kuninkaaksi itse\u00e4\u00e4n tituleeraava , eli <\/p>\n<p class=\"article-content article-content-width !bg-background\">Muun muassa Kolmekymppinen ja Jos jotain yritt\u00e4\u00e4, biiseist\u00e4\u00e4n tunnettu Espanjan Kanariansaarilla talvehtiva iskelm\u00e4legenda on muuttanut tyyli\u00e4\u00e4n lomansa aikana.\u00a0<\/p>\n<p>        <a itemprop=\"url\" href=\"https:\/\/www.seiska.fi\/kotimaa\/il-frederikilta-80-intiimi-suhdepaljastus\/2026376\" rel=\"nofollow noopener\" target=\"_blank\"><\/p>\n<p>\nIltalehti:\n<\/p>\n<p class=\"section-date\">\n        <strong class=\"article-section\" data-section=\"kotimaa\"><br \/>\n            kotimaa<br \/>\n        <\/strong><br \/>\n        19.12.2025 14:25\n    <\/p>\n<p>IL: Frederikilt\u00e4, 80, intiimi suhdepaljastus\n    <\/p>\n<p itemprop=\"description\" class=\"subtitle \">\n    Junttidiskon kuningas on k\u00e4ynyt sormuskaupoilla.\n<\/p>\n<p>        <\/a><\/p>\n<p class=\"article-content article-content-width !bg-background\">Alkuvuoden hiljaiseloa Instagraminsa puolella pit\u00e4nyt ikinuori teki yll\u00e4tyspaluun viikko sitten julkaistessaan promokuvalla varustetun p\u00e4ivityksen.<\/p>\n<p class=\"article-content article-content-width !bg-background\">Nyt Reetu hellii fanejaan tuoreella videop\u00e4ivityksell\u00e4 (22.1.), jossa n\u00e4hd\u00e4\u00e4n silminn\u00e4hden muuttunut mies.\u00a0<\/p>\n<p>Tyylimuutos<\/p>\n<p class=\"article-content article-content-width !bg-background\">L\u00e4mpim\u00e4mmist\u00e4 s\u00e4ist\u00e4 Kanarialla nautiskeleva ex-kolmekymppinen, kertoo videop\u00e4ivityksess\u00e4\u00e4n syyn tyylimuutokselleen.<\/p>\n<p>                <img decoding=\"async\" src=\"https:\/\/www.europesays.com\/fi\/wp-content\/uploads\/2026\/01\/2055592.webp.jpeg\" width=\"576\" height=\"274\" title=\"Frederik painaa edelleen: laulu soi ja kansa viihtyy. Kuva vuodelta 2020.\" alt=\"Frederik katselee ulapalle kitara olkap\u00e4\u00e4ll\u00e4\u00e4n.\" loading=\"lazy\" \/>            <\/p>\n<p>\n            Frederik painaa edelleen: laulu soi ja kansa viihtyy. Kuva vuodelta 2020.<br \/>\n            Matti Matikainen\n        <\/p>\n<p class=\"article-content article-content-width !bg-background\"> \u2013 Olen kasvattanut itselleni joulupukin parran\u00a0\u2013 eli ensi jouluna tervetuloa tilaamaan Reetua joulupukki-keikalle.<\/p>\n<p class=\"article-content article-content-width !bg-background\">Mutta se on sitten, ja nyt on nyt.<\/p>\n<p>        <a itemprop=\"url\" href=\"https:\/\/www.seiska.fi\/kotimaa\/is-frederik-hurjasteli-liikenteessa-sakkosumma-loksauttaa-leuat\/1942304\" rel=\"nofollow noopener\" target=\"_blank\"><\/p>\n<p>\nIS: Frederik hurjasteli liikenteess\u00e4\n<\/p>\n<p class=\"section-date\">\n        <strong class=\"article-section\" data-section=\"kotimaa\"><br \/>\n            kotimaa<br \/>\n        <\/strong><br \/>\n        26.9.2025 12:04\n    <\/p>\n<p>IS: Frederik hurjasteli liikenteess\u00e4 \u2013 sakkosumma loksauttaa leuat!\n    <\/p>\n<p itemprop=\"description\" class=\"subtitle \">\n    Frederik oli taannoin Farmi Suomen kuvauksissa. Itse ohjelma tulee ulos vasta ensi vuonna. Maatilaa junttidiskon kunkku kuvasi keskitysleiriksi.\n<\/p>\n<p>        <\/a><\/p>\n<p class=\"article-content article-content-width !bg-background\">Ennen joulupukki-keikkoja edess\u00e4 on musiikkikeikkoja. Laulaja-legendan lomat on lusittu, ja paluu keikkalavoille tapahtui eilen (22.1.) Kanarian Iskelm\u00e4-baarissa.<\/p>\n<p>Huhujen kohteena<\/p>\n<p class=\"article-content article-content-width !bg-background\">Loppuvuodesta Frederik nousi otsikoihin ik\u00e4vien huhujen takia.\u00a0<\/p>\n<p class=\"article-content article-content-width !bg-background\"><a href=\"https:\/\/www.seiska.fi\/kotimaa\/frederikilta-yllattava-kommentti-dannyn-ja-helmin-suhteesta\/1980149\" aria-label=\"Seiskan juttu Frederikkiin liittyvist\u00e4 huhuista (2.11.2025)\" target=\"_blank\" rel=\"nofollow noopener\">Seiskalle<\/a> tihkui tietoja, joiden mukaan Reetu olisi lent\u00e4nyt pihalle Kanariansaarilla sijaitsevasta baarista saavuttuaan ravintolaan paidatta, ja kielt\u00e4ydytty\u00e4\u00e4n pukemasta moista asustetta p\u00e4\u00e4lleen pyynn\u00f6st\u00e4 huolimatta.<\/p>\n<p>        <a itemprop=\"url\" href=\"https:\/\/www.seiska.fi\/kotimaa\/frederikilta-yllattava-kommentti-dannyn-ja-helmin-suhteesta\/1980149\" rel=\"nofollow noopener\" target=\"_blank\"><\/p>\n<p>\nNyt puhuu Frederik\n<\/p>\n<p class=\"section-date\">\n        <strong class=\"article-section\" data-section=\"kotimaa\"><br \/>\n            kotimaa<br \/>\n        <\/strong><br \/>\n        2.11.2025 19:30\n    <\/p>\n<p>Frederikilt\u00e4 yll\u00e4tt\u00e4v\u00e4 kommentti Dannyn ja Helmin suhteesta!\n    <\/p>\n<p itemprop=\"description\" class=\"subtitle \">\n    Koko viime syksyn media seurasi luimistellen Frederikin ja h\u00e4nen ex-kaverinsa, musiikkineuvos Dannyn, riitely\u00e4.\n<\/p>\n<p>        <\/a><\/p>\n<p class=\"article-content article-content-width !bg-background\">Iskelm\u00e4konkari kuittasi huhut per\u00e4tt\u00f6miksi\u00a0\u2013 voimasanoin h\u00f6ystettyn\u00e4.<\/p>\n","protected":false},"excerpt":{"rendered":"Timo Korhonen Junttidiscon kuningas muutti tyyli\u00e4\u00e4n erikoisesta syyst\u00e4. Junttidiscon kuninkaaksi itse\u00e4\u00e4n tituleeraava , eli Muun muassa Kolmekymppinen ja&hellip;\n","protected":false},"author":2,"featured_media":150345,"comment_status":"","ping_status":"","sticky":false,"template":"","format":"standard","meta":{"footnotes":"","_share_on_mastodon":"0"},"categories":[130],"tags":[137,33,31,30,1759,8406,1007,16667,32,6101,109],"class_list":["post-150344","post","type-post","status-publish","format-standard","has-post-thumbnail","category-viihde","tag-entertainment","tag-fi","tag-finland","tag-finnish","tag-frederik","tag-ilkka-sysimetsa","tag-iskelmamusiikki","tag-kanariansaaret","tag-suomi","tag-tyylimuutos","tag-viihde"],"share_on_mastodon":{"url":"https:\/\/pubeurope.com\/@fi\/115945671438197743","error":""},"_links":{"self":[{"href":"https:\/\/www.europesays.com\/fi\/wp-json\/wp\/v2\/posts\/150344","targetHints":{"allow":["GET"]}}],"collection":[{"href":"https:\/\/www.europesays.com\/fi\/wp-json\/wp\/v2\/posts"}],"about":[{"href":"https:\/\/www.europesays.com\/fi\/wp-json\/wp\/v2\/types\/post"}],"author":[{"embeddable":true,"href":"https:\/\/www.europesays.com\/fi\/wp-json\/wp\/v2\/users\/2"}],"replies":[{"embeddable":true,"href":"https:\/\/www.europesays.com\/fi\/wp-json\/wp\/v2\/comments?post=150344"}],"version-history":[{"count":0,"href":"https:\/\/www.europesays.com\/fi\/wp-json\/wp\/v2\/posts\/150344\/revisions"}],"wp:featuredmedia":[{"embeddable":true,"href":"https:\/\/www.europesays.com\/fi\/wp-json\/wp\/v2\/media\/150345"}],"wp:attachment":[{"href":"https:\/\/www.europesays.com\/fi\/wp-json\/wp\/v2\/media?parent=150344"}],"wp:term":[{"taxonomy":"category","embeddable":true,"href":"https:\/\/www.europesays.com\/fi\/wp-json\/wp\/v2\/categories?post=150344"},{"taxonomy":"post_tag","embeddable":true,"href":"https:\/\/www.europesays.com\/fi\/wp-json\/wp\/v2\/tags?post=150344"}],"curies":[{"name":"wp","href":"https:\/\/api.w.org\/{rel}","templated":true}]}}