{"id":150380,"date":"2026-01-23T18:38:07","date_gmt":"2026-01-23T18:38:07","guid":{"rendered":"https:\/\/www.europesays.com\/fi\/150380\/"},"modified":"2026-01-23T18:38:07","modified_gmt":"2026-01-23T18:38:07","slug":"evil-dead-mestari-sam-raimin-kauhuleffasta-julkaistiin-uusia-videoita","status":"publish","type":"post","link":"https:\/\/www.europesays.com\/fi\/150380\/","title":{"rendered":"Evil Dead -mestari Sam Raimin kauhuleffasta julkaistiin uusia videoita"},"content":{"rendered":"<p>Tammikuun 30. p\u00e4iv\u00e4 ensi-iltansa saavan Evil Dead -mies <strong>Sam Raimin <\/strong>ohjaama Send Help vaikuttaa hauskalta kauhuleffalta.<\/p>\n<p>Amerikassa R-leimattu (K16) elokuva kertoo<strong> Rachel McAdamsin <\/strong>esitt\u00e4m\u00e4st\u00e4 ty\u00f6ntekij\u00e4st\u00e4, jonka mitta tulee lopulta t\u00e4yteen.<\/p>\n<p>Lue my\u00f6s: <a href=\"https:\/\/www.episodi.fi\/uutiset\/lahettakaa-apua-sam-raimin-uusi-kauhuleffa-sai-trailerin\/\" title=\"L\u00e4hett\u00e4k\u00e4\u00e4 apua! \u2013 Sam Raimin uusi kauhuleffa sai trailerin\" class=\"underline-custom !font-montserrat !font-bold !underline-offset-4 !decoration-4 !decoration-episodi-blue !text-md\" rel=\"nofollow noopener\" target=\"_blank\">L\u00e4hett\u00e4k\u00e4\u00e4 apua! \u2013 Sam Raimin uusi kauhuleffa sai trailerin<\/a><\/p>\n<p>Lue my\u00f6s: <a href=\"https:\/\/www.episodi.fi\/uutiset\/lisaa-evil-deadia-uuteen-elokuvaan-on-valittu-jo-nayttelijat\/\" title=\"Lis\u00e4\u00e4 Evil Deadia! \u2013 Uuteen elokuvaan on valittu jo n\u00e4yttelij\u00e4t\" class=\"underline-custom !font-montserrat !font-bold !underline-offset-4 !decoration-4 !decoration-episodi-blue !text-md\" rel=\"nofollow noopener\" target=\"_blank\">Lis\u00e4\u00e4 Evil Deadia! \u2013 Uuteen elokuvaan on valittu jo n\u00e4yttelij\u00e4t<\/a><\/p>\n<p>Nainen ja h\u00e4nen pomonsa (<strong>Dylan O\u2019Brien<\/strong>) haaksirikkoutuvat saarelle, jossa despootti pomo saa lopulta ansionsa mukaan.<\/p>\n<p>Alla uudet videot.<\/p>\n<p>Ensimm\u00e4isess\u00e4 n\u00e4hd\u00e4\u00e4n kuinka McAdams on mets\u00e4st\u00e4nyt pekonia kaksikolle. Toisessa p\u00e4tk\u00e4ss\u00e4 McAdams alkaa saamaan tarpeekseen \u00e4rsytt\u00e4v\u00e4st\u00e4 pomostaan.<\/p>\n<p><img loading=\"lazy\" decoding=\"async\" alt=\"YouTube video\" width=\"480\" height=\"360\" data-pin-nopin=\"true\" nopin=\"nopin\" class=\"perfmatters-lazy\" src=\"https:\/\/www.europesays.com\/fi\/wp-content\/uploads\/2026\/01\/1769193487_3_hqdefault.jpg\"\/><\/p>\n<p><img loading=\"lazy\" decoding=\"async\" alt=\"YouTube video\" width=\"480\" height=\"360\" data-pin-nopin=\"true\" nopin=\"nopin\" class=\"perfmatters-lazy\" src=\"https:\/\/www.europesays.com\/fi\/wp-content\/uploads\/2026\/01\/1769193487_202_hqdefault.jpg\"\/><\/p>\n<p>Lue my\u00f6s: <a href=\"https:\/\/www.episodi.fi\/uutiskirje\/?uutiskirjemainos=tekstilinkkimainos\" title=\"Tilaa Episodin uutiskirje ja voit voittaa leffalippuja! Nappaa tv-vinkit suoraan s\u00e4hk\u00f6postiin t\u00e4st\u00e4.\" class=\"underline-custom !font-montserrat !font-bold !underline-offset-4 !decoration-4 !decoration-episodi-blue !text-md\" rel=\"nofollow noopener\" target=\"_blank\">Tilaa Episodin uutiskirje ja voit voittaa leffalippuja! Nappaa katseluvinkit suoraan s\u00e4hk\u00f6postiin t\u00e4st\u00e4.<\/a><\/p>\n","protected":false},"excerpt":{"rendered":"Tammikuun 30. p\u00e4iv\u00e4 ensi-iltansa saavan Evil Dead -mies Sam Raimin ohjaama Send Help vaikuttaa hauskalta kauhuleffalta. Amerikassa R-leimattu&hellip;\n","protected":false},"author":2,"featured_media":150381,"comment_status":"","ping_status":"","sticky":false,"template":"","format":"standard","meta":{"footnotes":"","_share_on_mastodon":"0"},"categories":[131],"tags":[155,137,33,173,31,30,3057,172,10309,4754,14405,32,109],"class_list":["post-150380","post","type-post","status-publish","format-standard","has-post-thumbnail","category-elokuvat","tag-elokuvat","tag-entertainment","tag-fi","tag-film","tag-finland","tag-finnish","tag-kauhu","tag-movies","tag-rachel-mcadams","tag-sam-raimi","tag-send-help","tag-suomi","tag-viihde"],"share_on_mastodon":{"url":"https:\/\/pubeurope.com\/@fi\/115945871964116365","error":""},"_links":{"self":[{"href":"https:\/\/www.europesays.com\/fi\/wp-json\/wp\/v2\/posts\/150380","targetHints":{"allow":["GET"]}}],"collection":[{"href":"https:\/\/www.europesays.com\/fi\/wp-json\/wp\/v2\/posts"}],"about":[{"href":"https:\/\/www.europesays.com\/fi\/wp-json\/wp\/v2\/types\/post"}],"author":[{"embeddable":true,"href":"https:\/\/www.europesays.com\/fi\/wp-json\/wp\/v2\/users\/2"}],"replies":[{"embeddable":true,"href":"https:\/\/www.europesays.com\/fi\/wp-json\/wp\/v2\/comments?post=150380"}],"version-history":[{"count":0,"href":"https:\/\/www.europesays.com\/fi\/wp-json\/wp\/v2\/posts\/150380\/revisions"}],"wp:featuredmedia":[{"embeddable":true,"href":"https:\/\/www.europesays.com\/fi\/wp-json\/wp\/v2\/media\/150381"}],"wp:attachment":[{"href":"https:\/\/www.europesays.com\/fi\/wp-json\/wp\/v2\/media?parent=150380"}],"wp:term":[{"taxonomy":"category","embeddable":true,"href":"https:\/\/www.europesays.com\/fi\/wp-json\/wp\/v2\/categories?post=150380"},{"taxonomy":"post_tag","embeddable":true,"href":"https:\/\/www.europesays.com\/fi\/wp-json\/wp\/v2\/tags?post=150380"}],"curies":[{"name":"wp","href":"https:\/\/api.w.org\/{rel}","templated":true}]}}