{"id":150544,"date":"2026-01-23T22:43:11","date_gmt":"2026-01-23T22:43:11","guid":{"rendered":"https:\/\/www.europesays.com\/fi\/150544\/"},"modified":"2026-01-23T22:43:11","modified_gmt":"2026-01-23T22:43:11","slug":"sadat-kaupat-lakkoon-minnesotassa-trumpin-maahanmuuttoratsioiden-takia-uutisia-lyhyesti","status":"publish","type":"post","link":"https:\/\/www.europesays.com\/fi\/150544\/","title":{"rendered":"Sadat kaupat lakkoon Minnesotassa Trumpin maahanmuuttoratsioiden takia | Uutisia lyhyesti"},"content":{"rendered":"<p class=\"aw-1gybjub aw-5vja16 kEtdKx kmuxyA yle__article__paragraph\">Satojen yhdysvaltais\u00adyritysten odotetaan liittyv\u00e4n lakkoon, jolla vastustetaan ratsioita.<\/p>\n<p><img decoding=\"async\" alt=\"Kahvilan oven kylteiss\u00e4 vastustetaan maahanmuuttovirasto ICE:a.\" src=\"https:\/\/www.europesays.com\/fi\/wp-content\/uploads\/2026\/01\/39-15823916969da1328ed1.jpeg\" class=\"aw-1l9m598 hKVVvP\"\/><\/p>\n<p>Avaa kuvien katselu<\/p>\n<p>Monet Minneapolisin ravintoloista ilmoittivat jo aiemmin, etteiv\u00e4t ne kaipaa maahanmuuttovirasto ICE:n agentteja. Kuva: Uwa Iduozee \/ Yle<\/p>\n<p class=\"aw-1gybjub aw-1p7kakr kEtdKx cEmitX yle__article__paragraph\">Yhdysvalloissa Minnesotan osavaltiossa yritykset lakkoilevat vastalauseena presidentti <strong class=\"aw-ak79eh KyCXm yle__article__strong\">Donald Trumpin<\/strong> hallintoa vastaan.<\/p>\n<p class=\"aw-1gybjub aw-1p7kakr kEtdKx cEmitX yle__article__paragraph\">Sadat kaupat ja ravintolat ovat liittym\u00e4ss\u00e4 perjantaina yleislakkoon sen j\u00e4lkeen, kun Trumpin maahanmuuttoratsioita vastustavat mielenosoittajat vaativat taloudellisen toiminnan keskeytt\u00e4mist\u00e4.<\/p>\n<p class=\"aw-1gybjub aw-1p7kakr kEtdKx cEmitX yle__article__paragraph\">\u2013 Nyt on aika nousta puolustamaan asioita, sanoi aamiaisravintolan omistaja <strong class=\"aw-ak79eh KyCXm yle__article__strong\">Alison Kirwin<\/strong> <a class=\"aw-iao6s4 iHOxEa yle__article__link\" href=\"https:\/\/www.nytimes.com\/2026\/01\/23\/us\/minnesota-businesses-protest-ice.html\" role=\"link\" rel=\"nofollow noopener\" target=\"_blank\">The New York Times -sanomalehdelle<\/a> osavaltion p\u00e4\u00e4kaupungissa Minneapolisissa.<\/p>\n<p class=\"aw-1gybjub aw-1p7kakr kEtdKx cEmitX yle__article__paragraph\">Jo aiemmin jotkut <a class=\"aw-iao6s4 iHOxEa yle__article__link\" href=\"https:\/\/yle.fi\/a\/74-20203919\" role=\"link\" rel=\"nofollow noopener\" target=\"_blank\">ravintolat ja kahvilat ovat kielt\u00e4ytyneet<\/a> palvelemasta maahanmuuttoviraston agentteja.<\/p>\n<p class=\"aw-1gybjub aw-1p7kakr kEtdKx cEmitX yle__article__paragraph\">Minnesotan suurimmissa kaupungeissa, kuten Minneapolisissa ja Saint Paulissa, asukkaat ovat vastustaneet Yhdysvaltain maahanmuutto- ja tulliviraston (ICE) <a class=\"aw-iao6s4 iHOxEa yle__article__link\" href=\"https:\/\/yle.fi\/a\/74-20204415\" role=\"link\" rel=\"nofollow noopener\" target=\"_blank\">voimakkaita ratsioita<\/a>. Ne ovat kohdistuneet etenkin somalitaustaisiin yhteis\u00f6ihin ja her\u00e4tt\u00e4neet laajaa huolta syrjinn\u00e4st\u00e4 ja pelosta.<\/p>\n<p class=\"aw-1gybjub aw-1p7kakr kEtdKx cEmitX yle__article__paragraph\">Viime vuoden lopulla alkanut ICE:n operaatio on johtanut noin kolmeen tuhanteen pid\u00e4tykseen ja ainakin kahteen ampumiseen Minneapolisissa.<\/p>\n<p class=\"aw-1gybjub aw-1p7kakr kEtdKx cEmitX yle__article__paragraph\">Mielenosoitukset yltyiv\u00e4t sen j\u00e4lkeen, kun <a class=\"aw-iao6s4 iHOxEa yle__article__link\" href=\"https:\/\/yle.fi\/a\/74-20203094\" role=\"link\" rel=\"nofollow noopener\" target=\"_blank\">ICE ampui toissa viikolla kuoliaaksi<\/a> 37-vuotiaan <strong class=\"aw-ak79eh KyCXm yle__article__strong\">Renee Nicole Goodin<\/strong> Minneapolisissa.<\/p>\n","protected":false},"excerpt":{"rendered":"Satojen yhdysvaltais\u00adyritysten odotetaan liittyv\u00e4n lakkoon, jolla vastustetaan ratsioita. Avaa kuvien katselu Monet Minneapolisin ravintoloista ilmoittivat jo aiemmin, etteiv\u00e4t&hellip;\n","protected":false},"author":2,"featured_media":150545,"comment_status":"","ping_status":"","sticky":false,"template":"","format":"standard","meta":{"footnotes":"","_share_on_mastodon":"0"},"categories":[14],"tags":[22,23,585,26,27,33,31,30,17,3846,24,25,28,29,2571,6699,7822,15,18,21,32,19,20,56,16,59,60,61,619],"class_list":["post-150544","post","type-post","status-publish","format-standard","has-post-thumbnail","category-ulkomaat","tag-breaking-news","tag-breakingnews","tag-donald-trump","tag-featured-news","tag-featurednews","tag-fi","tag-finland","tag-finnish","tag-headlines","tag-lakot","tag-latest-news","tag-latestnews","tag-main-news","tag-mainnews","tag-mielenosoitukset","tag-minneapolis","tag-minnesota","tag-news","tag-otsikot","tag-paauutiset","tag-suomi","tag-top-stories","tag-topstories","tag-ulkomaat","tag-uutiset","tag-world","tag-world-news","tag-worldnews","tag-yhdysvallat"],"share_on_mastodon":{"url":"https:\/\/pubeurope.com\/@fi\/115946835405559394","error":""},"_links":{"self":[{"href":"https:\/\/www.europesays.com\/fi\/wp-json\/wp\/v2\/posts\/150544","targetHints":{"allow":["GET"]}}],"collection":[{"href":"https:\/\/www.europesays.com\/fi\/wp-json\/wp\/v2\/posts"}],"about":[{"href":"https:\/\/www.europesays.com\/fi\/wp-json\/wp\/v2\/types\/post"}],"author":[{"embeddable":true,"href":"https:\/\/www.europesays.com\/fi\/wp-json\/wp\/v2\/users\/2"}],"replies":[{"embeddable":true,"href":"https:\/\/www.europesays.com\/fi\/wp-json\/wp\/v2\/comments?post=150544"}],"version-history":[{"count":0,"href":"https:\/\/www.europesays.com\/fi\/wp-json\/wp\/v2\/posts\/150544\/revisions"}],"wp:featuredmedia":[{"embeddable":true,"href":"https:\/\/www.europesays.com\/fi\/wp-json\/wp\/v2\/media\/150545"}],"wp:attachment":[{"href":"https:\/\/www.europesays.com\/fi\/wp-json\/wp\/v2\/media?parent=150544"}],"wp:term":[{"taxonomy":"category","embeddable":true,"href":"https:\/\/www.europesays.com\/fi\/wp-json\/wp\/v2\/categories?post=150544"},{"taxonomy":"post_tag","embeddable":true,"href":"https:\/\/www.europesays.com\/fi\/wp-json\/wp\/v2\/tags?post=150544"}],"curies":[{"name":"wp","href":"https:\/\/api.w.org\/{rel}","templated":true}]}}