{"id":150806,"date":"2026-01-24T06:28:03","date_gmt":"2026-01-24T06:28:03","guid":{"rendered":"https:\/\/www.europesays.com\/fi\/150806\/"},"modified":"2026-01-24T06:28:03","modified_gmt":"2026-01-24T06:28:03","slug":"muuramen-laaja-vesikatko-jatkuu-perjantai-iltaan-saakka-vesi-keitettava-suurella-alueella-kotimaa","status":"publish","type":"post","link":"https:\/\/www.europesays.com\/fi\/150806\/","title":{"rendered":"Muuramen laaja vesikatko jatkuu perjantai-iltaan saakka \u2013 vesi keitett\u00e4v\u00e4 suurella alueella | Kotimaa"},"content":{"rendered":"<ul class=\"aw-1jjocuh iJTSwP yle__article__list yle__article__list--ul\">\n<li class=\"aw-1j7gwms gNYKfi\">Putkirikko on katkaissut vedenjakelun laajalla alueella Muuramessa. Korjausty\u00f6t\u00e4 vaikeuttaa se, ett\u00e4 runkovesiputken lis\u00e4ksi my\u00f6s j\u00e4tevesiputki on rikki.<\/li>\n<li class=\"aw-1j7gwms gNYKfi\">L\u00e4hes koko kunnan alueella on voimassa vedenkeittokehotus. Vesikatkoksesta vuoksi kotihoidon asiakkaille on toimitettu vett\u00e4 ja osa hammashoitolan palveluista on estynyt.<\/li>\n<li class=\"aw-1j7gwms gNYKfi\">Onnettomuuden syyn\u00e4 pidet\u00e4\u00e4n vesijohtoverkoston huonoa kuntoa. Kunta on vuonna 2021 laatinut ohjelman verkoston kunnostamiseksi.<\/li>\n<\/ul>\n<p class=\"aw-1gybjub aw-1p7kakr kEtdKx cEmitX yle__article__paragraph\">Muuramen putkirikon korjaaminen kest\u00e4\u00e4 t\u00e4m\u00e4nhetkisen tiedon mukaan perjantai-iltaan kello 18 saakka.<\/p>\n<p class=\"aw-1gybjub aw-1p7kakr kEtdKx cEmitX yle__article__paragraph\">\u2013 Tilanne on edelleen sama eli vett\u00e4 ei viel\u00e4 tule. Remontti on iso, koska vesijohtoa pit\u00e4\u00e4 tukea ennen kuin sen voi ottaa k\u00e4ytt\u00f6\u00f6n. My\u00f6s viem\u00e4ri\u00e4 pit\u00e4\u00e4 rakennella, Energiayhti\u00f6 Alvan k\u00e4ytt\u00f6p\u00e4\u00e4llikk\u00f6 <strong class=\"aw-ak79eh KyCXm yle__article__strong\">Antero Kuitunen<\/strong> kertoi Ylelle torstai-iltana.<\/p>\n<p class=\"aw-1gybjub aw-1p7kakr kEtdKx cEmitX yle__article__paragraph\">Muuramessa rikkoontui sek\u00e4 runkovesiputki ett\u00e4 viem\u00e4riputki. Kuntalaiset ovat olleet ilman vett\u00e4 keskiviikkoillasta saakka.<\/p>\n<p class=\"aw-1gybjub aw-1p7kakr kEtdKx cEmitX yle__article__paragraph\">Energiayhti\u00f6 Alva paikallisti ongelman talousveden runkovesilinjaan, joka rikkoutuessaan on romahduttanut my\u00f6s samassa linjassa kulkevan j\u00e4tevesiviem\u00e4riputken. Betoninen viem\u00e4riputki on rikkoutunut noin kolmen metrin mitalta.<\/p>\n<p class=\"aw-1gybjub aw-1p7kakr kEtdKx cEmitX yle__article__paragraph\">Jyv\u00e4skyl\u00e4n Seudun ymp\u00e4rist\u00f6terveys on antanut keittokehotuksen koko Muuramen kunnan vesilaitoksen ja vesiosuuskuntien alueille.<\/p>\n<p><img decoding=\"async\" alt=\"Kartalla n\u00e4kyy alue miss\u00e4 Muuramessa on vedenjakelu katkaistu.\" src=\"https:\/\/www.europesays.com\/fi\/wp-content\/uploads\/2026\/01\/39-15853046971da7225af5.jpeg\" loading=\"lazy\" class=\"aw-1l9m598 hKVVvP\"\/><\/p>\n<p>Avaa kuvien katselu<\/p>\n<p>Putkirikon seurauksena vedenjakelu on katkaistu l\u00e4hes koko kunnan alueelta. Keittokehotus ei koske Kinkomaan aluetta, eik\u00e4 Muuramen Rannankyl\u00e4n ja Isolahden vesiosuuskunnan Tikkalan vedenjakelualueen talouksia. Kuva: Niko Mannonen \/ Yle, Mapcreator, Openstreetmap<\/p>\n<p class=\"aw-1gybjub aw-1p7kakr kEtdKx cEmitX yle__article__paragraph\">Korjaust\u00f6iss\u00e4 on ollut mukana 5\u20136 ty\u00f6ntekij\u00e4\u00e4, kaivinkone, kuorma-auto ja imuauto.<\/p>\n<p>Putkirikko ei yll\u00e4tt\u00e4nyt<\/p>\n<p class=\"aw-1gybjub aw-1p7kakr kEtdKx cEmitX yle__article__paragraph\">Tilanne on Antero Kuitusen mukaan haasteellinen.<\/p>\n<p class=\"aw-1gybjub aw-1p7kakr kEtdKx cEmitX yle__article__paragraph\">\u2013 En sano, ett\u00e4 putkirikko yll\u00e4tti, koska verkossa on yhden putken varassa olevia solmukohtia.<\/p>\n<p class=\"aw-1gybjub aw-1p7kakr kEtdKx cEmitX yle__article__paragraph\">Muuramen kunta ja Energiayhti\u00f6 Alva <a class=\"aw-iao6s4 iHOxEa yle__article__link\" href=\"https:\/\/yle.fi\/a\/74-20161267\" role=\"link\" rel=\"nofollow noopener\" target=\"_blank\">solmivat vesihuoltosopimuksen<\/a> vuoden 2025 kev\u00e4\u00e4ll\u00e4.<\/p>\n<p class=\"aw-1gybjub aw-1p7kakr kEtdKx cEmitX yle__article__paragraph\">Sopimuksen mukaan Alva vastaa Muuramen vesilaitoksen toiminnasta. Muuramen kunta omistaa vesilaitoksen ja vesijohtoverkoston, ja vastaa omistajana niihin liittyvist\u00e4 investoinneista.<\/p>\n<p class=\"aw-1gybjub aw-1p7kakr kEtdKx cEmitX yle__article__paragraph\">Aiemmin Alvan k\u00e4ytt\u00f6mestari <strong class=\"aw-ak79eh KyCXm yle__article__strong\">Tomi K\u00f6ykk\u00e4<\/strong> arvioi, ett\u00e4 onnettomuus johtuu todenn\u00e4k\u00f6isesti runkovesiputkien huonosta kunnosta.<\/p>\n<p class=\"aw-1gybjub aw-1p7kakr kEtdKx cEmitX yle__article__paragraph\">Muuramen kunnanjohtaja <strong class=\"aw-ak79eh KyCXm yle__article__strong\">Jarkko M\u00e4\u00e4tt\u00e4nen<\/strong> kertoo, ett\u00e4 vesijohtoverkon kunnostustarpeet ja korjausvelka on kunnassa tiedostettu.<\/p>\n<p class=\"aw-1gybjub aw-1p7kakr kEtdKx cEmitX yle__article__paragraph\">Vuonna 2021 Muurame laati investointiohjelman, jonka tarkoituksena on investoida vesihuollon rakenteisiin noin miljoona euroa vuosittain. Laskelmien mukaan t\u00e4ll\u00e4 vauhdilla tilanne saadaan korjattua kymmenen vuoden aikana.<\/p>\n<p class=\"aw-1gybjub aw-1p7kakr kEtdKx cEmitX yle__article__paragraph\">Muuramessa vesijohtoverkon osien ik\u00e4 vaihtelee: uusilla asuinalueilla tilanne on hyv\u00e4, mutta vanhimmat ovat i\u00e4lt\u00e4\u00e4n 50 vuotta.<\/p>\n<p class=\"aw-1gybjub aw-1p7kakr kEtdKx cEmitX yle__article__paragraph\">\u2013 Tavoitteenamme on, ett\u00e4 korjaustoimilla vesijohtoverkon ik\u00e4 saadaan keskim\u00e4\u00e4rin tasolle, mik\u00e4 vastaa 25 vuoden ik\u00e4\u00e4, M\u00e4\u00e4tt\u00e4nen sanoo.<\/p>\n<p class=\"aw-1gybjub aw-1p7kakr kEtdKx cEmitX yle__article__paragraph\">Muurameen aiotaan rakentaa ensi vuonna varavesiyhteys. Se korvaa vedenjakelua poikkeustilanteissa.<\/p>\n<p class=\"aw-1gybjub aw-1p7kakr kEtdKx cEmitX yle__article__paragraph\"><strong class=\"aw-ak79eh KyCXm yle__article__strong\">10 000 asukkaan Muuramessa ihmiset jonottivat torstaina k\u00e4ytt\u00f6vett\u00e4 Alvan j\u00e4rjest\u00e4m\u00e4ll\u00e4 vedenjakelupisteell\u00e4.<\/strong><\/p>\n<p>H\u00e4iri\u00f6 vaikuttaa kotihoidon asiakkaisiin ja hammashoitoon<\/p>\n<p class=\"aw-1gybjub aw-1p7kakr kEtdKx cEmitX yle__article__paragraph\">Keski-Suomen hyvinvointialueen kotihoidon hoitajat ovat vieneet asiakkaille vett\u00e4 k\u00e4yntiens\u00e4 yhteydess\u00e4. My\u00f6s kotihoidon asiakkaiden omaisia pyydet\u00e4\u00e4n olemaan yhteydess\u00e4 l\u00e4heisiins\u00e4 ja varmistamaan, ett\u00e4 vett\u00e4 on riitt\u00e4v\u00e4sti.<\/p>\n<p class=\"aw-1gybjub aw-1p7kakr kEtdKx cEmitX yle__article__paragraph\">Vedenkeittokehotus est\u00e4\u00e4 hammashoitolan normaalin toiminnan. Hammashoitola on yhteydess\u00e4 potilaisiin, mik\u00e4li varattuihin aikoihin tulee muutoksia.<\/p>\n<p class=\"aw-1gybjub aw-1p7kakr kEtdKx cEmitX yle__article__paragraph\">Muuramen suun terveydenhuollon p\u00e4ivystykselliset tilanteet hoidetaan Korpilahdella.<\/p>\n<p>\u201dHaastaa terveydenhuollon, jos raanasta ei tule puhdasta vett\u00e4\u201d<img decoding=\"async\" alt=\"Muuramen sosiaali- ja terveysaseman sis\u00e4\u00e4nk\u00e4ynti ulkoa p\u00e4in kuvattuna.\" src=\"https:\/\/www.europesays.com\/fi\/wp-content\/uploads\/2026\/01\/39-15854316971fcc32ceb9.jpeg\" loading=\"lazy\" class=\"aw-1l9m598 hKVVvP\"\/><\/p>\n<p>Avaa kuvien katselu<\/p>\n<p>Muuramen terveysasemalla toiminta jatkuu l\u00e4hes normaalisti. Kuva: Kalle Pallonen \/ Yle<\/p>\n<p class=\"aw-1gybjub aw-1p7kakr kEtdKx cEmitX yle__article__paragraph\">Muutoin putkirikko ei vaikuttanut torstaina Muuramen sosiaali- ja terveysaseman toimintaan suuresti.<\/p>\n<p class=\"aw-1gybjub aw-1p7kakr kEtdKx cEmitX yle__article__paragraph\">Terveysaseman arki py\u00f6rii ylil\u00e4\u00e4k\u00e4ri <strong class=\"aw-ak79eh KyCXm yle__article__strong\">Jari Nojosen<\/strong> mukaan l\u00e4hes normaalisti, vaikka siell\u00e4kin ollaan kantoveden varassa. Vuodepaikoille ei oteta uusia potilaita, eik\u00e4 ensihoitopotilaita tuoda terveysasemalle.<\/p>\n<p class=\"aw-1gybjub aw-1p7kakr kEtdKx cEmitX yle__article__paragraph\">Nojonen kertoo, ett\u00e4 <a class=\"aw-iao6s4 iHOxEa yle__article__link\" href=\"https:\/\/yle.fi\/a\/74-20110231\" role=\"link\" rel=\"nofollow noopener\" target=\"_blank\">vastaavasta tilanteesta on kokemusta<\/a> vuodelta 2024, ja siksi terveysasemalla on osattu varautua poikkeustilanteeseen.<\/p>\n<p class=\"aw-1gybjub aw-1p7kakr kEtdKx cEmitX yle__article__paragraph\">\u2013 K\u00e4sidesi\u00e4 laitetaan runsaasti, kertak\u00e4ytt\u00f6astiat ovat k\u00e4yt\u00f6ss\u00e4 ja wc:t huuhdotaan kantovedell\u00e4, Nojonen kuvaa terveysaseman arkea.<\/p>\n<p><img decoding=\"async\" alt=\"Muuramen sosiaali- ja terveysaseman ylil\u00e4\u00e4k\u00e4ri Jari Nojonen istuu ty\u00f6p\u00f6yd\u00e4n \u00e4\u00e4ress\u00e4 ja katsoo kameraan.\" src=\"https:\/\/www.europesays.com\/fi\/wp-content\/uploads\/2026\/01\/39-15853906971efec5cd67.jpeg\" loading=\"lazy\" class=\"aw-1l9m598 hKVVvP\"\/><\/p>\n<p>Avaa kuvien katselu<\/p>\n<p>Ylil\u00e4\u00e4k\u00e4ri Jari Nojosen ei tied\u00e4, ett\u00e4 kukaan olisi sairastunut putkirikon vuoksi. Kuva: Kalle Pallonen \/ Yle<\/p>\n<p class=\"aw-1gybjub aw-1p7kakr kEtdKx cEmitX yle__article__paragraph\">Ensitieto putkirikosta saavutti terveysaseman sosiaalisen median kautta. My\u00f6s virallinen tieto tuli Nojosen mukaan nopeasti.<\/p>\n<p class=\"aw-1gybjub aw-1p7kakr kEtdKx cEmitX yle__article__paragraph\">\u2013 Haastaahan se terveydenhuollon, jos raanasta ei tule puhdasta vett\u00e4.<\/p>\n<p class=\"aw-1gybjub aw-1p7kakr kEtdKx cEmitX yle__article__paragraph\">Korjattu 22.1. klo 15.10: Varavesiyhteyden rakentaminen on suunniteltu ensi vuodelle. Alunperin jutussa kerrottiin, ett\u00e4 yhteys rakennetaan t\u00e4n\u00e4 vuonna.<\/p>\n<p class=\"aw-1gybjub aw-1p7kakr kEtdKx cEmitX yle__article__paragraph\">P\u00e4ivitetty 22.1. klo 20:45: Tieto putkirikon jatkumisesta perjantai-iltaan saakka sek\u00e4 lis\u00e4tty Alva-yhti\u00f6n k\u00e4ytt\u00f6p\u00e4\u00e4llikk\u00f6 Antero Kuitusen kommentteja.<\/p>\n","protected":false},"excerpt":{"rendered":"Putkirikko on katkaissut vedenjakelun laajalla alueella Muuramessa. Korjausty\u00f6t\u00e4 vaikeuttaa se, ett\u00e4 runkovesiputken lis\u00e4ksi my\u00f6s j\u00e4tevesiputki on rikki. L\u00e4hes&hellip;\n","protected":false},"author":2,"featured_media":150807,"comment_status":"","ping_status":"","sticky":false,"template":"","format":"standard","meta":{"footnotes":"","_share_on_mastodon":"0"},"categories":[112],"tags":[7207,33,31,30,25511,474,71,2748,837,15962,118,32,119,25510],"class_list":["post-150806","post","type-post","status-publish","format-standard","has-post-thumbnail","category-tiede","tag-alva-yhtiot-oy","tag-fi","tag-finland","tag-finnish","tag-jatevesivuoto","tag-keski-suomi","tag-kotimaa","tag-muurame","tag-onnettomuudet","tag-putkirikko","tag-science","tag-suomi","tag-tiede","tag-vedenjakelu"],"share_on_mastodon":{"url":"https:\/\/pubeurope.com\/@fi\/115948663816214502","error":""},"_links":{"self":[{"href":"https:\/\/www.europesays.com\/fi\/wp-json\/wp\/v2\/posts\/150806","targetHints":{"allow":["GET"]}}],"collection":[{"href":"https:\/\/www.europesays.com\/fi\/wp-json\/wp\/v2\/posts"}],"about":[{"href":"https:\/\/www.europesays.com\/fi\/wp-json\/wp\/v2\/types\/post"}],"author":[{"embeddable":true,"href":"https:\/\/www.europesays.com\/fi\/wp-json\/wp\/v2\/users\/2"}],"replies":[{"embeddable":true,"href":"https:\/\/www.europesays.com\/fi\/wp-json\/wp\/v2\/comments?post=150806"}],"version-history":[{"count":0,"href":"https:\/\/www.europesays.com\/fi\/wp-json\/wp\/v2\/posts\/150806\/revisions"}],"wp:featuredmedia":[{"embeddable":true,"href":"https:\/\/www.europesays.com\/fi\/wp-json\/wp\/v2\/media\/150807"}],"wp:attachment":[{"href":"https:\/\/www.europesays.com\/fi\/wp-json\/wp\/v2\/media?parent=150806"}],"wp:term":[{"taxonomy":"category","embeddable":true,"href":"https:\/\/www.europesays.com\/fi\/wp-json\/wp\/v2\/categories?post=150806"},{"taxonomy":"post_tag","embeddable":true,"href":"https:\/\/www.europesays.com\/fi\/wp-json\/wp\/v2\/tags?post=150806"}],"curies":[{"name":"wp","href":"https:\/\/api.w.org\/{rel}","templated":true}]}}