{"id":150886,"date":"2026-01-24T08:29:08","date_gmt":"2026-01-24T08:29:08","guid":{"rendered":"https:\/\/www.europesays.com\/fi\/150886\/"},"modified":"2026-01-24T08:29:08","modified_gmt":"2026-01-24T08:29:08","slug":"molly-nobondas-26-on-y2k-tyylin-kuningatar-ja-tiktok-tahti","status":"publish","type":"post","link":"https:\/\/www.europesays.com\/fi\/150886\/","title":{"rendered":"Molly Nobondas, 26, on Y2K-tyylin kuningatar ja Tiktok-t\u00e4hti"},"content":{"rendered":"<p>            Timo Korhonen\n        <\/p>\n<p class=\"subtitle \">Psykiatrisella poliklinikalla t\u00f6iss\u00e4 ollut Molly huomasi viime kes\u00e4n\u00e4, ett\u00e4 pukeutumalla pinkkiin h\u00e4n voisi luoda itselleen uran.<\/p>\n<p class=\"article-content article-content-width !bg-background\">, Hannah Montana ja High School Musical.\u00a0N\u00e4m\u00e4 kolme tiivist\u00e4v\u00e4t somevaikuttaja , 26, olemuksen.<\/p>\n<p class=\"font-weight-bold m-font-weight-bold article-content article-content-width !bg-background\">Video: T\u00e4lt\u00e4 n\u00e4ytt\u00e4\u00e4 Mollyn vaatekaapissa.<\/p>\n<p class=\"article-content article-content-width !bg-background\">Pinkkiin verryttelyasuun pukeutunut Molly avaa kattohuoneistonsa ovet Seiskalle ja esittelee v\u00e4rik\u00e4st\u00e4 vaatekaappiaan.<\/p>\n<p class=\"article-content article-content-width !bg-background\">Mollyn ulkon\u00e4k\u00f6 ei ole mik\u00e4\u00e4n kulissi tai kuori, jonka h\u00e4n vet\u00e4\u00e4 ylleen ulos poistuessaan tai itse\u00e4\u00e4n kuvatessaan. Vuosituhannen vaihteeseen keskittyv\u00e4 Y2K-tyyli on Mollyn el\u00e4m\u00e4ntapa.<\/p>\n<p class=\"article-content article-content-width !bg-background\">\u2013 Olen sille uskollinen! V\u00e4rj\u00e4sin hiuksenikin sen mukaan ja olen ottanut alaselk\u00e4tatuoinnin eli tramp stampin.<\/p>\n<p class=\"article-content article-content-width !bg-background\">Vaikka Molly on el\u00e4nyt vain yhden p\u00e4iv\u00e4n 1900-luvulla, h\u00e4n on lapsena p\u00e4\u00e4ssyt serkkujensa kautta mukaan nollarihuumaan.<\/p>\n<p class=\"article-content article-content-width !bg-background\">\u2013 He ovat minua viisi ja kymmenen vuotta vanhempia ja minulle l\u00e4heisi\u00e4. Sain heilt\u00e4 pienen\u00e4 aika paljon vaatteita ja seurasin vierest\u00e4, kun he fanittivat ja .<\/p>\n<p>                <img decoding=\"async\" src=\"https:\/\/www.europesays.com\/fi\/wp-content\/uploads\/2026\/01\/2045670.webp.jpeg\" width=\"576\" height=\"720\" alt=\"Mollyn somessa pinkki v\u00e4ri ja ikoniset Y2K-lookit ovat arkip\u00e4iv\u00e4\u00e4. Aikakausi on h\u00e4nen el\u00e4m\u00e4ntapansa.\" loading=\"lazy\" \/>            <\/p>\n<p>\n            Mollyn somessa pinkki v\u00e4ri ja ikoniset Y2K-lookit ovat arkip\u00e4iv\u00e4\u00e4. Aikakausi on h\u00e4nen el\u00e4m\u00e4ntapansa.<br \/>\n            Timo Korhonen\n        <\/p>\n<p>J\u00e4tti p\u00e4iv\u00e4ty\u00f6ns\u00e4<\/p>\n<p class=\"article-content article-content-width !bg-background\">Mollyn yst\u00e4v\u00e4t rohkaisivat h\u00e4nt\u00e4 puolitoista vuotta sitten tekem\u00e4\u00e4n somevideoita tyylist\u00e4\u00e4n. Taidoistaan ep\u00e4varma Molly p\u00e4\u00e4tti lopulta kokeilla Tiktokissa, miten homma sujuu.<\/p>\n<p class=\"article-content article-content-width !bg-background\">\u2013 Olen iloinen, ett\u00e4 uskalsin aloittaa. T\u00e4m\u00e4 on superkivaa.<\/p>\n<p class=\"article-content article-content-width !bg-background\">Aluksi h\u00e4n n\u00e4ytti seuraajilleen, miten stailaa itse\u00e4\u00e4n ja luo erilaisia lookeja.<\/p>\n<p class=\"article-content article-content-width !bg-background\">My\u00f6hemmin h\u00e4n l\u00f6ysi erottuvan ja omalaatuisen tavan luoda sis\u00e4lt\u00f6\u00e4 ja siit\u00e4 tuli h\u00e4nelle t\u00e4ysip\u00e4iv\u00e4nen ty\u00f6. Nyt h\u00e4nell\u00e4 on Tiktokissa yli 36 000 seuraajaa. Jokainen video alkaa tunnistettavalla tervehdyksell\u00e4: &#8221;Moi, diivat!&#8221;.<\/p>\n<p class=\"article-content article-content-width !bg-background\">\u2013 Pystyn t\u00e4ll\u00e4 hetkell\u00e4 el\u00e4m\u00e4tt\u00e4m\u00e4\u00e4n itseni somet\u00f6ill\u00e4. Olin sijaisena psykiatrisella poliklinikalla t\u00f6iss\u00e4 viime kes\u00e4\u00e4n asti, mutta m\u00e4\u00e4r\u00e4aikaisuuden p\u00e4\u00e4tytty\u00e4 olen keskittynyt vain someen. En olisi voinut edes haaveilla t\u00e4llaisista mahdollisuuksista, joita olen somen kautta saanut.<\/p>\n<p>                <img decoding=\"async\" src=\"https:\/\/www.europesays.com\/fi\/wp-content\/uploads\/2026\/01\/2045685.webp.jpeg\" width=\"576\" height=\"322\" alt=\"Mollyn tyyli n\u00e4kyy jopa h\u00e4nen musiikkimaussaan. Hyllyll\u00e4 lep\u00e4\u00e4 vanha iPod MP3-soitin, jossa on langalliset kuulokkeet. \u2013 Kuuntelen 2000-luvun alun musaa ja idolini ovat kaikki silt\u00e4 aikakaudelta, mutta kyll\u00e4 min\u00e4 v\u00e4lill\u00e4 muutakin musaa kulutan.\" loading=\"lazy\" \/>            <\/p>\n<p>\n            Mollyn tyyli n\u00e4kyy jopa h\u00e4nen musiikkimaussaan. Hyllyll\u00e4 lep\u00e4\u00e4 vanha iPod MP3-soitin, jossa on langalliset kuulokkeet. \u2013 Kuuntelen 2000-luvun alun musaa ja idolini ovat kaikki silt\u00e4 aikakaudelta, mutta kyll\u00e4 min\u00e4 v\u00e4lill\u00e4 muutakin musaa kulutan.<br \/>\n            Timo Korhonen\n        <\/p>\n<p>2026 on uusi 2016<\/p>\n<p class=\"article-content article-content-width !bg-background\">Z-sukupolvi ammentaa mielell\u00e4\u00e4n inspiraatiota lookeihinsa menneist\u00e4 aikakausista.<\/p>\n<p class=\"article-content article-content-width !bg-background\">Molly uskoo, ettei h\u00e4nen ideansa Y2K-tyylin suhteen ainakaan toistaiseksi ole loppumassa, mutta h\u00e4n on avoin muutokselle.<\/p>\n<p class=\"article-content article-content-width !bg-background\">\u2013\u00a0 Jos huomisaamuna her\u00e4isin siihen tunteeseen, etten en\u00e4\u00e4 halua pukeutua n\u00e4in, niin en sitten en\u00e4\u00e4 jatkaisi t\u00e4ll\u00e4 tavalla. Pukeudun juuri kuin itse haluan.<\/p>\n<p class=\"article-content article-content-width !bg-background\">T\u00e4ll\u00e4 hetkell\u00e4 erityisesti 2016 vuoden estetiikka on vahvassa nousussa, mist\u00e4 Molly on erityisen innoissaan.<\/p>\n<p class=\"article-content article-content-width !bg-background\">\u2013 Sekin trendi varmasti l\u00f6yt\u00e4\u00e4 tieni vaatekaappiini, Molly arvelee.<\/p>\n<p>Kokeilemalla selvi\u00e4\u00e4<\/p>\n<p class=\"article-content article-content-width !bg-background\">Aina Molly ei ole pukutunut t\u00e4ll\u00e4 tavalla, vaan h\u00e4n on l\u00f6yt\u00e4nyt itselleen sopivan ja hyv\u00e4lt\u00e4 tuntuvan tyylin kokeilemalla.\u00a0<\/p>\n<p class=\"article-content article-content-width !bg-background\">Aiemmin Mollylla on ollut esimerkiksi estetiikaltaan 2010-luvun puoliv\u00e4lin edelle sijoittuva\u00a0Tumblr Girl Era, liilat hiukset ja nen\u00e4koru.<\/p>\n<p class=\"article-content article-content-width !bg-background\">\u2013 T\u00e4m\u00e4 on samalla vinkkini kaikille, ett\u00e4 uskaltakaa ennakkoluulottomasti sovittaa erilaisia vaatteita ja asusteita yllenne, niin l\u00f6yd\u00e4tte sen oman jutun.<\/p>\n<p>                <img decoding=\"async\" src=\"https:\/\/www.europesays.com\/fi\/wp-content\/uploads\/2026\/01\/2045763.webp.jpeg\" width=\"576\" height=\"720\" alt=\"Mollyn l\u00e4heiset ovat suhtautuneet kannustavasti ja positiivisesti h\u00e4nen uraansa. \u2013 Vanhemmista on varmasti hiuekna hassua, ett\u00e4 omasta tyylist\u00e4\u00e4n voi tehd\u00e4 itselleen ihan oikean ty\u00f6n, h\u00e4n pohtii.\" loading=\"lazy\" \/>            <\/p>\n<p>\n            Mollyn l\u00e4heiset ovat suhtautuneet kannustavasti ja positiivisesti h\u00e4nen uraansa. \u2013 Vanhemmista on varmasti hiuekna hassua, ett\u00e4 omasta tyylist\u00e4\u00e4n voi tehd\u00e4 itselleen ihan oikean ty\u00f6n, h\u00e4n pohtii.<br \/>\n            Timo Korhonen\n        <\/p>\n<p>Tuttu telkkarista<\/p>\n<p class=\"article-content article-content-width !bg-background\">Molly n\u00e4htiin seitsem\u00e4n vuotta sitten Love Island Suomi\u00a0-rakkausrealityss\u00e4, josta h\u00e4n ei kuitenkaan l\u00f6yt\u00e4nyt el\u00e4m\u00e4nkumppania.<\/p>\n<p class=\"article-content article-content-width !bg-background\">\u2013 Olin aina halunnut p\u00e4\u00e4st\u00e4 telkkariin. Se oli mahtava kokemus.<\/p>\n<p class=\"article-content article-content-width !bg-background\">\u2013 Rakkaus on jo l\u00f6ytynyt tosiel\u00e4m\u00e4ss\u00e4, joten Love Islandissa minua ei en\u00e4\u00e4 n\u00e4hd\u00e4, Molly paljastaa.<\/p>\n<p class=\"article-content article-content-width !bg-background\">Molly ei h\u00e4pe\u00e4 puhua unelmistaan \u00e4\u00e4neen.<\/p>\n<p class=\"article-content article-content-width !bg-background\">\u2013 Jonain p\u00e4iv\u00e4n\u00e4 haluaisin ehdottomasti kokeilla uudelleen telkkaria, tai p\u00e4\u00e4st\u00e4 jopa vaikka n\u00e4yttelem\u00e4\u00e4n tv-sarjaan tai elokuvaan.\u00a0Julkisella uralla pit\u00e4\u00e4 olla v\u00e4h\u00e4n tyrkky, kunhan samalla pit\u00e4\u00e4 itsens\u00e4 n\u00f6yr\u00e4n\u00e4.<\/p>\n<p class=\"article-content article-content-width !bg-background\">\u2013 Yksi unelmani oli olla jonain p\u00e4iv\u00e4n\u00e4 Seiskassa, ja nyt se toteutui!<\/p>\n","protected":false},"excerpt":{"rendered":"Timo Korhonen Psykiatrisella poliklinikalla t\u00f6iss\u00e4 ollut Molly huomasi viime kes\u00e4n\u00e4, ett\u00e4 pukeutumalla pinkkiin h\u00e4n voisi luoda itselleen uran.&hellip;\n","protected":false},"author":2,"featured_media":150887,"comment_status":"","ping_status":"","sticky":false,"template":"","format":"standard","meta":{"footnotes":"","_share_on_mastodon":"0"},"categories":[136],"tags":[407,137,33,31,30,408,1316,25533,106,5756,2210,32,2696,2677,107,109,25532],"class_list":["post-150886","post","type-post","status-publish","format-standard","has-post-thumbnail","category-julkkikset","tag-celebrities","tag-entertainment","tag-fi","tag-finland","tag-finnish","tag-julkkikset","tag-love-island-suomi","tag-molly-nybondas","tag-muoti","tag-pukeutuminen","tag-somevaikuttaja","tag-suomi","tag-tiktok","tag-tyyli","tag-vaatteet","tag-viihde","tag-y2k-tyyli"],"share_on_mastodon":{"url":"https:\/\/pubeurope.com\/@fi\/115949139664537197","error":""},"_links":{"self":[{"href":"https:\/\/www.europesays.com\/fi\/wp-json\/wp\/v2\/posts\/150886","targetHints":{"allow":["GET"]}}],"collection":[{"href":"https:\/\/www.europesays.com\/fi\/wp-json\/wp\/v2\/posts"}],"about":[{"href":"https:\/\/www.europesays.com\/fi\/wp-json\/wp\/v2\/types\/post"}],"author":[{"embeddable":true,"href":"https:\/\/www.europesays.com\/fi\/wp-json\/wp\/v2\/users\/2"}],"replies":[{"embeddable":true,"href":"https:\/\/www.europesays.com\/fi\/wp-json\/wp\/v2\/comments?post=150886"}],"version-history":[{"count":0,"href":"https:\/\/www.europesays.com\/fi\/wp-json\/wp\/v2\/posts\/150886\/revisions"}],"wp:featuredmedia":[{"embeddable":true,"href":"https:\/\/www.europesays.com\/fi\/wp-json\/wp\/v2\/media\/150887"}],"wp:attachment":[{"href":"https:\/\/www.europesays.com\/fi\/wp-json\/wp\/v2\/media?parent=150886"}],"wp:term":[{"taxonomy":"category","embeddable":true,"href":"https:\/\/www.europesays.com\/fi\/wp-json\/wp\/v2\/categories?post=150886"},{"taxonomy":"post_tag","embeddable":true,"href":"https:\/\/www.europesays.com\/fi\/wp-json\/wp\/v2\/tags?post=150886"}],"curies":[{"name":"wp","href":"https:\/\/api.w.org\/{rel}","templated":true}]}}