{"id":15101,"date":"2025-08-24T17:50:09","date_gmt":"2025-08-24T17:50:09","guid":{"rendered":"https:\/\/www.europesays.com\/fi\/15101\/"},"modified":"2025-08-24T17:50:09","modified_gmt":"2025-08-24T17:50:09","slug":"eronnut-jani-sievinen-rikkoi-hiljaisuuden","status":"publish","type":"post","link":"https:\/\/www.europesays.com\/fi\/15101\/","title":{"rendered":"Eronnut Jani Sievinen rikkoi hiljaisuuden"},"content":{"rendered":"<p>Entinen huippu-uimari Jani Sievinen ja h\u00e4nen pitk\u00e4aikainen kumppaninsa Maria Nyqvist kertoivat vajaa viikko sitten p\u00e4\u00e4tt\u00e4v\u00e4ns\u00e4 avioliittonsa. He olivat yhdess\u00e4 11 vuotta ja aviossa viisi vuotta.<\/p>\n<p>\u2013 Marian ja minun liitto p\u00e4\u00e4ttyy. Itse olisin halunnut jatkaa matkaa. Ymm\u00e4rr\u00e4n perusteet, ja kun perusteet ymm\u00e4rt\u00e4\u00e4, niin hyv\u00e4ksyy my\u00f6s tosiasiat, Jani kirjoitti Instagramissa.<\/p>\n<p>Erikoista liitossa oli se, ettei pari koskaan muuttanut saman katon alle.<\/p>\n<p>Jani kertoi olevansa tilanteesta alakuloinen, mutta toivoi Marialle mit\u00e4 parhainta jatkoa.<\/p>\n<p>Lue my\u00f6s: <a href=\"https:\/\/www.como.fi\/uutiset\/jani-sievinen-ja-maria-yllatysero-mieli-sekava-ikava-kova\/\" title=\"Jani Sievinen ja Maria: Yll\u00e4tysero! \u201dMieli sekava, ik\u00e4v\u00e4 kova!\u201d\" class=\"underline-custom !font-montserrat !font-bold !underline-offset-4 !decoration-4 !decoration-red-600 !text-md\" rel=\"nofollow noopener\" target=\"_blank\">Jani Sievinen ja Maria: Yll\u00e4tysero! \u201dMieli sekava, ik\u00e4v\u00e4 kova!\u201d<\/a><\/p>\n<p>Lue my\u00f6s: <a href=\"https:\/\/www.como.fi\/uutiset\/seiska-jani-sievisen-ex-vaimon-yllatys-olen-jalleen-sievinen\/\" title=\"Seiska: Jani Sievisen ex-vaimon yll\u00e4tys: \u201dOlen j\u00e4lleen Sievinen!\u201d\" class=\"underline-custom !font-montserrat !font-bold !underline-offset-4 !decoration-4 !decoration-red-600 !text-md\" rel=\"nofollow noopener\" target=\"_blank\">Seiska: Jani Sievisen ex-vaimon yll\u00e4tys: \u201dOlen j\u00e4lleen Sievinen!\u201d<\/a><\/p>\n<p>Lue my\u00f6s: <a href=\"https:\/\/www.como.fi\/uutiset\/nyt-puhuu-sokkierosta-jani-sievinen-maria-vaimo-rakkaus-ei-loppunut-mutta\/\" title=\"Nyt puhuu sokkierosta Jani Sievisen Maria-vaimo: \u201dRakkaus ei loppunut, mutta\u2026\u201d\" class=\"underline-custom !font-montserrat !font-bold !underline-offset-4 !decoration-4 !decoration-red-600 !text-md\" rel=\"nofollow noopener\" target=\"_blank\">Nyt puhuu sokkierosta Jani Sievisen Maria-vaimo: \u201dRakkaus ei loppunut, mutta\u2026\u201d<\/a><\/p>\n<p>\u2013 Mieli on nyt sekava ja ik\u00e4v\u00e4 kova. Toivon Marialle kaikkea hyv\u00e4\u00e4 tulevaisuuteen. Ja voimia mukavasti alkaneelle poliittiselle uralle. T\u00e4m\u00e4n enemp\u00e4\u00e4 en asiaa kommentoi, h\u00e4n totesi.<\/p>\n<p>Eroilmoituksen yhteydess\u00e4 Sievinen julkaisi kuvan, jossa h\u00e4n ja Nyqvist seisovat selin kameraan.<\/p>\n<p>My\u00f6s Maria kommentoi liiton p\u00e4\u00e4ttymist\u00e4 lyhyesti.<\/p>\n<p>\u2013 11 vuoden huikea yhteinen matkamme on tullut p\u00e4\u00e4teasemalle. Rakkaus ei ole loppunut. Olosuhteet eiv\u00e4t vain ole en\u00e4\u00e4 meid\u00e4n puolellamme. Meill\u00e4 on ollut tosi hauskaa ja ihanaa. Olemme kokeneet yhdess\u00e4 paljon, ja kasvaneet tahoillamme. Ehk\u00e4 kuitenkin enemm\u00e4n eri suuntiin kuin yhteen. Matka jatkuu t\u00e4st\u00e4 eteenp\u00e4in yst\u00e4vin\u00e4. Kiitos rakkausmatkasta Jani, Maria kirjoitti.<\/p>\n<p>Jani mietiskelee reissaamisensa m\u00e4\u00e4r\u00e4\u00e4<\/p>\n<p>Nyt Jani on tullut julkisuuteen eron j\u00e4lkeen. H\u00e4n on Lapissa, Pellossa, ja istuu porealtaassa. Miest\u00e4 ei ole oikein tuntea, sill\u00e4 viime aikoina h\u00e4nt\u00e4 on n\u00e4hty mustasankaisissa, isoissa silm\u00e4laseissa.<\/p>\n<p>Jani sanoo olevansa pitk\u00e4st\u00e4 aikaa altaassa.<\/p>\n<p>-Porealtaassa MiekoResortissa Pellossa. Muunlaisiin altaisiin minua ei kovin helpolla en\u00e4\u00e4 saa. Etel\u00e4n maissa pulahdus ehk\u00e4.<\/p>\n<p>Jani kertoo olleensa vet\u00e4m\u00e4ss\u00e4 leiri\u00e4 Kemiss\u00e4, jonka j\u00e4lkeen on siirrytty huilailemaan kaverin m\u00f6kille.<\/p>\n<p>H\u00e4n mietiskelee nykyist\u00e4 ty\u00f6tilannettaan:<\/p>\n<p>-Onhan t\u00e4\u00e4 tietysti aika reissaamista meik\u00e4ll\u00e4. Huomisesta 3 p\u00e4iv\u00e4\u00e4 valmennusta Rovaniemell\u00e4. Torstaina kotiin. Ja siit\u00e4 sitten reilu viikko, ja leiri Kreetalla. Sen j\u00e4lkeen tiuhaan tahtiin 4 leiri\u00e4\/klinikkaa ymp\u00e4ri Suomea.<\/p>\n<p>Mies kertoo menev\u00e4ns\u00e4 Pelloon lomailemaan uudestaan syyslomalla.<\/p>\n<p>-Mukana pit\u00e4isi olla lasten lis\u00e4ksi lasten tytt\u00f6\/poikayst\u00e4vi\u00e4, yst\u00e4vi\u00e4 jne. T\u00e4nne mahtuu 15 henkil\u00f6\u00e4.<\/p>\n<p>Kuva alla tai <a href=\"https:\/\/www.instagram.com\/p\/DNvMHTZWKhr\/\" target=\"_blank\" rel=\"noreferrer noopener nofollow\">t\u00e4ss\u00e4.<\/a><\/p>\n<p>Lue my\u00f6s: <a href=\"https:\/\/www.como.fi\/tilaa-comon-uutiskirje\/\" title=\"Tilaa Comon uutiskirje ja tied\u00e4t mist\u00e4 kahvitauolla puhutaan! Nappaa kotimaan tv-vinkit ja puheenaiheet suoraan s\u00e4hk\u00f6postiin t\u00e4st\u00e4.\" class=\"underline-custom !font-montserrat !font-bold !underline-offset-4 !decoration-4 !decoration-red-600 !text-md\" rel=\"nofollow noopener\" target=\"_blank\">Tilaa Comon uutiskirje ja tied\u00e4t mist\u00e4 kahvitauolla puhutaan! Nappaa kotimaan tv-vinkit ja puheenaiheet suoraan s\u00e4hk\u00f6postiin t\u00e4st\u00e4.<\/a><\/p>\n<p>\t\t\t\t<script async src=\"\/\/www.instagram.com\/embed.js\"><\/script><\/p>\n","protected":false},"excerpt":{"rendered":"Entinen huippu-uimari Jani Sievinen ja h\u00e4nen pitk\u00e4aikainen kumppaninsa Maria Nyqvist kertoivat vajaa viikko sitten p\u00e4\u00e4tt\u00e4v\u00e4ns\u00e4 avioliittonsa. He olivat&hellip;\n","protected":false},"author":2,"featured_media":15102,"comment_status":"","ping_status":"","sticky":false,"template":"","format":"standard","meta":{"footnotes":""},"categories":[158],"tags":[33,31,30,3084,159,32,160],"class_list":{"0":"post-15101","1":"post","2":"type-post","3":"status-publish","4":"format-standard","5":"has-post-thumbnail","7":"category-urheilu","8":"tag-fi","9":"tag-finland","10":"tag-finnish","11":"tag-jani-sievinen","12":"tag-sports","13":"tag-suomi","14":"tag-urheilu"},"share_on_mastodon":{"url":"","error":""},"_links":{"self":[{"href":"https:\/\/www.europesays.com\/fi\/wp-json\/wp\/v2\/posts\/15101","targetHints":{"allow":["GET"]}}],"collection":[{"href":"https:\/\/www.europesays.com\/fi\/wp-json\/wp\/v2\/posts"}],"about":[{"href":"https:\/\/www.europesays.com\/fi\/wp-json\/wp\/v2\/types\/post"}],"author":[{"embeddable":true,"href":"https:\/\/www.europesays.com\/fi\/wp-json\/wp\/v2\/users\/2"}],"replies":[{"embeddable":true,"href":"https:\/\/www.europesays.com\/fi\/wp-json\/wp\/v2\/comments?post=15101"}],"version-history":[{"count":0,"href":"https:\/\/www.europesays.com\/fi\/wp-json\/wp\/v2\/posts\/15101\/revisions"}],"wp:featuredmedia":[{"embeddable":true,"href":"https:\/\/www.europesays.com\/fi\/wp-json\/wp\/v2\/media\/15102"}],"wp:attachment":[{"href":"https:\/\/www.europesays.com\/fi\/wp-json\/wp\/v2\/media?parent=15101"}],"wp:term":[{"taxonomy":"category","embeddable":true,"href":"https:\/\/www.europesays.com\/fi\/wp-json\/wp\/v2\/categories?post=15101"},{"taxonomy":"post_tag","embeddable":true,"href":"https:\/\/www.europesays.com\/fi\/wp-json\/wp\/v2\/tags?post=15101"}],"curies":[{"name":"wp","href":"https:\/\/api.w.org\/{rel}","templated":true}]}}