{"id":15105,"date":"2025-08-24T17:54:08","date_gmt":"2025-08-24T17:54:08","guid":{"rendered":"https:\/\/www.europesays.com\/fi\/15105\/"},"modified":"2025-08-24T17:54:08","modified_gmt":"2025-08-24T17:54:08","slug":"analyytikoiden-suosikki-kemira-luottaa-vedenkasittelyn-voimaan","status":"publish","type":"post","link":"https:\/\/www.europesays.com\/fi\/15105\/","title":{"rendered":"Analyytikoiden suosikki Kemira luottaa vedenk\u00e4sittelyn voimaan"},"content":{"rendered":"<p><img data-lazyloaded=\"1\" loading=\"lazy\" decoding=\"async\" width=\"800\" height=\"460\" src=\"https:\/\/www.europesays.com\/fi\/wp-content\/uploads\/2025\/08\/Kemira-vedenkasittely-082025.jpg\" alt=\"Kemira vedenk\u00e4sittely\" class=\"wp-image-3241194\"  data-\/>Kuva: Kemira Oyj.<\/p>\n<p>Kemira on analyytikoiden suosikki. Vara Researchin ker\u00e4\u00e4mien tietojen mukaan kuudesta analyytikosta viisi antaa osakkeelle joko lis\u00e4\u00e4- tai ostosuosituksen. Yhden analyytikon suositus on pid\u00e4.<\/p>\n<p>T\u00e4m\u00e4 siit\u00e4 huolimatta, ett\u00e4 Kemiran toisen vuosinelj\u00e4nnes ei ole mennyt ihan nappiin.<\/p>\n<p>Yhti\u00f6 julkisti negatiivisen tulosvaroituksen viime hein\u00e4kuussa. Yhti\u00f6 laski n\u00e4kymi\u00e4\u00e4n vuodelle 2025 pakkaus- ja selluteollisuuden asiakasmarkkinoilla jatkuneen pehme\u00e4n kysynn\u00e4n vuoksi. Lis\u00e4ksi Yhdysvaltojen dollarin kurssin merkitt\u00e4v\u00e4 heikentyminen vuoden alkuun verrattuna on vaikuttanut kielteisesti Kemiran liikevaihtoon ja kannattavuuteen.<\/p>\n<p>Toisen vuosinelj\u00e4nneksen tulosraportissa Kemiran toimitusjohtaja <strong>Antti Salminen<\/strong> kertoi, ett\u00e4 muuttuva tuontitulliymp\u00e4rist\u00f6 ja lis\u00e4\u00e4ntyneet geopoliittiset j\u00e4nnitteet aiheuttivat edelleen maailmantalouden ep\u00e4varmuutta, mik\u00e4 on vaikuttanut erityisesti Kemiran pakkaus- ja hygieniatuotteiden liiketoimintayksik\u00f6n kysynt\u00e4ymp\u00e4rist\u00f6\u00f6n, joka on edelleen heikolla tasolla. Vedenk\u00e4sittelyn sek\u00e4 sellu- ja valkaisukemikaalien liiketoimintayksik\u00f6iden markkinaymp\u00e4rist\u00f6t ovat olleet vakaammat.<\/p>\n<p>Haastavan kysynt\u00e4tilanteen ja Yhdysvaltain dollarin heikkenemisen vuoksi Kemiran toisen nelj\u00e4nneksen liikevaihto laski verrattuna edellisen vuoden vastaavaan ajankohtaan. Sek\u00e4 myyntim\u00e4\u00e4r\u00e4t ett\u00e4 myyntihinnat laskivat.<\/p>\n<p>Vesikemikaalit oli edelleen Kemiran toiminnan kulmakivi. Vaikka liiketoiminta-alueen liikevaihto laski toisella nelj\u00e4nneksell\u00e4, suhteellinen kannattavuus parani edellisvuodesta, ja operatiivinen k\u00e4ytt\u00f6kateprosentti oli l\u00e4hes 23 prosenttia.<\/p>\n<p>Toisin kuin esimerkiksi sellu- ja valkaisukemikaalien liiketoiminta, vedenk\u00e4sittely ei ole juurikaan suhdanteista riippuvaa liiketoimintaa. Vedenk\u00e4sittelyn tuotteita tarvitaan jatkuvasti.<\/p>\n<p>Tavoitteena vedenk\u00e4sittelyn liiketoiminnan kaksinkertaistaminen<\/p>\n<p>Vastuullisuus on Kemiran ajuri, ja yhti\u00f6n tavoitteena on kaksinkertaistaa vesiliiketoiminnasta saatava liikevaihto pitk\u00e4ll\u00e4 aikav\u00e4lill\u00e4. Tavoite on kunnianhimoinen.<\/p>\n<p>Kemiran oletus vesikemikaalien kasvusta perustuu ennen kaikkea vedenk\u00e4sittelyn merkityksen jatkuvaan kasvuun yhteiskunnassa ja teollisuudessa.<\/p>\n<p>Vedenk\u00e4sittelyyn liittyv\u00e4\u00e4 s\u00e4\u00e4ntely\u00e4 kiristet\u00e4\u00e4n jatkuvasti, mik\u00e4 lis\u00e4\u00e4 kemikaalien ja ratkaisujen kysynt\u00e4\u00e4 niin kunnallisessa vesihuollossa kuin teollisuudessa. Ymp\u00e4rist\u00f6tietoisuuden lis\u00e4\u00e4ntyminen, luonnonvarojen niukkuus ja tarve kiertotalouden mukaisiin ratkaisuihin vahvistavat kysynt\u00e4\u00e4 entisest\u00e4\u00e4n.<\/p>\n<p>V\u00e4est\u00f6n ja kaupungistumisen kasvu johtaa vedenkulutuksen sek\u00e4 puhtaan veden ja j\u00e4teveden k\u00e4sittelyn tarpeen lis\u00e4\u00e4ntymiseen.<\/p>\n<p>Teollisuuden rakenteellisessa muutoksessa prosessien resurssitehokkuuden ja tuotantolaadun optimointi korostuu, mik\u00e4 vaatii uusia innovatiivisia kemikaali- ja digiratkaisuja. teknologioiden ja yrityskauppojen kautta markkina-aseman vahvistamista.<\/p>\n<p>Vedenk\u00e4sittely toi kuluvan vuoden tammi-kes\u00e4kuussa 613 miljoonan euron liikevaihdon Kemiran koko 1,4 miljardin euron liikevaihdosta.<\/p>\n<p>Tuloksen kannalta vedenk\u00e4sittely on yhti\u00f6lle viel\u00e4 t\u00e4rke\u00e4mpi liiketoiminta-alue. Yhti\u00f6n puolen vuoden 267 miljoonan euron operatiivisesta k\u00e4ytt\u00f6katteesta vedenk\u00e4sittelyn osuus oli 136 miljoonaa euroa, eli yli puolet.<\/p>\n<p>Vedenk\u00e4sittelyn tuotantokapasiteettiin iso laajennus<\/p>\n<p>Kemira ilmoitti hein\u00e4kuun lopussa strategisesta investoinnista, jolla se <a href=\"https:\/\/www.salkunrakentaja.fi\/2025\/07\/kemira-lisaa-juomaveden-kasittelyn-kapasiteettiaan\/\" rel=\"nofollow noopener\" target=\"_blank\">laajentaa tuotantokapasiteettiaan<\/a> Tarragonassa, Espanjassa. Investointi on hyv\u00e4ksytty aiemmin t\u00e4n\u00e4 vuonna ja on arvoltaan l\u00e4hes 20 miljoonaa euroa.<\/p>\n<p>Investointi mahdollistaa uuden tuotantolinjan rakentamisen alumiinikloorihydraatille (ACH), joka on ensisijaisesti juomaveden k\u00e4sittelyss\u00e4 k\u00e4ytett\u00e4v\u00e4 tehokas koagulantti. Koagulantti\u00a0tarkoittaa ainetta, joka edist\u00e4\u00e4 nesteiden hyytymist\u00e4 tai kiinteytymist\u00e4, yleens\u00e4 kemiallisen reaktion kautta.\u00a0Vedenk\u00e4sittelyss\u00e4 koagulantteja k\u00e4ytet\u00e4\u00e4n saostamaan ja poistamaan vedest\u00e4 ep\u00e4puhtauksia yhdist\u00e4m\u00e4ll\u00e4 pieni\u00e4 hiukkasia suuremmiksi, jotka voidaan helpommin suodattaa pois.<\/p>\n<p>\u201dT\u00e4m\u00e4 investointi Tarragonaan on t\u00e4rke\u00e4 askel, kun laajennamme tarjontaamme vastataksemme tehokkaiden ja kest\u00e4vien vedenk\u00e4sittelyratkaisujen kasvavaan kysynt\u00e4\u00e4n\u201d, sanoo\u00a0<strong>Tuija Pohjolainen-Hiltunen<\/strong>, EVP, Water Solutions.<\/p>\n<p>Alumiinikloorihydraatin avulla Kemira voi tarjota asiakkailleen tehokkaamman ja ymp\u00e4rist\u00f6vastuullisemman ratkaisun juomaveden k\u00e4sittelyyn \u2013 erityisesti kaupunkiymp\u00e4rist\u00f6iss\u00e4, joille ilmastonmuutoksen aiheuttamat s\u00e4\u00e4ilmi\u00f6t asettavat yh\u00e4 suurempia haasteita.<\/p>\n<p>\u201dInvestointi vahvistaa my\u00f6s asemaamme Euroopan ja Afrikan avainmarkkinoilla ja tukee pitk\u00e4n aikav\u00e4lin kasvustrategiaamme\u201d, Pohjolainen-Hiltunen kertoo.<\/p>\n","protected":false},"excerpt":{"rendered":"Kuva: Kemira Oyj. Kemira on analyytikoiden suosikki. Vara Researchin ker\u00e4\u00e4mien tietojen mukaan kuudesta analyytikosta viisi antaa osakkeelle joko&hellip;\n","protected":false},"author":2,"featured_media":15106,"comment_status":"","ping_status":"","sticky":false,"template":"","format":"standard","meta":{"footnotes":""},"categories":[76],"tags":[79,77,33,31,30,5955,4703,32,78,5956],"class_list":{"0":"post-15105","1":"post","2":"type-post","3":"status-publish","4":"format-standard","5":"has-post-thumbnail","7":"category-talous","8":"tag-business","9":"tag-economy","10":"tag-fi","11":"tag-finland","12":"tag-finnish","13":"tag-kemira","14":"tag-osakesuositus","15":"tag-suomi","16":"tag-talous","17":"tag-vedenkasittely"},"share_on_mastodon":{"url":"","error":""},"_links":{"self":[{"href":"https:\/\/www.europesays.com\/fi\/wp-json\/wp\/v2\/posts\/15105","targetHints":{"allow":["GET"]}}],"collection":[{"href":"https:\/\/www.europesays.com\/fi\/wp-json\/wp\/v2\/posts"}],"about":[{"href":"https:\/\/www.europesays.com\/fi\/wp-json\/wp\/v2\/types\/post"}],"author":[{"embeddable":true,"href":"https:\/\/www.europesays.com\/fi\/wp-json\/wp\/v2\/users\/2"}],"replies":[{"embeddable":true,"href":"https:\/\/www.europesays.com\/fi\/wp-json\/wp\/v2\/comments?post=15105"}],"version-history":[{"count":0,"href":"https:\/\/www.europesays.com\/fi\/wp-json\/wp\/v2\/posts\/15105\/revisions"}],"wp:featuredmedia":[{"embeddable":true,"href":"https:\/\/www.europesays.com\/fi\/wp-json\/wp\/v2\/media\/15106"}],"wp:attachment":[{"href":"https:\/\/www.europesays.com\/fi\/wp-json\/wp\/v2\/media?parent=15105"}],"wp:term":[{"taxonomy":"category","embeddable":true,"href":"https:\/\/www.europesays.com\/fi\/wp-json\/wp\/v2\/categories?post=15105"},{"taxonomy":"post_tag","embeddable":true,"href":"https:\/\/www.europesays.com\/fi\/wp-json\/wp\/v2\/tags?post=15105"}],"curies":[{"name":"wp","href":"https:\/\/api.w.org\/{rel}","templated":true}]}}