{"id":15107,"date":"2025-08-24T17:55:09","date_gmt":"2025-08-24T17:55:09","guid":{"rendered":"https:\/\/www.europesays.com\/fi\/15107\/"},"modified":"2025-08-24T17:55:09","modified_gmt":"2025-08-24T17:55:09","slug":"zelenskyi-ei-voi-allekirjoittaa-rauhansopimusta-putinin-kanssa","status":"publish","type":"post","link":"https:\/\/www.europesays.com\/fi\/15107\/","title":{"rendered":"Zelenskyi ei voi allekirjoittaa rauhansopimusta Putinin kanssa"},"content":{"rendered":"<p>Ven\u00e4j\u00e4n ulkoministeri Sergei Lavrov antoi ymm\u00e4rt\u00e4\u00e4, ettei Putin allekirjoittaisi rauhansopimusta Zelenskyin kanssa.<\/p>\n<p><img decoding=\"async\" class=\"image image-show image-preview\" src=\"https:\/\/www.europesays.com\/fi\/wp-content\/uploads\/2025\/08\/38af3cd02a061bc59022597e32248439da772db6480df4931e8c6a8cd09fb1af.jpg\" alt=\"\"\/><img decoding=\"async\" class=\"image image-show\" src=\"https:\/\/www.europesays.com\/fi\/wp-content\/uploads\/2025\/08\/1756058109_16_38af3cd02a061bc59022597e32248439da772db6480df4931e8c6a8cd09fb1af.jpg\" alt=\"\"\/><\/p>\n<p>Ven\u00e4j\u00e4n ulkoministeri Sergei Lavrov antoi haastattelun yhdysvaltalaismedialle. AOP<\/p>\n<p class=\"paragraph\">Ven\u00e4j\u00e4n mielest\u00e4 Ukrainan presidentill\u00e4 <strong>Volodymyr Zelenskyill\u00e4<\/strong> ei ole Ukrainan perustuslain mukaan toimivaltaa, eik\u00e4 h\u00e4n voisi n\u00e4in ollen allekirjoittaa rauhansopimusta.<\/p>\n<p class=\"paragraph\">N\u00e4in sanoi sunnuntaina Ven\u00e4j\u00e4n ulkoministeri <strong>Sergei Lavrov<\/strong> NBC Newsin Meet the Press -ohjelman haastattelussa.<\/p>\n<p class=\"paragraph\">Lavrovin mukaan Ven\u00e4j\u00e4n presidentin <strong>Vladimir Putinin<\/strong> ja Zelenskyin tapaaminen vaatii viel\u00e4 lis\u00e4valmisteluja.<\/p>\n<p class=\"paragraph\">\u2013 Kun saavutamme vaiheen, jossa asiakirjoja on allekirjoitettava, kaikkien on ymm\u00e4rrett\u00e4v\u00e4 selv\u00e4sti, ett\u00e4 allekirjoittaja on laillinen. Ja Ukrainan perustuslain mukaan herra Zelenskyi ei ole t\u00e4ll\u00e4 hetkell\u00e4 sit\u00e4, Lavrov sanoi.<\/p>\n<p class=\"paragraph\">Ven\u00e4j\u00e4 on aiemminkin vaatinut Ukrainaan uusia vaaleja. Ukrainassa sotatilalaki est\u00e4\u00e4 kuitenkin uudet vaalit ennen sodan loppumista.<\/p>\n<p class=\"paragraph\">Lavrov otti my\u00f6s kantaa Ukrainan mahdollisiin turvatakuisiin ja v\u00e4itti, ett\u00e4 Ven\u00e4j\u00e4 on esitt\u00e4nyt niit\u00e4 useita kertoja.<\/p>\n<p class=\"paragraph\">Lavrov katsoo, ett\u00e4 eurooppalaiset johtajat \u201deiv\u00e4t halua rauhaa.\u201d<\/p>\n<p class=\"paragraph\">\u2013 He sanovat: \u201dEmme voi sallia Ukrainan tappiota. Emme voi sallia Ven\u00e4j\u00e4n voittaa.\u201d He puhuvat n\u00e4ill\u00e4 termeill\u00e4: voitto, tappio ja niin edelleen, Lavrov sanoi.<\/p>\n<p>Trumpin rooli<\/p>\n<p class=\"paragraph\">Lavrovin mukaan Putin ilmaisi Yhdysvaltain presidentti <strong>Donald Trumpille<\/strong> Ven\u00e4j\u00e4n olevan valmis jatkamaan neuvotteluita Turkin Istanbulissa.<\/p>\n<p class=\"paragraph\">Lavrov sanoi Putinin kunnioittavan Trumpin keskittymist\u00e4 Yhdysvaltojen kansalliseen etuun.<\/p>\n<p class=\"paragraph\">Lavrovin mukaan Trumpin ja Putinin k\u00e4ym\u00e4t keskustelut Alaskassa \u201deiv\u00e4t olleet salaisuuksia\u201d ja molemmat johtajat \u201dhaluavat rauhan Ukrainaan\u201d.<\/p>\n<p class=\"paragraph\">Trump on itse ajanut Putinin ja Zelenskyin tapaamista. Uutistietojen mukaan tapaamista on kaavailtu Eurooppaan. Zelenskyi on kertonut olevansa valmis tapaamiseen, mutta Lavrovin mukaan kyse on \u201dpelist\u00e4\u201d.<\/p>\n<p class=\"paragraph\">Trump sanoi torstaina, ett\u00e4 Ukrainan rauhanprosessiin saadaan edistyst\u00e4 \u201dkahden viikon kuluessa.\u201d<\/p>\n<p class=\"paragraph\">\u2013 Sen j\u00e4lkeen meid\u00e4n on ehk\u00e4 valittava toinen taktiikka, Trump sanoi.<\/p>\n<p>Ven\u00e4j\u00e4n propaganda&#13;<\/p>\n<ul>\n<li>Ven\u00e4j\u00e4n hallinto hy\u00f6dynt\u00e4\u00e4 laajasti propagandaa tavoitteidensa edist\u00e4miseksi. Valtiollinen propaganda l\u00e4p\u00e4isee koko ven\u00e4l\u00e4isen yhteiskunnan. Virallisen linjan kritisoinnista rangaistaan.<\/li>\n<li>Propagandan keinoja ovat negatiivinen uutisointi, faktojen valikointi ja kehystys, per\u00e4tt\u00f6m\u00e4t v\u00e4itteet sek\u00e4 trollaus. Synkimmill\u00e4\u00e4n propaganda on suoraa uhkailua esimerkiksi ydinaseiden k\u00e4ytt\u00e4misell\u00e4.<\/li>\n<li>Median toiminta Ven\u00e4j\u00e4ll\u00e4 on hyvin kontrolloitua. Propagandaa levitt\u00e4v\u00e4t valtamediat ovat k\u00e4yt\u00e4nn\u00f6ss\u00e4 Kremlin k\u00e4skyvallassa. L\u00e4nsimaisten medioiden k\u00e4ytt\u00f6\u00e4 ja ven\u00e4l\u00e4isten liikkumista l\u00e4nness\u00e4 on rajoitettu voimakkaasti.<\/li>\n<li>Disinformaation ja misinformaation levitt\u00e4minen kiihtyy sota-aikana. Ukrainan hy\u00f6kk \u00e4yssodan aikana Ven\u00e4j\u00e4n pyrkimyksen\u00e4 on oikeuttaa hy\u00f6kk\u00e4yst\u00e4\u00e4n sek\u00e4 murentaa l\u00e4nnen tukea Ukrainalle kahtiajakoa tuottamalla. Ukraina on Ven\u00e4j\u00e4n narratiivissa on &#8221;\u00e4\u00e4rioikeiston johtama&#8221;, &#8221;korruptoitunut&#8221; valtio.<\/li>\n<li>Ven\u00e4j\u00e4n propaganda Suomesta on lis\u00e4\u00e4ntynyt sen j\u00e4lkeen, kun Suomi p\u00e4\u00e4tti hakea sotilasliitto Naton j\u00e4senyytt\u00e4 Ven\u00e4j\u00e4n hy\u00f6k\u00e4tty\u00e4 Ukrainaan. Tyypillisiss\u00e4 v\u00e4itteiss\u00e4 luodaan kuvaa Suomesta &#8221;fasistisena&#8221; ja &#8221;Ven\u00e4j\u00e4-vihamielisen\u00e4&#8221; valtiona. Levitt\u00e4m\u00e4ll\u00e4 huolta sodan eskaloitumisen riskeist\u00e4 Ven\u00e4j\u00e4 haluaa horjuttaa Suomen sitoutumista Ukrainan tukemiseen.<\/li>\n<li>Iltalehti uutisoi Ven\u00e4j\u00e4n propagandasta, koska ilmi\u00f6 koskettaa l\u00e4heisesti my\u00f6s Suomea ja suomalaisia.<\/li>\n<\/ul>\n<p class=\"paragraph\"><strong>Lue lis\u00e4\u00e4:<\/strong><\/p>\n<p class=\"paragraph\"><a href=\"https:\/\/www.iltalehti.fi\/ulkomaat\/fc4299b3-476c-405a-9bcf-f0bb0b24d097\" rel=\"nofollow noopener\" target=\"_blank\">Asiantuntijat: N\u00e4in Ven\u00e4j\u00e4n propaganda levi\u00e4\u00e4 \u2013 \u201dVain j\u00e4\u00e4vuoren huippu\u201d<\/a><\/p>\n<p class=\"paragraph\"><a href=\"https:\/\/www.iltalehti.fi\/ulkomaat\/dae12a47-c0fd-4672-9324-dd463c173f94\" rel=\"nofollow noopener\" target=\"_blank\">Kremlkin otti kantaa hurjiin Suomi-v\u00e4itteisiin \u2013 T\u00e4st\u00e4 on todella kyse<\/a><\/p>\n<p class=\"paragraph\"><a href=\"https:\/\/www.iltalehti.fi\/ulkomaat\/be576383-66ef-4efc-96b6-d6761cf7f4d3\" rel=\"nofollow noopener\" target=\"_blank\">Nelj\u00e4 suomalaismediaa kiellettiin Ven\u00e4j\u00e4ll\u00e4<\/a><\/p>\n<p class=\"paragraph\"><a href=\"https:\/\/www.iltalehti.fi\/ulkomaat\/767850b2-d52f-4d13-933d-7c5e4dce3949\" rel=\"nofollow noopener\" target=\"_blank\">Ven\u00e4j\u00e4ll\u00e4 vainottu \u201dulkomainen agentti\u201d paljastaa: T\u00e4llaisia ihmisi\u00e4 Putin pelk\u00e4\u00e4<\/a><\/p>\n","protected":false},"excerpt":{"rendered":"Ven\u00e4j\u00e4n ulkoministeri Sergei Lavrov antoi ymm\u00e4rt\u00e4\u00e4, ettei Putin allekirjoittaisi rauhansopimusta Zelenskyin kanssa. Ven\u00e4j\u00e4n ulkoministeri Sergei Lavrov antoi haastattelun&hellip;\n","protected":false},"author":2,"featured_media":15108,"comment_status":"","ping_status":"","sticky":false,"template":"","format":"standard","meta":{"footnotes":""},"categories":[14],"tags":[35,22,23,26,27,33,31,30,17,24,25,28,29,15,18,21,142,637,144,886,32,19,20,56,16,638,59,60,61],"class_list":{"0":"post-15107","1":"post","2":"type-post","3":"status-publish","4":"format-standard","5":"has-post-thumbnail","7":"category-ulkomaat","8":"tag-24h","9":"tag-breaking-news","10":"tag-breakingnews","11":"tag-featured-news","12":"tag-featurednews","13":"tag-fi","14":"tag-finland","15":"tag-finnish","16":"tag-headlines","17":"tag-latest-news","18":"tag-latestnews","19":"tag-main-news","20":"tag-mainnews","21":"tag-news","22":"tag-otsikot","23":"tag-paauutiset","24":"tag-poliitikot","25":"tag-politiikka","26":"tag-presidentti","27":"tag-puolueet","28":"tag-suomi","29":"tag-top-stories","30":"tag-topstories","31":"tag-ulkomaat","32":"tag-uutiset","33":"tag-valtiovalta","34":"tag-world","35":"tag-world-news","36":"tag-worldnews"},"share_on_mastodon":{"url":"","error":""},"_links":{"self":[{"href":"https:\/\/www.europesays.com\/fi\/wp-json\/wp\/v2\/posts\/15107","targetHints":{"allow":["GET"]}}],"collection":[{"href":"https:\/\/www.europesays.com\/fi\/wp-json\/wp\/v2\/posts"}],"about":[{"href":"https:\/\/www.europesays.com\/fi\/wp-json\/wp\/v2\/types\/post"}],"author":[{"embeddable":true,"href":"https:\/\/www.europesays.com\/fi\/wp-json\/wp\/v2\/users\/2"}],"replies":[{"embeddable":true,"href":"https:\/\/www.europesays.com\/fi\/wp-json\/wp\/v2\/comments?post=15107"}],"version-history":[{"count":0,"href":"https:\/\/www.europesays.com\/fi\/wp-json\/wp\/v2\/posts\/15107\/revisions"}],"wp:featuredmedia":[{"embeddable":true,"href":"https:\/\/www.europesays.com\/fi\/wp-json\/wp\/v2\/media\/15108"}],"wp:attachment":[{"href":"https:\/\/www.europesays.com\/fi\/wp-json\/wp\/v2\/media?parent=15107"}],"wp:term":[{"taxonomy":"category","embeddable":true,"href":"https:\/\/www.europesays.com\/fi\/wp-json\/wp\/v2\/categories?post=15107"},{"taxonomy":"post_tag","embeddable":true,"href":"https:\/\/www.europesays.com\/fi\/wp-json\/wp\/v2\/tags?post=15107"}],"curies":[{"name":"wp","href":"https:\/\/api.w.org\/{rel}","templated":true}]}}