{"id":15118,"date":"2025-08-24T18:13:08","date_gmt":"2025-08-24T18:13:08","guid":{"rendered":"https:\/\/www.europesays.com\/fi\/15118\/"},"modified":"2025-08-24T18:13:08","modified_gmt":"2025-08-24T18:13:08","slug":"neil-young-kaivoi-vanhan-protestilaulunsa-naftaliinista-soitti-ensimmaista-kertaa-livena-sitten-vuoden-1989","status":"publish","type":"post","link":"https:\/\/www.europesays.com\/fi\/15118\/","title":{"rendered":"Neil Young kaivoi vanhan protestilaulunsa naftaliinista &#8211; soitti ensimm\u00e4ist\u00e4 kertaa liven\u00e4 sitten vuoden 1989"},"content":{"rendered":"<p>Neil Young esiintyi lauantai-iltana New Yorkissa sijaitsevan Wantaghin Jones Beach Theaterissa. Keikan aikana ei v\u00e4ltytty niilomaisilta yll\u00e4tyksilt\u00e4, sill\u00e4 muusikkolegenda kaivoi takataskustaan vuoden 1987 Life-albumilta l\u00f6ytyv\u00e4n Long Walk Homen.<\/p>\n<p>Protestilaulun rivit \u201dFrom Vietnam to old Beirut\/If we are searching for the truth\/Why do we feel that double-edged blade\/Cutting through our hand\u201d oli vaihdettu Ukrainan sotaan viittaavaan muotoon \u201dFrom Canada to Old Ukraine\/We broke our word and left the pain\/Why do we feel that double-edged blade\/Cutting through our hand\u201d.<\/p>\n<p>Setin toinen harvinaisuus oli Singer Without a Song, joka kuultiin ensimm\u00e4ist\u00e4 kertaa 12 vuoteen.<\/p>\n<p>Alla Long Walk Homen esitys.<\/p>\n<p><img loading=\"lazy\" decoding=\"async\" alt=\"YouTube video\" width=\"480\" height=\"360\" data-pin-nopin=\"true\" nopin=\"nopin\" class=\"perfmatters-lazy\" src=\"https:\/\/www.europesays.com\/fi\/wp-content\/uploads\/2025\/08\/1756059188_300_hqdefault.jpg\"\/><\/p>\n","protected":false},"excerpt":{"rendered":"Neil Young esiintyi lauantai-iltana New Yorkissa sijaitsevan Wantaghin Jones Beach Theaterissa. Keikan aikana ei v\u00e4ltytty niilomaisilta yll\u00e4tyksilt\u00e4, sill\u00e4&hellip;\n","protected":false},"author":2,"featured_media":7817,"comment_status":"","ping_status":"","sticky":false,"template":"","format":"standard","meta":{"footnotes":""},"categories":[132],"tags":[137,33,31,30,195,47,32,109],"class_list":{"0":"post-15118","1":"post","2":"type-post","3":"status-publish","4":"format-standard","5":"has-post-thumbnail","7":"category-musiikki","8":"tag-entertainment","9":"tag-fi","10":"tag-finland","11":"tag-finnish","12":"tag-music","13":"tag-musiikki","14":"tag-suomi","15":"tag-viihde"},"share_on_mastodon":{"url":"","error":""},"_links":{"self":[{"href":"https:\/\/www.europesays.com\/fi\/wp-json\/wp\/v2\/posts\/15118","targetHints":{"allow":["GET"]}}],"collection":[{"href":"https:\/\/www.europesays.com\/fi\/wp-json\/wp\/v2\/posts"}],"about":[{"href":"https:\/\/www.europesays.com\/fi\/wp-json\/wp\/v2\/types\/post"}],"author":[{"embeddable":true,"href":"https:\/\/www.europesays.com\/fi\/wp-json\/wp\/v2\/users\/2"}],"replies":[{"embeddable":true,"href":"https:\/\/www.europesays.com\/fi\/wp-json\/wp\/v2\/comments?post=15118"}],"version-history":[{"count":0,"href":"https:\/\/www.europesays.com\/fi\/wp-json\/wp\/v2\/posts\/15118\/revisions"}],"wp:featuredmedia":[{"embeddable":true,"href":"https:\/\/www.europesays.com\/fi\/wp-json\/wp\/v2\/media\/7817"}],"wp:attachment":[{"href":"https:\/\/www.europesays.com\/fi\/wp-json\/wp\/v2\/media?parent=15118"}],"wp:term":[{"taxonomy":"category","embeddable":true,"href":"https:\/\/www.europesays.com\/fi\/wp-json\/wp\/v2\/categories?post=15118"},{"taxonomy":"post_tag","embeddable":true,"href":"https:\/\/www.europesays.com\/fi\/wp-json\/wp\/v2\/tags?post=15118"}],"curies":[{"name":"wp","href":"https:\/\/api.w.org\/{rel}","templated":true}]}}