{"id":15123,"date":"2025-08-24T18:20:07","date_gmt":"2025-08-24T18:20:07","guid":{"rendered":"https:\/\/www.europesays.com\/fi\/15123\/"},"modified":"2025-08-24T18:20:07","modified_gmt":"2025-08-24T18:20:07","slug":"verkkohuijarit-kalastelevat-nyt-elakekikalla-lansivayla","status":"publish","type":"post","link":"https:\/\/www.europesays.com\/fi\/15123\/","title":{"rendered":"Verkkohuijarit kalastelevat nyt &quot;el\u00e4kekikalla&quot; &#8211; L\u00e4nsiv\u00e4yl\u00e4"},"content":{"rendered":"<ol>\n<li><a href=\"https:\/\/news.google.com\/rss\/articles\/CBMiWEFVX3lxTFBPMDE5UjhKaTV3UGVLZ0NJeV9lWExoWTF5dkdCU3c3TVoxV1lqS3hoM1NXQW9XNUJyZlFRQmNJLWtDQ1Rwd1lGRENpSXoycDN5eDFLaXNPS2c?oc=5\" target=\"_blank\" rel=\"nofollow noopener\">Verkkohuijarit kalastelevat nyt &#8221;el\u00e4kekikalla&#8221;<\/a>&nbsp;&nbsp;L\u00e4nsiv\u00e4yl\u00e4<\/li>\n<li><a href=\"https:\/\/news.google.com\/rss\/articles\/CBMifkFVX3lxTFBJanlaN3U2Mm9wRWxTNU95cVFCT2FxTHdRUFc2d3RkWk1IWkFKSThvSk1ScmRhSFZPaUpycVlYMFBCQ2xZREdxd2RMcXIyNzMzeXMyU1Ffc0JYdUdHMmp1Rm1Eb1B4V1M2SjN0X051cjdhQkVieUJJMmx5YUVRZw?oc=5\" target=\"_blank\" rel=\"nofollow noopener\">Karu ilmi\u00f6 uhkaa el\u00e4kel\u00e4isi\u00e4<\/a>&nbsp;&nbsp;Talousel\u00e4m\u00e4<\/li>\n<li><a href=\"https:\/\/news.google.com\/rss\/articles\/CBMipgFBVV95cUxNN2ZYODlrYWJrTGFMMkpGNk54bGhaTUExTmZGWU1qZ2lWNDU0eGN1Z0k0MkhkNEl1anBsQVdjNVdjUUdVNDdoOXdzdVdXQWRqVTIycTk2WjR0RWhSNnJWOWVFZWNLaERwYk4tTFpEQWZURnJMeVBrdGNWUmctNjEzandjVURlSUg1NV9lN0stdHlPLTJGU2NRN3M5UmhzaFhPMXJjUFNR?oc=5\" target=\"_blank\" rel=\"nofollow noopener\">Kyberturvallisuuskeskuksen viikkokatsaus \u2013 34\/2025<\/a>&nbsp;&nbsp;Traficomin Kyberturvallisuuskeskus<\/li>\n<li><a href=\"https:\/\/news.google.com\/rss\/articles\/CBMilgFBVV95cUxORVEzdUpnZmd3bTEzcHJtUG85T0w5MTlYbGhpdGxOaU13NE50aWg0RXB1X1FEWFBUQ19wdGNqNGJlYXgwTHgySGlBa1Z4N0V0UEUwOWduS2IwZEhXQXBUZEVSVXZmWXZRU2FqZWxLUkFfWi11NzVUTjhOZjd2b1pSTnJGakwydEtyeVJ0a2s4alRyNHFBLUE?oc=5\" target=\"_blank\" rel=\"nofollow noopener\">\u00c4l\u00e4 &#8221;korjaa tietojasi&#8221;, jos saat t\u00e4llaisen viestin<\/a>&nbsp;&nbsp;mtvuutiset.fi<\/li>\n<li><a href=\"https:\/\/news.google.com\/rss\/articles\/CBMieEFVX3lxTE5JeUdUczlGTFhxVzdEbUhHcG1NTlc0TElqYldZYXFUbmk0S3c1czJrbWJNWms4aHZyQUpoZWI2b0FxSkhYdEtHZElFVmhpUDlubnZOM3paWWZ3NFNaVkx4VVFMeUxyOXBDRXY3VmJ4TFpHRHJ2X0hjaw?oc=5\" target=\"_blank\" rel=\"nofollow noopener\">Varoitus huijauksista: rikolliset esiintyv\u00e4t el\u00e4keyhti\u00f6in\u00e4<\/a>&nbsp;&nbsp;Verkkouutiset<\/li>\n<\/ol>\n","protected":false},"excerpt":{"rendered":"Verkkohuijarit kalastelevat nyt &#8221;el\u00e4kekikalla&#8221;&nbsp;&nbsp;L\u00e4nsiv\u00e4yl\u00e4 Karu ilmi\u00f6 uhkaa el\u00e4kel\u00e4isi\u00e4&nbsp;&nbsp;Talousel\u00e4m\u00e4 Kyberturvallisuuskeskuksen viikkokatsaus \u2013 34\/2025&nbsp;&nbsp;Traficomin Kyberturvallisuuskeskus \u00c4l\u00e4 &#8221;korjaa tietojasi&#8221;, jos saat&hellip;\n","protected":false},"author":2,"featured_media":15124,"comment_status":"","ping_status":"","sticky":false,"template":"","format":"standard","meta":{"footnotes":""},"categories":[76],"tags":[79,77,33,31,30,53,38,32,78,3152,149,1061,546,860],"class_list":{"0":"post-15123","1":"post","2":"type-post","3":"status-publish","4":"format-standard","5":"has-post-thumbnail","7":"category-talous","8":"tag-business","9":"tag-economy","10":"tag-fi","11":"tag-finland","12":"tag-finnish","13":"tag-laki-oikeus-ja-rikos","14":"tag-rikos","15":"tag-suomi","16":"tag-talous","17":"tag-talousrikokset-finanssirikokset","18":"tag-tietojenkasittely-ja-informaatioteknologia","19":"tag-tietokone-ja-tietoturvarikos","20":"tag-turvallisuus","21":"tag-tyoelama"},"share_on_mastodon":{"url":"","error":""},"_links":{"self":[{"href":"https:\/\/www.europesays.com\/fi\/wp-json\/wp\/v2\/posts\/15123","targetHints":{"allow":["GET"]}}],"collection":[{"href":"https:\/\/www.europesays.com\/fi\/wp-json\/wp\/v2\/posts"}],"about":[{"href":"https:\/\/www.europesays.com\/fi\/wp-json\/wp\/v2\/types\/post"}],"author":[{"embeddable":true,"href":"https:\/\/www.europesays.com\/fi\/wp-json\/wp\/v2\/users\/2"}],"replies":[{"embeddable":true,"href":"https:\/\/www.europesays.com\/fi\/wp-json\/wp\/v2\/comments?post=15123"}],"version-history":[{"count":0,"href":"https:\/\/www.europesays.com\/fi\/wp-json\/wp\/v2\/posts\/15123\/revisions"}],"wp:featuredmedia":[{"embeddable":true,"href":"https:\/\/www.europesays.com\/fi\/wp-json\/wp\/v2\/media\/15124"}],"wp:attachment":[{"href":"https:\/\/www.europesays.com\/fi\/wp-json\/wp\/v2\/media?parent=15123"}],"wp:term":[{"taxonomy":"category","embeddable":true,"href":"https:\/\/www.europesays.com\/fi\/wp-json\/wp\/v2\/categories?post=15123"},{"taxonomy":"post_tag","embeddable":true,"href":"https:\/\/www.europesays.com\/fi\/wp-json\/wp\/v2\/tags?post=15123"}],"curies":[{"name":"wp","href":"https:\/\/api.w.org\/{rel}","templated":true}]}}