{"id":15135,"date":"2025-08-24T18:38:07","date_gmt":"2025-08-24T18:38:07","guid":{"rendered":"https:\/\/www.europesays.com\/fi\/15135\/"},"modified":"2025-08-24T18:38:07","modified_gmt":"2025-08-24T18:38:07","slug":"sarah-jessica-parker-reagoi-and-just-like-that-sarjan-kritiikkiin","status":"publish","type":"post","link":"https:\/\/www.europesays.com\/fi\/15135\/","title":{"rendered":"Sarah Jessica Parker reagoi And Just Like That -sarjan kritiikkiin"},"content":{"rendered":"<p><strong class=\"typography-bold\">Sinkkuel\u00e4m\u00e4\u00e4-sarjan sisarsarjaa And Just Like Thatia on kritisoitu muun muassa siit\u00e4, ettei sit\u00e4 tunnista alkuper\u00e4isen sarjan seuraajaksi.\u00a0<\/strong><\/p>\n<p>Suositun <a class=\"underline\" data-testid=\"internal-link\" role=\"link\" data-sentry-element=\"Link\" data-sentry-component=\"InternalLink\" data-sentry-source-file=\"InternalLink.tsx\" href=\"https:\/\/www.mtvuutiset.fi\/aihe\/sinkkuelamaa\/2890118\" rel=\"nofollow noopener\" target=\"_blank\">Sinkkuel\u00e4m\u00e4\u00e4<\/a>-sarjan And Just Like That -sisarsarjasta n\u00e4htiin viimeinen jakso, ja n\u00e4in kolmen kauden mittainen sarja sai p\u00e4\u00e4t\u00f6ksens\u00e4 HBO Maxilla.\u00a0<\/p>\n<p>Sisarsarja alkoi <a class=\"underline\" data-testid=\"internal-link\" role=\"link\" data-sentry-element=\"Link\" data-sentry-component=\"InternalLink\" data-sentry-source-file=\"InternalLink.tsx\" href=\"https:\/\/www.mtvuutiset.fi\/aihe\/sarah-jessica-parker\/2839804\" rel=\"nofollow noopener\" target=\"_blank\"><strong class=\"typography-bold\">Sarah Jessica Parkerin<\/strong><\/a> esitt\u00e4m\u00e4n Carrie Bradshaw\u2019n aviomiehen Mr. Bigin (<a class=\"underline\" data-testid=\"internal-link\" role=\"link\" data-sentry-element=\"Link\" data-sentry-component=\"InternalLink\" data-sentry-source-file=\"InternalLink.tsx\" href=\"https:\/\/www.mtvuutiset.fi\/aihe\/chris-noth\/8318438\" rel=\"nofollow noopener\" target=\"_blank\"><strong class=\"typography-bold\">Chris Noth<\/strong><\/a>) \u00e4killisen kuoleman j\u00e4lkeen. Viimeisell\u00e4 kaudella Carrie j\u00e4i lopulta el\u00e4m\u00e4\u00e4n sinkkuna rakastamaansa New Yorkiin.\u00a0<\/p>\n<p>And Just Like That on saanut osakseen paljon kritiikki\u00e4 muun muassa siit\u00e4, ettei sisarsarjaa edes tunnista alkuper\u00e4isen Sinkkuel\u00e4m\u00e4\u00e4-sarjan seuraajaksi. T\u00e4m\u00e4n my\u00f6t\u00e4 <a class=\"underline\" data-testid=\"external-link\" href=\"https:\/\/www.hollywoodreporter.com\/tv\/tv-news\/sarah-jessica-parker-responds-and-just-like-that-hate-watching-1236346834\/\" rel=\"noopener noreferrer nofollow\" data-sentry-component=\"ExternalLink\" data-sentry-source-file=\"ExternalLink.tsx\" target=\"_blank\">The Hollywood Reporterin<\/a> mukaan syntyi ik\u00e4\u00e4n kuin katselutrendi, jossa sisarsarjan kriitikoista tuli \u201dvihamielisi\u00e4 katsojia\u201d, jotka eiv\u00e4t pit\u00e4neet jatkosarjasta, mutta eiv\u00e4t kuitenkaan voineet olla katsomatta sit\u00e4.<\/p>\n<p>Lue my\u00f6s: <a class=\"underline\" data-testid=\"internal-link\" role=\"link\" data-sentry-element=\"Link\" data-sentry-component=\"InternalLink\" data-sentry-source-file=\"InternalLink.tsx\" href=\"https:\/\/www.mtvuutiset.fi\/artikkeli\/yksi-syy-sai-sinkkuelamaa-tahden-kieltaytymaan-ikonisesta-roolistaan-nelja-kertaa-no-se-muuttui\/9176924\" rel=\"nofollow noopener\" target=\"_blank\">Yksi syy sai Sinkkuel\u00e4m\u00e4\u00e4-t\u00e4hden kielt\u00e4ytym\u00e4\u00e4n ikonisesta roolistaan nelj\u00e4 kertaa: &#8221;No, se muuttui&#8221;<\/a><\/p>\n<p><a class=\"underline\" data-testid=\"external-link\" href=\"https:\/\/www.nytimes.com\/2025\/08\/15\/arts\/television\/sarah-jessica-parker-and-just-like-that-finale.html?partner=slack&amp;smid=sl-share\" rel=\"noopener noreferrer nofollow\" data-sentry-component=\"ExternalLink\" data-sentry-source-file=\"ExternalLink.tsx\" target=\"_blank\">New York Times<\/a> kysyi Parkerilta, onko h\u00e4n tietoinen kyseisest\u00e4 trendist\u00e4. Parker on roolinsa lis\u00e4ksi And Just Like Thatin vastaava tuottaja.\u00a0<\/p>\n<p>\u2013 En usko, ett\u00e4 minulla on kapasiteettia mietti\u00e4 sit\u00e4 kovin paljon. Olemme aina ty\u00f6skennelleet uskomattoman kovasti kertoaksemme mielenkiintoisia ja todellisia tarinoita. En kai v\u00e4lit\u00e4 siit\u00e4 kovin paljon. En v\u00e4lit\u00e4 siit\u00e4, koska sarja on ollut niin valtavan menestyksellinen ja se on luonut merkityksellisi\u00e4 yhteyksi\u00e4 katsojiin, h\u00e4n kertoi New York Timesille.<\/p>\n<p>Lue my\u00f6s: <a class=\"underline\" data-testid=\"internal-link\" role=\"link\" data-sentry-element=\"Link\" data-sentry-component=\"InternalLink\" data-sentry-source-file=\"InternalLink.tsx\" href=\"https:\/\/www.mtvuutiset.fi\/artikkeli\/suomi-viittauksia-vilisee-sinkkuelamaa-jatkosarjassa-nyt-kuittailtiin-helsingista\/9176180\" rel=\"nofollow noopener\" target=\"_blank\">And Just Like That -sarja vilisee Suomi-viittauksia \u2013 nyt kuittailtiin Helsingille<\/a><\/p>\n<p>Parker my\u00f6nsi, ett\u00e4 sarjan s\u00e4vy on kehittynyt sarjan edetess\u00e4.\u00a0<\/p>\n<p>\u2013 Emme voineet vain teeskennell\u00e4, ett\u00e4 t\u00e4t\u00e4 katastrofaalista tapahtumaa ei olisi tapahtunut Carrien el\u00e4m\u00e4ss\u00e4. Siksi toinen kausi oli niin iloinen ja tarpeellinen. Se oli tietoinen p\u00e4\u00e4t\u00f6s, jotta se tuntuisi kevyemm\u00e4lt\u00e4, h\u00e4n sanoi ja viittasi Mr. Bigin kuolemaan.\u00a0<\/p>\n<p>And Just Like Thatissa n\u00e4hd\u00e4\u00e4n Sinkkuel\u00e4m\u00e4\u00e4-sarjan tapaan Carrien lis\u00e4ksi tutut hahmot Miranda Hobbes (<a class=\"underline\" data-testid=\"internal-link\" role=\"link\" data-sentry-element=\"Link\" data-sentry-component=\"InternalLink\" data-sentry-source-file=\"InternalLink.tsx\" href=\"https:\/\/www.mtvuutiset.fi\/aihe\/cynthia-nixon\/3750396\" rel=\"nofollow noopener\" target=\"_blank\"><strong class=\"typography-bold\">Cynthia Nixon<\/strong><\/a>) sek\u00e4 Charlotte York (<a class=\"underline\" data-testid=\"internal-link\" role=\"link\" data-sentry-element=\"Link\" data-sentry-component=\"InternalLink\" data-sentry-source-file=\"InternalLink.tsx\" href=\"https:\/\/www.mtvuutiset.fi\/aihe\/kristin-davis\/7477336\" rel=\"nofollow noopener\" target=\"_blank\"><strong class=\"typography-bold\">Kristin Davis<\/strong><\/a>). \u00a0<\/p>\n<p>Lis\u00e4ksi sarjassa on uusia hahmoja, kuten Lisa Todd Wexley (<strong class=\"typography-bold\">Nicole Ari Parker<\/strong>) ja Seema Patel (<strong class=\"typography-bold\">Sarita Choudhury<\/strong>).\u00a0<\/p>\n<p>L\u00e4hde:<a class=\"underline\" data-testid=\"external-link\" href=\"https:\/\/www.hollywoodreporter.com\/tv\/tv-news\/sarah-jessica-parker-responds-and-just-like-that-hate-watching-1236346834\/\" rel=\"noopener noreferrer nofollow\" data-sentry-component=\"ExternalLink\" data-sentry-source-file=\"ExternalLink.tsx\" target=\"_blank\"> The Hollywood Reporter<\/a>, <a class=\"underline\" data-testid=\"external-link\" href=\"https:\/\/www.nytimes.com\/2025\/08\/15\/arts\/television\/sarah-jessica-parker-and-just-like-that-finale.html?partner=slack&amp;smid=sl-share\" rel=\"noopener noreferrer nofollow\" data-sentry-component=\"ExternalLink\" data-sentry-source-file=\"ExternalLink.tsx\" target=\"_blank\">New York Times<\/a><\/p>\n<p>Lue my\u00f6s: <a class=\"underline\" data-testid=\"internal-link\" role=\"link\" data-sentry-element=\"Link\" data-sentry-component=\"InternalLink\" data-sentry-source-file=\"InternalLink.tsx\" href=\"https:\/\/www.mtvuutiset.fi\/artikkeli\/merkittava-moka-sinkkuelamaa-jatkosarjassa-hahmo-tapettiin-kahdesti-ja-heratettiin-valissa-henkiin\/9204158\" rel=\"nofollow noopener\" target=\"_blank\">Merkitt\u00e4v\u00e4 moka Sinkkuel\u00e4m\u00e4\u00e4-jatkosarjassa \u2013 hahmo tapettiin kahdesti ja her\u00e4tettiin v\u00e4liss\u00e4 henkiin<\/a><\/p>\n","protected":false},"excerpt":{"rendered":"Sinkkuel\u00e4m\u00e4\u00e4-sarjan sisarsarjaa And Just Like Thatia on kritisoitu muun muassa siit\u00e4, ettei sit\u00e4 tunnista alkuper\u00e4isen sarjan seuraajaksi.\u00a0 Suositun&hellip;\n","protected":false},"author":2,"featured_media":15136,"comment_status":"","ping_status":"","sticky":false,"template":"","format":"standard","meta":{"footnotes":""},"categories":[133],"tags":[137,33,31,30,32,206,156,109],"class_list":{"0":"post-15135","1":"post","2":"type-post","3":"status-publish","4":"format-standard","5":"has-post-thumbnail","7":"category-televisiot","8":"tag-entertainment","9":"tag-fi","10":"tag-finland","11":"tag-finnish","12":"tag-suomi","13":"tag-televisiot","14":"tag-tv","15":"tag-viihde"},"share_on_mastodon":{"url":"","error":""},"_links":{"self":[{"href":"https:\/\/www.europesays.com\/fi\/wp-json\/wp\/v2\/posts\/15135","targetHints":{"allow":["GET"]}}],"collection":[{"href":"https:\/\/www.europesays.com\/fi\/wp-json\/wp\/v2\/posts"}],"about":[{"href":"https:\/\/www.europesays.com\/fi\/wp-json\/wp\/v2\/types\/post"}],"author":[{"embeddable":true,"href":"https:\/\/www.europesays.com\/fi\/wp-json\/wp\/v2\/users\/2"}],"replies":[{"embeddable":true,"href":"https:\/\/www.europesays.com\/fi\/wp-json\/wp\/v2\/comments?post=15135"}],"version-history":[{"count":0,"href":"https:\/\/www.europesays.com\/fi\/wp-json\/wp\/v2\/posts\/15135\/revisions"}],"wp:featuredmedia":[{"embeddable":true,"href":"https:\/\/www.europesays.com\/fi\/wp-json\/wp\/v2\/media\/15136"}],"wp:attachment":[{"href":"https:\/\/www.europesays.com\/fi\/wp-json\/wp\/v2\/media?parent=15135"}],"wp:term":[{"taxonomy":"category","embeddable":true,"href":"https:\/\/www.europesays.com\/fi\/wp-json\/wp\/v2\/categories?post=15135"},{"taxonomy":"post_tag","embeddable":true,"href":"https:\/\/www.europesays.com\/fi\/wp-json\/wp\/v2\/tags?post=15135"}],"curies":[{"name":"wp","href":"https:\/\/api.w.org\/{rel}","templated":true}]}}