{"id":151385,"date":"2026-01-24T21:03:07","date_gmt":"2026-01-24T21:03:07","guid":{"rendered":"https:\/\/www.europesays.com\/fi\/151385\/"},"modified":"2026-01-24T21:03:07","modified_gmt":"2026-01-24T21:03:07","slug":"kaunarit-tahti-john-mccook-tallaisessa-kodissa-han-asuu-kuvat","status":"publish","type":"post","link":"https:\/\/www.europesays.com\/fi\/151385\/","title":{"rendered":"Kaunarit-t\u00e4hti John McCook: T\u00e4llaisessa kodissa h\u00e4n asuu &#8211; kuvat!"},"content":{"rendered":"<p>            All Over Press\n        <\/p>\n<p class=\"subtitle \">N\u00e4yttelij\u00e4 asuu roolihahmonsa tapaan Los Angelesissa.<\/p>\n<p class=\"article-content article-content-width !bg-background\">Yhdysvaltalaisn\u00e4yttelij\u00e4 , 81, on n\u00e4ytellyt Kauniit ja rohkeat -sarjan Eric Forresteria jo l\u00e4hes 40 vuoden ajan.\u00a0<\/p>\n<p class=\"font-weight-bold m-font-weight-bold article-content article-content-width !bg-background\">Video: Kaunarit-t\u00e4hdet l\u00e4hettiv\u00e4t Seiskalle syntt\u00e4rionnitteluja:<\/p>\n<p class=\"article-content article-content-width !bg-background\">Fiktiivisen muotitalon patriarkka on ollut naimissa kymmenisen kertaa. Johnille aviolittoja sen sijaan on kertynyt vain kolme. Nykyisen vaimonsa  kanssa h\u00e4n avioitui vuonna 1980.\u00a0<\/p>\n<p>Suurperheen vilskett\u00e4<\/p>\n<p class=\"article-content article-content-width !bg-background\">Aviovuosia Johnille ja Laurettelle on siis kertynyt jo kunnioitettavat 45. Pariskunnalla on kolme yhteist\u00e4 lasta: Poika  sek\u00e4 tytt\u00e4ret  ja . Lis\u00e4ksi Johnilla on -niminen poika aiemmasta liitostaan.<\/p>\n<p>        <a itemprop=\"url\" href=\"https:\/\/www.seiska.fi\/ulkomaat\/nain-kauniit-ja-rohkeat-sarjan-eric-on-muuttunut-kuvat\/1929892\" rel=\"nofollow noopener\" target=\"_blank\"><\/p>\n<p>\nKuvat!\n<\/p>\n<p class=\"section-date\">\n        <strong class=\"article-section\" data-section=\"ulkomaat\"><br \/>\n            ulkomaat<br \/>\n        <\/strong><br \/>\n        13.9.2025 09:30\n    <\/p>\n<p>N\u00e4in Kauniit ja rohkeat -sarjan Eric on muuttunut \u2013 kuvat!\n    <\/p>\n<p itemprop=\"description\" class=\"subtitle \">\n    Tunnistaisitko n\u00e4yttelij\u00e4n samaksi mieheksi, joka aloitti suosikkisarjassa vuonna 1987?\n<\/p>\n<p>        <\/a><\/p>\n<p class=\"article-content article-content-width !bg-background\">Johnin ja Lauretten el\u00e4m\u00e4\u00e4 pirist\u00e4v\u00e4t my\u00f6s lapsenlapset. Juhlapyhin\u00e4 pariskunnan koti t\u00e4yttyykin v\u00e4est\u00e4, kun kolme sukupolvea kokoontuu viett\u00e4m\u00e4\u00e4n aikaa yhdess\u00e4. N\u00e4in k\u00e4vi my\u00f6s jouluna, josta Laurette onkin julkaissut kuvia sosiaalisessa mediassa.\u00a0<\/p>\n<p>                <img decoding=\"async\" src=\"https:\/\/www.europesays.com\/fi\/wp-content\/uploads\/2026\/01\/2055161.webp.jpeg\" width=\"576\" height=\"720\" alt=\"Laurette on Johnin kolmas vaimo.\" loading=\"lazy\" \/>            <\/p>\n<p>\n            Laurette on Johnin kolmas vaimo.<br \/>\n            AOP\n        <\/p>\n<p class=\"article-content article-content-width !bg-background\">\u2013 Perhe voi olla kaaosta. Perhe voi olla sotkuista. Mutta perhe voi olla ja on my\u00f6s riemukasta, Laurette kirjoittaa julkaisemansa kuvakarusellin yhteydess\u00e4.<\/p>\n<p>Luksusta, muttei \u00f6kyily\u00e4<\/p>\n<p class=\"article-content article-content-width !bg-background\">Lauretten jakamista otoksista ilmenee, ett\u00e4 joulua on todella vietetty isolla porukalla. Samalla ne suovat harvinaisen vilauksen pariskunnan Los Angelesissa sijaitsevaan kotiin.<\/p>\n<p>        <a itemprop=\"url\" href=\"https:\/\/www.seiska.fi\/katso\/kauniissa-ja-rohkeissa-historiallinen-kaanne\/1904407\" rel=\"nofollow noopener\" target=\"_blank\"><\/p>\n<p>\nKauniit ja rohkeat\n<\/p>\n<p class=\"section-date\">\n        <strong class=\"article-section\" data-section=\"katso\"><br \/>\n            katso<br \/>\n        <\/strong><br \/>\n        20.8.2025 09:15\n    <\/p>\n<p>Kauniissa ja rohkeissa historiallinen k\u00e4\u00e4nne\n    <\/p>\n<p itemprop=\"description\" class=\"subtitle \">\n    Kauniit ja rohkeat -sarjan tekij\u00e4t joutuivat j\u00e4tt\u00e4m\u00e4\u00e4n hyv\u00e4stit vanhalle, mutta saivat uutta tilalle.\n<\/p>\n<p>        <\/a><\/p>\n<p class=\"article-content article-content-width !bg-background\">Talo on ilmeisen kookas. Samalla se vaikuttaa kuitenkin varsin kodikkaalta maanl\u00e4heisen sisustuksensa sek\u00e4 runsaiden koriste-esineiden ansiosta. Seinille on ripustettu taideteoksia sek\u00e4 valokuvia, ja vaalean takan yl\u00e4puolella komeilee valtava kello. L\u00f6ytyyp\u00e4 k\u00e4mp\u00e4st\u00e4 Suomessakin trendikk\u00e4\u00e4ksi noussut vihre\u00e4n s\u00e4vyinen sein\u00e4.<\/p>\n<p class=\"italic m-italic article-content article-content-width !bg-background\">Jos upotus ei toimi, <a href=\"https:\/\/www.instagram.com\/p\/DSilcyuk1CR\/?img_index=4\" target=\"_blank\" rel=\"nofollow noopener\">voit katsoa kuvia asunnosta t\u00e4\u00e4lt\u00e4<\/a>.<\/p>\n<p><script async src=\"\/\/www.instagram.com\/embed.js\"><\/script><\/p>\n","protected":false},"excerpt":{"rendered":"All Over Press N\u00e4yttelij\u00e4 asuu roolihahmonsa tapaan Los Angelesissa. Yhdysvaltalaisn\u00e4yttelij\u00e4 , 81, on n\u00e4ytellyt Kauniit ja rohkeat -sarjan&hellip;\n","protected":false},"author":2,"featured_media":151386,"comment_status":"","ping_status":"","sticky":false,"template":"","format":"standard","meta":{"footnotes":"","_share_on_mastodon":"0"},"categories":[136],"tags":[542,3260,407,137,33,31,30,4871,408,375,1233,25619,4343,98,32,109],"class_list":["post-151385","post","type-post","status-publish","format-standard","has-post-thumbnail","category-julkkikset","tag-asuminen","tag-asunto","tag-celebrities","tag-entertainment","tag-fi","tag-finland","tag-finnish","tag-john-mccook","tag-julkkikset","tag-kauniit-ja-rohkeat","tag-koti","tag-laurette-spang-mccook","tag-los-angeles","tag-perhe","tag-suomi","tag-viihde"],"share_on_mastodon":{"url":"https:\/\/pubeurope.com\/@fi\/115952104442663432","error":""},"_links":{"self":[{"href":"https:\/\/www.europesays.com\/fi\/wp-json\/wp\/v2\/posts\/151385","targetHints":{"allow":["GET"]}}],"collection":[{"href":"https:\/\/www.europesays.com\/fi\/wp-json\/wp\/v2\/posts"}],"about":[{"href":"https:\/\/www.europesays.com\/fi\/wp-json\/wp\/v2\/types\/post"}],"author":[{"embeddable":true,"href":"https:\/\/www.europesays.com\/fi\/wp-json\/wp\/v2\/users\/2"}],"replies":[{"embeddable":true,"href":"https:\/\/www.europesays.com\/fi\/wp-json\/wp\/v2\/comments?post=151385"}],"version-history":[{"count":0,"href":"https:\/\/www.europesays.com\/fi\/wp-json\/wp\/v2\/posts\/151385\/revisions"}],"wp:featuredmedia":[{"embeddable":true,"href":"https:\/\/www.europesays.com\/fi\/wp-json\/wp\/v2\/media\/151386"}],"wp:attachment":[{"href":"https:\/\/www.europesays.com\/fi\/wp-json\/wp\/v2\/media?parent=151385"}],"wp:term":[{"taxonomy":"category","embeddable":true,"href":"https:\/\/www.europesays.com\/fi\/wp-json\/wp\/v2\/categories?post=151385"},{"taxonomy":"post_tag","embeddable":true,"href":"https:\/\/www.europesays.com\/fi\/wp-json\/wp\/v2\/tags?post=151385"}],"curies":[{"name":"wp","href":"https:\/\/api.w.org\/{rel}","templated":true}]}}