{"id":1514,"date":"2025-08-11T14:13:12","date_gmt":"2025-08-11T14:13:12","guid":{"rendered":"https:\/\/www.europesays.com\/fi\/1514\/"},"modified":"2025-08-11T14:13:12","modified_gmt":"2025-08-11T14:13:12","slug":"valkoiseen-taloon-rakennettiin-starlink-yhteys-asiantuntijat-kummissaan","status":"publish","type":"post","link":"https:\/\/www.europesays.com\/fi\/1514\/","title":{"rendered":"Valkoiseen taloon rakennettiin Starlink-yhteys \u2013 asiantuntijat kummissaan"},"content":{"rendered":"<p>Elon Muskin nettiyhteys ei vakuuta asiantuntijoita.<\/p>\n<p>Ilta-Sanomat avasi ja otti Starlink-yhteyden k\u00e4ytt\u00f6\u00f6n.Video: Seppo K\u00e4rki \/ IS<\/p>\n<p>21.3. 8:26<\/p>\n<p class=\"article-body margin-bottom-24 padding-x-16\">Valkoisessa talossa meneill\u00e4\u00e4n oleva internet-yhteyden  uudistus on her\u00e4tt\u00e4nyt laajaa kummeksuntaa.<\/p>\n<p class=\"article-body margin-bottom-24 padding-x-16\">Valkoiseen taloon ja sen alueelle ollaan vet\u00e4m\u00e4ss\u00e4 Starlink-pohjaista verkkoyhteytt\u00e4, kertoo <a class=\"article-genericlink\" href=\"https:\/\/www.nytimes.com\/2025\/03\/17\/us\/politics\/elon-musk-starlink-white-house.html\" rel=\"nofollow noopener\" target=\"_blank\">The New York Times<\/a>. Yhteydell\u00e4 on m\u00e4\u00e4r\u00e4 korvata alueen langattoman verkon katvealueita, jotka ovat \u201dpuutteellisen mobiiliverkon ja ylihinnoitellun wifi-infrastruktuurin\u201d syy.<\/p>\n<p class=\"article-body margin-bottom-24 padding-x-16\">Starlinkin tavalliset k\u00e4ytt\u00f6tapaukset ovat h\u00e4t\u00e4tilanteet, joissa verkkoyhteytt\u00e4 ei ole saatavilla, sek\u00e4 m\u00f6kkiolosuhteiden kaltaiset tarpeet. Suurkaupungissa sijaitseva hallintorakennus on t\u00e4st\u00e4 merkitt\u00e4v\u00e4 poikkeus.<\/p>\n<p class=\"article-body margin-bottom-24 padding-x-16\">Hankkeessa on monia kysymysmerkkej\u00e4. Yksi on se, ett\u00e4 presidentti <a class=\"article-personlink\" href=\"https:\/\/www.is.fi\/haku\/?query=Donald%20Trumpin\" rel=\"nofollow noopener\" target=\"_blank\">Donald Trumpin<\/a> oikeana k\u00e4ten\u00e4 toimiva <a class=\"article-personlink\" href=\"https:\/\/www.is.fi\/haku\/?query=Elon%20Musk\" rel=\"nofollow noopener\" target=\"_blank\">Elon Musk<\/a> on Starlinkin p\u00e4\u00e4omistaja, ja asetelmassa saattaa olla eturistiriita. Valkoisen talon mukaan asia on kuitenkin juristien hyv\u00e4ksym\u00e4, ja nettiyhteys on lahja Starlinkilt\u00e4.<\/p>\n<p class=\"article-body margin-bottom-24 padding-x-16\">Toinen oudoksuntaa her\u00e4tt\u00e4nyt asia on se, ett\u00e4 Starlinkin satelliittiantennit eiv\u00e4t sijaitse Valkoisen talon alueella, vaan toisaalla. Satelliitti-internet tuodaan perille kiinte\u00e4ll\u00e4 kaapeloinnilla.<\/p>\n<p class=\"article-body margin-bottom-24 padding-x-16\">My\u00f6s tietoturva-asiat ovat her\u00e4tt\u00e4neet kysymyksi\u00e4. Starlinkin my\u00f6t\u00e4 Valkoisen talon verkkoinfrastruktuuriin lis\u00e4t\u00e4\u00e4n yksi internet-operaattori  sek\u00e4 rinnakkainen verkko. T\u00e4m\u00e4 luo uusia murtautumismahdollisuuksia, eli tietoturvakielell\u00e4 lis\u00e4\u00e4 hy\u00f6kk\u00e4yspinta-alaa. Ei ole tietoa, millaiset turvallisuustarkastukset uudelle verkolle on tehty.<\/p>\n<p class=\"article-body margin-bottom-24 padding-x-16\">Teknologiajulkaisu <a class=\"article-genericlink\" href=\"https:\/\/www.theverge.com\/news\/631716\/white-house-starlink-wi-fi-connectivity-musk\" rel=\"nofollow noopener\" target=\"_blank\">The Verge<\/a> kummastelee ratkaisua. Valkoinen talo ei varsinaisesti kommentoinut, miten satelliittiyhteyden tuominen kaapeloidusti parantaa langattomia katveita.<\/p>\n<p class=\"article-body margin-bottom-24 padding-x-16\">\u2013 Paljon yksinkertaisempaa olisi lis\u00e4t\u00e4 kapasiteettia verkkokaapelilla ja uusilla wifi-tukiasemilla, The Verge huomauttaa.<\/p>\n<p class=\"article-body margin-bottom-24 padding-x-16\">Julkaisu tuo esiin my\u00f6s satelliittipohjaisen yhteyden ep\u00e4vakauden kiinte\u00e4\u00e4n verkkoyhteyteen verrattuna. S\u00e4\u00e4olosuhteet vaikuttavat satelliittiyhteyden kuuluvuuteen merkitt\u00e4v\u00e4sti, eik\u00e4 sen tuominen Valkoiseen taloon kaapeliyhteydell\u00e4 muuta asiaa.<\/p>\n<p class=\"article-body margin-bottom-24 padding-x-16\">\u2013 Se ei yksinkertaisesti p\u00e4rj\u00e4\u00e4 luotettavalle, kiinte\u00e4lle verkkoyhteydelle, The Verge huomauttaa.<\/p>\n","protected":false},"excerpt":{"rendered":"Elon Muskin nettiyhteys ei vakuuta asiantuntijoita. Ilta-Sanomat avasi ja otti Starlink-yhteyden k\u00e4ytt\u00f6\u00f6n.Video: Seppo K\u00e4rki \/ IS 21.3. 8:26&hellip;\n","protected":false},"author":2,"featured_media":1515,"comment_status":"","ping_status":"","sticky":false,"template":"","format":"standard","meta":{"footnotes":""},"categories":[87],"tags":[33,31,30,34,148,32,91,92],"class_list":{"0":"post-1514","1":"post","2":"type-post","3":"status-publish","4":"format-standard","5":"has-post-thumbnail","7":"category-internet","8":"tag-fi","9":"tag-finland","10":"tag-finnish","11":"tag-ilta-sanomat","12":"tag-internet","13":"tag-suomi","14":"tag-technology","15":"tag-teknologia"},"share_on_mastodon":{"url":"","error":""},"_links":{"self":[{"href":"https:\/\/www.europesays.com\/fi\/wp-json\/wp\/v2\/posts\/1514","targetHints":{"allow":["GET"]}}],"collection":[{"href":"https:\/\/www.europesays.com\/fi\/wp-json\/wp\/v2\/posts"}],"about":[{"href":"https:\/\/www.europesays.com\/fi\/wp-json\/wp\/v2\/types\/post"}],"author":[{"embeddable":true,"href":"https:\/\/www.europesays.com\/fi\/wp-json\/wp\/v2\/users\/2"}],"replies":[{"embeddable":true,"href":"https:\/\/www.europesays.com\/fi\/wp-json\/wp\/v2\/comments?post=1514"}],"version-history":[{"count":0,"href":"https:\/\/www.europesays.com\/fi\/wp-json\/wp\/v2\/posts\/1514\/revisions"}],"wp:featuredmedia":[{"embeddable":true,"href":"https:\/\/www.europesays.com\/fi\/wp-json\/wp\/v2\/media\/1515"}],"wp:attachment":[{"href":"https:\/\/www.europesays.com\/fi\/wp-json\/wp\/v2\/media?parent=1514"}],"wp:term":[{"taxonomy":"category","embeddable":true,"href":"https:\/\/www.europesays.com\/fi\/wp-json\/wp\/v2\/categories?post=1514"},{"taxonomy":"post_tag","embeddable":true,"href":"https:\/\/www.europesays.com\/fi\/wp-json\/wp\/v2\/tags?post=1514"}],"curies":[{"name":"wp","href":"https:\/\/api.w.org\/{rel}","templated":true}]}}