{"id":15146,"date":"2025-08-24T18:49:10","date_gmt":"2025-08-24T18:49:10","guid":{"rendered":"https:\/\/www.europesays.com\/fi\/15146\/"},"modified":"2025-08-24T18:49:10","modified_gmt":"2025-08-24T18:49:10","slug":"913-euron-lento-suomessa-nyt-puhuu-ministeri","status":"publish","type":"post","link":"https:\/\/www.europesays.com\/fi\/15146\/","title":{"rendered":"913 euron lento Suomessa \u2013 Nyt puhuu ministeri"},"content":{"rendered":"<p>Sari Essayah kommentoi Iltalehdelle 913,18 euron lentoaan. Kyseess\u00e4 oli Iltalehden selvityksen mukaan kansanedustajien alkuvuoden kolmanneksi kallein yksitt\u00e4inen lento.<\/p>\n<p><img decoding=\"async\" class=\"image image-show image-preview\" src=\"https:\/\/www.europesays.com\/fi\/wp-content\/uploads\/2025\/08\/07674d4ed157030a19c6dbb0a7932d5a8e063c4d94e2859a3cd2636ab381ee31.jpg\" alt=\"\"\/><img decoding=\"async\" class=\"image image-show\" src=\"https:\/\/www.europesays.com\/fi\/wp-content\/uploads\/2025\/08\/1755950528_551_07674d4ed157030a19c6dbb0a7932d5a8e063c4d94e2859a3cd2636ab381ee31.jpg\" alt=\"\"\/><\/p>\n<p>Sari Essayah KD:n puoluekokouksessa Porissa. Johannes Ij\u00e4s<\/p>\n<p class=\"paragraph\"><a href=\"https:\/\/www.iltalehti.fi\/politiikka\/3168b8c8-0afd-459d-9283-6fab87c7db48\" rel=\"nofollow noopener\" target=\"_blank\">Iltalehti selvitti<\/a>, ett\u00e4 kansanedustajien kotimaan lentoihin kului alkuvuoden aikana 400 000 euroa.<\/p>\n<p class=\"paragraph\">Suomen sis\u00e4ll\u00e4 tehty yksitt\u00e4inen matka saattoi maksaa veronmaksajille jopa yli 900 euroa.<\/p>\n<p class=\"paragraph\">Yksi viidest\u00e4 selvityksen mukaan yli 900 euron matkan tehneest\u00e4 kansanedustajista on maa- ja mets\u00e4talousministeri, kristillisdemokraattien puheenjohtaja <a href=\"https:\/\/www.iltalehti.fi\/henkilot\/Sari Essayah\" class=\"article-link-person-page\" rel=\"nofollow noopener\" target=\"_blank\">Sari Essayah<\/a>. Essayahin matkakohteena oli eduskunnan Iltalehdelle toimittamien tietojen mukaan Helsinki ja matkalle tuli hintaa 913,18 euroa.<\/p>\n<p class=\"paragraph\">Essayah kommentoi asiaa Iltalehdelle Porissa kristillisdemokraattien puoluekokouksessa.<\/p>\n<p class=\"paragraph\">H\u00e4n sanoo, ettei h\u00e4nell\u00e4 ole itsell\u00e4\u00e4n mit\u00e4\u00e4n tietoa lennon hinnasta ja h\u00e4n on v\u00e4\u00e4r\u00e4 osoite kysy\u00e4 asiasta. Matkaj\u00e4rjestelyt eiv\u00e4t ole h\u00e4nen k\u00e4siss\u00e4\u00e4n ja niit\u00e4 pit\u00e4\u00e4 tiedustella eduskunnan hallinnosta.<\/p>\n<p class=\"paragraph\">\u2013 Silloin, kun kansanedustaja on ministerin\u00e4, me emme puutu meid\u00e4n matkaj\u00e4rjestelyihimme, h\u00e4n perustelee.<\/p>\n<p class=\"paragraph\">Essayah toteaa, ett\u00e4 ministerin kiireisten aikataulujen ja muuttuvien tilanteiden vuoksi, voi tulla yll\u00e4tt\u00e4vi\u00e4 matkoja, joiden vuoksi lennon joutuu varaamaan kiireell\u00e4. Dynaamisen hinnoittelun vuoksi hinta saattaa pompata yl\u00f6s.<\/p>\n<p class=\"paragraph\">\u2013 On tosi usein sellaisia tilanteita, ett\u00e4 yht\u00e4kki\u00e4 aikataulu muuttuu t\u00e4ysin ja on oltava Helsingiss\u00e4 tiettyyn kellonaikaan ja silloin maakunnasta ei p\u00e4\u00e4se kuin lentokoneella.<\/p>\n<p>Kuljettaja olisi kallis<\/p>\n<p class=\"paragraph\">Lapinlahtelainen Essayah toteaa, ett\u00e4 maakuntien ministereill\u00e4 olisi mahdollisuus k\u00e4ytt\u00e4\u00e4 my\u00f6s valtion virka-autoa ja kuljettajaa.<\/p>\n<p class=\"paragraph\">\u2013 Se voi tarkoittaa ty\u00f6aikalains\u00e4\u00e4d\u00e4nn\u00f6n puitteissa kuljettajalta kahta ty\u00f6p\u00e4iv\u00e4\u00e4, koska h\u00e4n ei pysty ajamaan saman vuorokauden aikana takaisin maakunnasta. H\u00e4nen on j\u00e4\u00e4t\u00e4v\u00e4 y\u00f6ksi sinne.<\/p>\n<p class=\"paragraph\">Essayahin mukaan ministereit\u00e4 onkin nimenomaan kehotettu k\u00e4ytt\u00e4m\u00e4\u00e4n lentoja, jotta kustannuksia pystytt\u00e4isiin painamaan alas.<\/p>\n<p class=\"paragraph\">Essayah sanoo, ett\u00e4 h\u00e4n on koko ministeripestins\u00e4 ajan itse ajanut kodista maakuntiin ja takaisin kotiin suuntautuneet matkat.<\/p>\n<p class=\"paragraph\">Ainakin aiemmin ministereill\u00e4 on saattanut h\u00e4nen k\u00e4sitt\u00e4\u00e4kseen olla k\u00e4yt\u00e4nt\u00f6\u00e4, ett\u00e4 auton kuljettaja olisi saattanut lent\u00e4\u00e4 Ouluun ja ottaa sielt\u00e4 auton, mik\u00e4 tulisi kalliiksi.<\/p>\n<p>Lukuisia yli 500 euron lentoja<\/p>\n<p class=\"paragraph\">Eduskunnan Iltalehdelle toimittamien tietojen mukaan kansanedustajat tekiv\u00e4t tammi\u2013kes\u00e4kuussa 151 kotimaan lentoa, jotka maksoivat v\u00e4hint\u00e4\u00e4n 500 euroa.<\/p>\n<p class=\"paragraph\">Rovaniemell\u00e4 asuva kansanedustaja <a href=\"https:\/\/www.iltalehti.fi\/henkilot\/Heikki Autto\" class=\"article-link-person-page\" rel=\"nofollow noopener\" target=\"_blank\">Heikki Autto<\/a> on ollut alkuvuodesta eduskunnan kallein lent\u00e4j\u00e4 kotimaassa. Auton lentolasku tammi\u2013kes\u00e4kuulta on 20 976 euroa.<\/p>\n<p class=\"paragraph\">Ministeri Essayah ei ole listalla eduskunnan kalleimpien lent\u00e4jien joukossa.<\/p>\n<p class=\"paragraph\">Eduskunnan matkustuss\u00e4\u00e4nn\u00f6n mukaan kansanedustajat voivat k\u00e4ytt\u00e4\u00e4 lentokonetta eduskunnan ja kodin v\u00e4lisiin matkoihin sek\u00e4 edustajanteht\u00e4v\u00e4n hoitamiseen liittyviin matkoihin, jos juna tai linja-auto ei ole ajank\u00e4yt\u00f6n tai muun syyn takia mahdollinen. Essayah ei t\u00e4t\u00e4 s\u00e4\u00e4nt\u00f6\u00e4 kritisoi.<\/p>\n<p class=\"paragraph\">H\u00e4n nostaa esiin my\u00f6s, ett\u00e4 vaalipiirijaon takia osa kansanedustajista tulee pohjoisesta tai it\u00e4isest\u00e4 Suomesta.<\/p>\n<p class=\"paragraph\">\u2013 Jotenkinhan meid\u00e4nkin pit\u00e4\u00e4 matkustaa paikkoihin, joissa meid\u00e4n oletetaan olevan tekem\u00e4ss\u00e4 p\u00e4\u00e4tt\u00e4jin\u00e4 ty\u00f6t\u00e4.<\/p>\n<p>Porolla t\u00f6ihin?<\/p>\n<p class=\"paragraph\">Kristillisdemokraattisen eduskuntaryhm\u00e4n puheenjohtaja, kansanedustaja <a href=\"https:\/\/www.iltalehti.fi\/henkilot\/Peter \u00d6stman\" class=\"article-link-person-page\" rel=\"nofollow noopener\" target=\"_blank\">Peter \u00d6stman<\/a> sanoo itse ajattelevansa kansanedustajien lent\u00e4misest\u00e4 niin, ett\u00e4 silloin kun ty\u00f6- ja vastuualoitteet edellytt\u00e4v\u00e4t matkustamista eik\u00e4 p\u00e4\u00e4se kuin lentokoneella, on l\u00e4hdett\u00e4v\u00e4 lentokoneella.<\/p>\n<p class=\"paragraph\">\u2013 Vaikea l\u00e4hte\u00e4 py\u00f6r\u00e4ilem\u00e4\u00e4n Hampuriin.<\/p>\n<p class=\"paragraph\">\u00d6stman itse ei p\u00e4\u00e4tynyt Iltalehden eduskunnan kalleimpien kotimaan lent\u00e4jien listalle.<\/p>\n<p>Kristillisdemokraattisen eduskuntaryhm\u00e4n puheenjohtaja Peter \u00d6stman. Jani Korpela<\/p>\n<p class=\"paragraph\">Kansanedustajan matkustuss\u00e4\u00e4nt\u00f6\u00e4 \u00d6stman pit\u00e4\u00e4 hyv\u00e4n\u00e4. H\u00e4n itse tulee Pohjanmaan Luodosta.<\/p>\n<p class=\"paragraph\">\u2013 Min\u00e4 v\u00e4lill\u00e4 k\u00e4yt\u00e4n lentoa \u2013 viime vuosina v\u00e4h\u00e4n harvemmin \u2013 sen takia, ett\u00e4 Kokkolaan, joka on l\u00e4hin lentokentt\u00e4ni, on niin haasteelliset lentoaikataulut. Enimm\u00e4kseen kuljen junalla, mutta nyt esimerkiksi tulevalla viikolla joudun harkitsemaan. Meill\u00e4 on eduskuntaryhm\u00e4n kes\u00e4kokous, joka venyy niin my\u00f6h\u00e4\u00e4n, ett\u00e4 ainut mahdollisuus p\u00e4\u00e4st\u00e4 kotiin illalla on lent\u00e4m\u00e4ll\u00e4.<\/p>\n<p class=\"paragraph\">\u00d6stman ei l\u00e4hde moralisoimaan my\u00f6sk\u00e4\u00e4n sit\u00e4, ett\u00e4 vaikkapa rovaniemel\u00e4isen Heikki Auton alkuvuoden tammi\u2013kes\u00e4kuun lentokulut olivat noin 21 000 euroa.<\/p>\n<p class=\"paragraph\">\u2013 Ei kai h\u00e4n voi porolla l\u00e4hte\u00e4 t\u00f6ihin? Vai pit\u00e4isik\u00f6?<\/p>\n","protected":false},"excerpt":{"rendered":"Sari Essayah kommentoi Iltalehdelle 913,18 euron lentoaan. Kyseess\u00e4 oli Iltalehden selvityksen mukaan kansanedustajien alkuvuoden kolmanneksi kallein yksitt\u00e4inen lento.&hellip;\n","protected":false},"author":2,"featured_media":14043,"comment_status":"","ping_status":"","sticky":false,"template":"","format":"standard","meta":{"footnotes":""},"categories":[5],"tags":[35,22,23,26,27,33,31,30,17,24,25,121,28,29,15,18,21,637,886,885,887,32,19,20,16],"class_list":{"0":"post-15146","1":"post","2":"type-post","3":"status-publish","4":"format-standard","5":"has-post-thumbnail","7":"category-otsikot","8":"tag-24h","9":"tag-breaking-news","10":"tag-breakingnews","11":"tag-featured-news","12":"tag-featurednews","13":"tag-fi","14":"tag-finland","15":"tag-finnish","16":"tag-headlines","17":"tag-latest-news","18":"tag-latestnews","19":"tag-liikenne-ja-kuljetus","20":"tag-main-news","21":"tag-mainnews","22":"tag-news","23":"tag-otsikot","24":"tag-paauutiset","25":"tag-politiikka","26":"tag-puolueet","27":"tag-suomen-poliittiset-puolueet","28":"tag-suomen-politiikka","29":"tag-suomi","30":"tag-top-stories","31":"tag-topstories","32":"tag-uutiset"},"share_on_mastodon":{"url":"","error":""},"_links":{"self":[{"href":"https:\/\/www.europesays.com\/fi\/wp-json\/wp\/v2\/posts\/15146","targetHints":{"allow":["GET"]}}],"collection":[{"href":"https:\/\/www.europesays.com\/fi\/wp-json\/wp\/v2\/posts"}],"about":[{"href":"https:\/\/www.europesays.com\/fi\/wp-json\/wp\/v2\/types\/post"}],"author":[{"embeddable":true,"href":"https:\/\/www.europesays.com\/fi\/wp-json\/wp\/v2\/users\/2"}],"replies":[{"embeddable":true,"href":"https:\/\/www.europesays.com\/fi\/wp-json\/wp\/v2\/comments?post=15146"}],"version-history":[{"count":0,"href":"https:\/\/www.europesays.com\/fi\/wp-json\/wp\/v2\/posts\/15146\/revisions"}],"wp:featuredmedia":[{"embeddable":true,"href":"https:\/\/www.europesays.com\/fi\/wp-json\/wp\/v2\/media\/14043"}],"wp:attachment":[{"href":"https:\/\/www.europesays.com\/fi\/wp-json\/wp\/v2\/media?parent=15146"}],"wp:term":[{"taxonomy":"category","embeddable":true,"href":"https:\/\/www.europesays.com\/fi\/wp-json\/wp\/v2\/categories?post=15146"},{"taxonomy":"post_tag","embeddable":true,"href":"https:\/\/www.europesays.com\/fi\/wp-json\/wp\/v2\/tags?post=15146"}],"curies":[{"name":"wp","href":"https:\/\/api.w.org\/{rel}","templated":true}]}}