{"id":15153,"date":"2025-08-24T19:01:09","date_gmt":"2025-08-24T19:01:09","guid":{"rendered":"https:\/\/www.europesays.com\/fi\/15153\/"},"modified":"2025-08-24T19:01:09","modified_gmt":"2025-08-24T19:01:09","slug":"laulaja-loytyi-verilammikosta","status":"publish","type":"post","link":"https:\/\/www.europesays.com\/fi\/15153\/","title":{"rendered":"Laulaja l\u00f6ytyi verilammikosta"},"content":{"rendered":"<p>Amerikkalaist\u00e4hti kertoo olevansa heikkona.<\/p>\n<p><img decoding=\"async\" class=\"image image-show image-preview\" src=\"https:\/\/www.europesays.com\/fi\/wp-content\/uploads\/2025\/08\/70fb920e901c9c7c9e1e5bc8791b288b6707f70469efe9c2fb9ba7b762e60a37.jpg\" alt=\"\"\/><img decoding=\"async\" class=\"image image-show\" src=\"https:\/\/www.europesays.com\/fi\/wp-content\/uploads\/2025\/08\/1756062069_373_70fb920e901c9c7c9e1e5bc8791b288b6707f70469efe9c2fb9ba7b762e60a37.jpg\" alt=\"\"\/><\/p>\n<p>Tamar Braxton her\u00e4si verilammikosta, eik\u00e4 itsek\u00e4\u00e4n omien sanojensa mukaan tied\u00e4, mit\u00e4 h\u00e4nelle on tapahtunut. AOP<\/p>\n<p class=\"paragraph\">Amerikkalainen laulaja ja tv-t\u00e4hti <strong>Tamar Braxton<\/strong>, 48, kertoo Instagramin tarinoissaan her\u00e4nneens\u00e4 verilammikosta mystisen henke\u00e4\u00e4n uhanneen onnettomuuden j\u00e4lkeen.<\/p>\n<p class=\"paragraph\">\u2013 Minun oli vaikea kirjoittaa t\u00e4t\u00e4, mutta kaikki soittavat minulle, ja rehellisesti, en voi en\u00e4\u00e4 puhua. Olen niin heikkona, kirjoitti Tamar Braxton p\u00e4ivityksess\u00e4\u00e4n <a href=\"https:\/\/pagesix.com\/2025\/08\/19\/celebrity-news\/tamar-braxton-found-in-a-pool-of-blood-after-near-fatal-accident\/\" rel=\"noopener nofollow\" target=\"_blank\">Page Sixin<\/a> mukaan.<\/p>\n<p class=\"paragraph\">\u2013 Melkein kuolin sunnuntaina. Minut l\u00f6ydettiin verilammikosta yst\u00e4v\u00e4ni luota kasvovammojen kanssa. Ajan kuluessa tilanne on vain huonontunut. Nen\u00e4ni murtui, menetin hampaita ja liikkuvuuteni, h\u00e4n jatkoi.<\/p>\n<p class=\"paragraph\">\u2013 Katson el\u00e4m\u00e4\u00e4 nyt aivan eri tavoin. Terveytt\u00e4ni korjataan, ja mielenterveysmatkani alkaa. Rukoilkaa puolestani. En edes tied\u00e4, mit\u00e4 minulle tapahtui, laulaja tunnusti.<\/p>\n<p class=\"paragraph\">H\u00e4n ei p\u00e4ivityksess\u00e4\u00e4n kerro, onko tehnyt rikosilmoitusta tapahtuneesta tai tutkiiko esimerkiksi poliisi asiaa.<\/p>\n<p>\u201dP\u00e4\u00e4tin muuttaa el\u00e4m\u00e4ni\u201d<\/p>\n<p class=\"paragraph\">Tamar Braxtonilla on ollut aiemminkin terveysongelmia. H\u00e4net kiid\u00e4tettiin flunssankaltaisten oireiden takia sairaalaan 2022 joulukuussa, jolloin h\u00e4nelle annettiin lis\u00e4happea. Vuotta aiemmin t\u00e4hti paljasti k\u00e4rsineens\u00e4 niin pahoista mielenterveysongelmista, ett\u00e4 h\u00e4n yritti ottaa oman henkens\u00e4.<\/p>\n<p class=\"paragraph\">\u2013 P\u00e4\u00e4tin muuttaa el\u00e4m\u00e4ni, h\u00e4n kertoi Peoplelle tuolloin rankasta kokemuksesta.<\/p>\n<p class=\"paragraph\">Braxtonin ihmissuhderintamalla on ollut vaihtelevaa. H\u00e4n on nyky\u00e4\u00e4n sinkku erottuaan kihlatustaan, jonka kanssa h\u00e4n oli kihloissa kahdesti. H\u00e4n on ollut kahdesti aiemmin naimisissa.<\/p>\n<p class=\"paragraph\">Braxtonin sisko on my\u00f6s tunnettu laulaja <strong>Toni Braxton<\/strong>. Tamar Braxton oli mukana nelj\u00e4n siskoksen The Braxtons -lauluryhm\u00e4ss\u00e4, mink\u00e4 lis\u00e4ksi h\u00e4nkin on yritt\u00e4nyt omaa soolouraansa. Toni-sisar on kuitenkin perheen suurin t\u00e4hti, joka tunnetaan erityisesti Un-Break My Heart -hitist\u00e4\u00e4n ja joka on myynyt yli 70 miljoonaa levy\u00e4 maailmanlaajuisesti.<\/p>\n<p class=\"paragraph\">Laulajauransa lis\u00e4ksi Tamar Braxton tunnetaan realityt\u00e4hten\u00e4. H\u00e4n esiintyi perheens\u00e4 el\u00e4m\u00e4st\u00e4 kertovassa Braxton Family Values -tosi-tv-ohjelmassa vuosina 2011-2020. H\u00e4n my\u00f6skin juonsi The Real -nimist\u00e4 keskusteluohjelmaa vuodesta 2013 vuoteen 2016 ja sai ty\u00f6st\u00e4\u00e4n Emmy-ehdokkuuksia. Vuonna 2019 h\u00e4n voitti julkkis-Big Brotherin toisen kauden.<\/p>\n","protected":false},"excerpt":{"rendered":"Amerikkalaist\u00e4hti kertoo olevansa heikkona. Tamar Braxton her\u00e4si verilammikosta, eik\u00e4 itsek\u00e4\u00e4n omien sanojensa mukaan tied\u00e4, mit\u00e4 h\u00e4nelle on tapahtunut.&hellip;\n","protected":false},"author":2,"featured_media":15154,"comment_status":"","ping_status":"","sticky":false,"template":"","format":"standard","meta":{"footnotes":""},"categories":[136],"tags":[35,138,407,137,33,31,30,408,47,141,532,32,140,109],"class_list":{"0":"post-15153","1":"post","2":"type-post","3":"status-publish","4":"format-standard","5":"has-post-thumbnail","7":"category-julkkikset","8":"tag-24h","9":"tag-audio","10":"tag-celebrities","11":"tag-entertainment","12":"tag-fi","13":"tag-finland","14":"tag-finnish","15":"tag-julkkikset","16":"tag-musiikki","17":"tag-muusikot-bandit","18":"tag-rock-ja-pop","19":"tag-suomi","20":"tag-tv-ja-elokuvat","21":"tag-viihde"},"share_on_mastodon":{"url":"","error":""},"_links":{"self":[{"href":"https:\/\/www.europesays.com\/fi\/wp-json\/wp\/v2\/posts\/15153","targetHints":{"allow":["GET"]}}],"collection":[{"href":"https:\/\/www.europesays.com\/fi\/wp-json\/wp\/v2\/posts"}],"about":[{"href":"https:\/\/www.europesays.com\/fi\/wp-json\/wp\/v2\/types\/post"}],"author":[{"embeddable":true,"href":"https:\/\/www.europesays.com\/fi\/wp-json\/wp\/v2\/users\/2"}],"replies":[{"embeddable":true,"href":"https:\/\/www.europesays.com\/fi\/wp-json\/wp\/v2\/comments?post=15153"}],"version-history":[{"count":0,"href":"https:\/\/www.europesays.com\/fi\/wp-json\/wp\/v2\/posts\/15153\/revisions"}],"wp:featuredmedia":[{"embeddable":true,"href":"https:\/\/www.europesays.com\/fi\/wp-json\/wp\/v2\/media\/15154"}],"wp:attachment":[{"href":"https:\/\/www.europesays.com\/fi\/wp-json\/wp\/v2\/media?parent=15153"}],"wp:term":[{"taxonomy":"category","embeddable":true,"href":"https:\/\/www.europesays.com\/fi\/wp-json\/wp\/v2\/categories?post=15153"},{"taxonomy":"post_tag","embeddable":true,"href":"https:\/\/www.europesays.com\/fi\/wp-json\/wp\/v2\/tags?post=15153"}],"curies":[{"name":"wp","href":"https:\/\/api.w.org\/{rel}","templated":true}]}}