{"id":15157,"date":"2025-08-24T19:05:08","date_gmt":"2025-08-24T19:05:08","guid":{"rendered":"https:\/\/www.europesays.com\/fi\/15157\/"},"modified":"2025-08-24T19:05:08","modified_gmt":"2025-08-24T19:05:08","slug":"tool-kitaristi-muistelee-black-sabbathin-jaahyvaisspektaakkelia-yksi-asia-jai-harmittamaan-pala-nousee-kurkkuun","status":"publish","type":"post","link":"https:\/\/www.europesays.com\/fi\/15157\/","title":{"rendered":"Tool-kitaristi muistelee Black Sabbathin j\u00e4\u00e4hyv\u00e4isspektaakkelia &#8211; yksi asia j\u00e4i harmittamaan: &#8221;Pala nousee kurkkuun&#8221;"},"content":{"rendered":"<p>Tool-kitaristi Adam Jones muisteli havaijilaisen All Things Considered -ohjelman haastattelussa viime kuussa Birminghamissa j\u00e4rjestetty\u00e4 Back to the Beginning -tapahtumaa.<\/p>\n<p>Kitaristi kertoo kokeneensa osallisuutensa suurena kunniana, eik\u00e4 v\u00e4hiten siksi, ett\u00e4 p\u00e4\u00e4si nostamaan hattua yhdelle suurimmista kitarasankareistaan.<\/p>\n<p>\u201dTony Iommilla oli minuun valtava vaikutus\u201d, Jones sanoo. \u201dH\u00e4n oli paitsi h\u00e4mm\u00e4stytt\u00e4v\u00e4 soittaja, mutta h\u00e4nen soittoaan pystyi my\u00f6s toisintamaan. Tilanne ei ollut kuten Eddie Van Halenin tapauksessa, jossa sit\u00e4 tuumi ett\u00e4 \u2019joo, en aio edes yritt\u00e4\u00e4. Tuo kaveri on jonkinlainen velho.&#8217;\u201d<\/p>\n<p>Jones sanoo kutsun olleen suuri kunnia ja kertoi Osbournen perheen tuen Toolille olleen aina \u201duskomattomalla\u201d tasolla.<\/p>\n<p>Jones ei kuitenkaan harmikseen ehtinyt kunnolla hengailla Ozzyn tai Sabbath-j\u00e4senist\u00f6n kanssa.<\/p>\n<p>\u201dEn n\u00e4hnyt Ozzy\u00e4 ennen kuin heid\u00e4t kiid\u00e4tettiin ohitsemme juuri ennen keikan alkua\u201d, Jones muistaa. \u201dSe v\u00e4h\u00e4n harmittaa. Pala nousee kurkkuun sit\u00e4 ajatellessa. Se oli samaan aikaan sek\u00e4 hyv\u00e4 ett\u00e4 ik\u00e4v\u00e4 juttu, mutta hyv\u00e4t puolet peittoavat kyll\u00e4 huonot. Ne olivat ihan hullut j\u00e4\u00e4hyv\u00e4iset.\u201d<\/p>\n<p>\u201dOzzy kiitti yleis\u00f6\u00e4 urastaan ja sanoit ett\u00e4 ilman heit\u00e4\u2026 kaikki itkiv\u00e4t\u2026 ne olivat v\u00e4kevi\u00e4 sanoja. Kun on kuunnellut tuota musiikkia varttuessaan ja tuntenut sen vaikutuksen, monet sen tekij\u00e4t eiv\u00e4t pue moisia ajatuksia sanoiksi. He saattavat kiitt\u00e4\u00e4 kaikkia illan p\u00e4\u00e4tteeksi. He saattavat sanoa arvostavansa fanejaan, mutta se ei vain tule niin syv\u00e4lt\u00e4 sielusta.\u201d<\/p>\n<p>\u201dMik\u00e4 p\u00e4iv\u00e4. Oli huimaa p\u00e4\u00e4st\u00e4 itse esiintym\u00e4\u00e4n ja samaan aikaan seuraamaan showta ja muita b\u00e4ndej\u00e4. Ja sitten viikkoa my\u00f6hemmin Ozzy kuolee. Se oli j\u00e4rkytt\u00e4v\u00e4\u00e4. Kuten olen kaikille sanonut, se tuntui historialliselta hetkelt\u00e4. Muistan skeitanneeni rampeilla, kuunnelleeni Black Sabbathia ja poltelleeni mahdollisesti ruohoa. En toki my\u00f6nn\u00e4 mit\u00e4\u00e4n. Ja nyt sitten olin lavalla soittamassa heille sit\u00e4 samaa musiikkia. En keksi mit\u00e4\u00e4n mik\u00e4 vet\u00e4isi sille vertoja.\u201d<\/p>\n<p><img loading=\"lazy\" decoding=\"async\" alt=\"YouTube video\" width=\"480\" height=\"360\" data-pin-nopin=\"true\" nopin=\"nopin\" class=\"perfmatters-lazy\" src=\"https:\/\/www.europesays.com\/fi\/wp-content\/uploads\/2025\/08\/1756062308_902_hqdefault.jpg\"\/><\/p>\n<p>Lue my\u00f6s: <a href=\"https:\/\/www.soundi.fi\/uutiset\/emme-ole-puhuneet-tai-nahneet-vuosikymmeniin-jake-e-lee-kertoo-miten-paatyi-mukaan-ozzyn-jaahyvaiskonserttiin\/\" title=\"\u201dEmme ole puhuneet tai n\u00e4hneet vuosikymmeniin\u201d \u2013 Jake E. Lee kertoo, miten p\u00e4\u00e4tyi mukaan Ozzyn j\u00e4\u00e4hyv\u00e4iskonserttiin\" class=\"underline-custom !font-montserrat !font-bold !underline-offset-4 !decoration-4 !decoration-tilt-light\" rel=\"nofollow noopener\" target=\"_blank\">\u201dEmme ole puhuneet tai n\u00e4hneet vuosikymmeniin\u201d \u2013 Jake E. Lee kertoo, miten p\u00e4\u00e4tyi mukaan Ozzyn j\u00e4\u00e4hyv\u00e4iskonserttiin<\/a><\/p>\n<p>Lue my\u00f6s: <a href=\"https:\/\/www.soundi.fi\/uutiset\/han-oli-hauras-mutta-oli-se-silti-shokki-ozzy-osbournen-siskot-surevat-veljeaan\/\" title=\"\u201dH\u00e4n oli hauras, mutta oli se silti shokki\u201d \u2013 Ozzy Osbournen siskot surevat velje\u00e4\u00e4n\" class=\"underline-custom !font-montserrat !font-bold !underline-offset-4 !decoration-4 !decoration-tilt-light\" rel=\"nofollow noopener\" target=\"_blank\">\u201dH\u00e4n oli hauras, mutta oli se silti shokki\u201d \u2013 Ozzy Osbournen siskot surevat velje\u00e4\u00e4n<\/a><\/p>\n","protected":false},"excerpt":{"rendered":"Tool-kitaristi Adam Jones muisteli havaijilaisen All Things Considered -ohjelman haastattelussa viime kuussa Birminghamissa j\u00e4rjestetty\u00e4 Back to the Beginning&hellip;\n","protected":false},"author":2,"featured_media":15158,"comment_status":"","ping_status":"","sticky":false,"template":"","format":"standard","meta":{"footnotes":""},"categories":[132],"tags":[137,33,31,30,195,47,32,109],"class_list":{"0":"post-15157","1":"post","2":"type-post","3":"status-publish","4":"format-standard","5":"has-post-thumbnail","7":"category-musiikki","8":"tag-entertainment","9":"tag-fi","10":"tag-finland","11":"tag-finnish","12":"tag-music","13":"tag-musiikki","14":"tag-suomi","15":"tag-viihde"},"share_on_mastodon":{"url":"","error":""},"_links":{"self":[{"href":"https:\/\/www.europesays.com\/fi\/wp-json\/wp\/v2\/posts\/15157","targetHints":{"allow":["GET"]}}],"collection":[{"href":"https:\/\/www.europesays.com\/fi\/wp-json\/wp\/v2\/posts"}],"about":[{"href":"https:\/\/www.europesays.com\/fi\/wp-json\/wp\/v2\/types\/post"}],"author":[{"embeddable":true,"href":"https:\/\/www.europesays.com\/fi\/wp-json\/wp\/v2\/users\/2"}],"replies":[{"embeddable":true,"href":"https:\/\/www.europesays.com\/fi\/wp-json\/wp\/v2\/comments?post=15157"}],"version-history":[{"count":0,"href":"https:\/\/www.europesays.com\/fi\/wp-json\/wp\/v2\/posts\/15157\/revisions"}],"wp:featuredmedia":[{"embeddable":true,"href":"https:\/\/www.europesays.com\/fi\/wp-json\/wp\/v2\/media\/15158"}],"wp:attachment":[{"href":"https:\/\/www.europesays.com\/fi\/wp-json\/wp\/v2\/media?parent=15157"}],"wp:term":[{"taxonomy":"category","embeddable":true,"href":"https:\/\/www.europesays.com\/fi\/wp-json\/wp\/v2\/categories?post=15157"},{"taxonomy":"post_tag","embeddable":true,"href":"https:\/\/www.europesays.com\/fi\/wp-json\/wp\/v2\/tags?post=15157"}],"curies":[{"name":"wp","href":"https:\/\/api.w.org\/{rel}","templated":true}]}}