{"id":15159,"date":"2025-08-24T19:08:10","date_gmt":"2025-08-24T19:08:10","guid":{"rendered":"https:\/\/www.europesays.com\/fi\/15159\/"},"modified":"2025-08-24T19:08:10","modified_gmt":"2025-08-24T19:08:10","slug":"valioliigatahdelta-koskettava-paljastus-taman-takia-siirto-suurseuraan-kariutui","status":"publish","type":"post","link":"https:\/\/www.europesays.com\/fi\/15159\/","title":{"rendered":"Valioliigat\u00e4hdelt\u00e4 koskettava paljastus \u2013\u2009T\u00e4m\u00e4n takia siirto suurseuraan kariutui"},"content":{"rendered":"<p>Morgan Gibbs-White oli aiemmin kes\u00e4ll\u00e4 siirtohuhujen keskell\u00e4.<\/p>\n<p><img decoding=\"async\" class=\"image image-show image-preview\" src=\"https:\/\/www.europesays.com\/fi\/wp-content\/uploads\/2025\/08\/c358d6063befa7bdc247e2747d7496b6ac8114949cc566ce7b16724093a8f1cc.jpg\" alt=\"\"\/><img decoding=\"async\" class=\"image image-show\" src=\"https:\/\/www.europesays.com\/fi\/wp-content\/uploads\/2025\/08\/1756062488_638_c358d6063befa7bdc247e2747d7496b6ac8114949cc566ce7b16724093a8f1cc.jpg\" alt=\"\"\/><\/p>\n<p>Morgan Gibbs-White paljasti taustoja siirtosaagastansa. AOP<\/p>\n<p class=\"paragraph\">Nottingham Forestin keskikentt\u00e4pelaaja <strong>Morgan Gibbs-White<\/strong> on avannut ensimm\u00e4ist\u00e4 kertaa syit\u00e4 siihen, miksi h\u00e4nen kes\u00e4lle kaavailtu siirtonsa Tottenhamiin kaatui.<\/p>\n<p class=\"paragraph\">Hein\u00e4kuussa Spurs uskoi aktivoineensa pelaajan 60 miljoonan punnan ulosostopyk\u00e4l\u00e4n, ja l\u00e4\u00e4k\u00e4rintarkastuskin oli jo sovittu.<\/p>\n<p class=\"paragraph\">Lopulta Forest kuitenkin vastusti siirtoa voimakkaasti ja uhkasi vied\u00e4 asian Valioliigan k\u00e4sittelyyn, koska seura katsoi Tottenhamin l\u00e4hestyneen pelaajaa s\u00e4\u00e4nt\u00f6jen vastaisesti.<\/p>\n<p class=\"paragraph\">Nyt Gibbs-White kertoi <a href=\"https:\/\/talksport.com\/football\/3495625\/morgan-gibbs-white-nottingham-forest-tottenham-transfer\/\" target=\"_blank\" rel=\"noopener nofollow\">Talksportille<\/a>, ett\u00e4 ratkaisu pysy\u00e4 Forestissa ei johtunut vain siirtosaagasta.<\/p>\n<p class=\"paragraph\">\u2013 Jokaisella pelaajalla on omat tavoitteensa. Minulla ne ovat pokaalien voittaminen, EM- ja MM-kisat sek\u00e4 Mestarien liiga. Mutta kes\u00e4 oli todella vaikea ajanjakso minulle ja kihlatulleni. Toisen lapsemme syntym\u00e4\u00e4n liittyi komplikaatioita, ja halusin olla paikalla perheeni tukena, Gibbs-White sanoi.<\/p>\n<p class=\"paragraph\">Englantilainen my\u00f6nsi, ett\u00e4 tilanne pakotti h\u00e4net katsomaan kokonaisuutta uudesta kulmasta.<\/p>\n<p class=\"paragraph\">\u2013 Uskon siihen, ett\u00e4 kaikkeen on syyns\u00e4. Yrit\u00e4n olla ammattilainen ja ilmesty\u00e4 joka p\u00e4iv\u00e4 treeneihin, mutta samaan aikaan ajattelen perhett\u00e4ni. Olen enemm\u00e4n kuin tyytyv\u00e4inen p\u00e4\u00e4t\u00f6kseeni, eik\u00e4 kihlattuni olisi varmasti kest\u00e4nyt kaikkea sit\u00e4 stressi\u00e4, mit\u00e4 siirto olisi tuonut, h\u00e4n kertoi.<\/p>\n<p class=\"paragraph\">Lopulta Gibbs-White teki t\u00e4ysk\u00e4\u00e4nn\u00f6ksen ja allekirjoitti uuden, vuoteen 2028 ulottuvan jatkosopimuksen Nottingham Forestin kanssa.<\/p>\n<p class=\"paragraph\">\u2013 Olen tehnyt urallani p\u00e4\u00e4t\u00f6ksi\u00e4 aina itse ja perheeni kanssa. En ole katunut niit\u00e4 kertaakaan, ja t\u00e4m\u00e4 oli j\u00e4lleen yksi sellainen. Olen iloinen, ett\u00e4 jatkan Forestissa, h\u00e4n summasi.<\/p>\n<p><a href=\"https:\/\/www.iltalehti.fi\/telkku\/valioliiga?utm_source=iltalehti.fi&amp;utm_medium=almainternal&amp;utm_campaign=Valioliiga_artikkelibanneri&amp;utm_content=banner_612_a\" rel=\"nofollow noopener\" target=\"_blank\"><img decoding=\"async\" src=\"https:\/\/www.europesays.com\/fi\/wp-content\/uploads\/2025\/08\/6164524b824fbb392d3dffa965091e0cadf62b6aeaa856f842add11928a7bc73.png\" alt=\"Siirry Telkkuun\"\/><\/a><\/p>\n","protected":false},"excerpt":{"rendered":"Morgan Gibbs-White oli aiemmin kes\u00e4ll\u00e4 siirtohuhujen keskell\u00e4. Morgan Gibbs-White paljasti taustoja siirtosaagastansa. AOP Nottingham Forestin keskikentt\u00e4pelaaja Morgan Gibbs-White&hellip;\n","protected":false},"author":2,"featured_media":15160,"comment_status":"","ping_status":"","sticky":false,"template":"","format":"standard","meta":{"footnotes":""},"categories":[158],"tags":[35,33,31,30,43,42,1745,1984,1623,159,32,160],"class_list":{"0":"post-15159","1":"post","2":"type-post","3":"status-publish","4":"format-standard","5":"has-post-thumbnail","7":"category-urheilu","8":"tag-24h","9":"tag-fi","10":"tag-finland","11":"tag-finnish","12":"tag-jalkapallo","13":"tag-jalkapalloon-perustuvat-lajit","14":"tag-jalkapallopelaajat","15":"tag-jalkapallopelaajat-miehet","16":"tag-miesten-jalkapallo","17":"tag-sports","18":"tag-suomi","19":"tag-urheilu"},"share_on_mastodon":{"url":"","error":""},"_links":{"self":[{"href":"https:\/\/www.europesays.com\/fi\/wp-json\/wp\/v2\/posts\/15159","targetHints":{"allow":["GET"]}}],"collection":[{"href":"https:\/\/www.europesays.com\/fi\/wp-json\/wp\/v2\/posts"}],"about":[{"href":"https:\/\/www.europesays.com\/fi\/wp-json\/wp\/v2\/types\/post"}],"author":[{"embeddable":true,"href":"https:\/\/www.europesays.com\/fi\/wp-json\/wp\/v2\/users\/2"}],"replies":[{"embeddable":true,"href":"https:\/\/www.europesays.com\/fi\/wp-json\/wp\/v2\/comments?post=15159"}],"version-history":[{"count":0,"href":"https:\/\/www.europesays.com\/fi\/wp-json\/wp\/v2\/posts\/15159\/revisions"}],"wp:featuredmedia":[{"embeddable":true,"href":"https:\/\/www.europesays.com\/fi\/wp-json\/wp\/v2\/media\/15160"}],"wp:attachment":[{"href":"https:\/\/www.europesays.com\/fi\/wp-json\/wp\/v2\/media?parent=15159"}],"wp:term":[{"taxonomy":"category","embeddable":true,"href":"https:\/\/www.europesays.com\/fi\/wp-json\/wp\/v2\/categories?post=15159"},{"taxonomy":"post_tag","embeddable":true,"href":"https:\/\/www.europesays.com\/fi\/wp-json\/wp\/v2\/tags?post=15159"}],"curies":[{"name":"wp","href":"https:\/\/api.w.org\/{rel}","templated":true}]}}