{"id":15167,"date":"2025-08-24T19:14:12","date_gmt":"2025-08-24T19:14:12","guid":{"rendered":"https:\/\/www.europesays.com\/fi\/15167\/"},"modified":"2025-08-24T19:14:12","modified_gmt":"2025-08-24T19:14:12","slug":"matkailu-tallinnan-uuteen-kavijamagneettiin-pitaa-kiiveta-198-portaan-verran-mutta-nakoala-palkitsee-paikalliset","status":"publish","type":"post","link":"https:\/\/www.europesays.com\/fi\/15167\/","title":{"rendered":"Matkailu | Tallinnan uuteen k\u00e4vij\u00e4magneettiin pit\u00e4\u00e4 kiivet\u00e4 198 portaan verran mutta n\u00e4k\u00f6ala palkitsee | Paikalliset"},"content":{"rendered":"<p>Yksi Viron vanhimmista majakoista vuonna 1896 valmistunut Tallinnan ylempi majakka avautui yleis\u00f6lle hein\u00e4kuussa.<\/p>\n<p><strong class=\"diks-storyline__impact\">Majakka on nyky\u00e4\u00e4n<\/strong> auki joka p\u00e4iv\u00e4 klo 9\u201320 ja sis\u00e4\u00e4np\u00e4\u00e4sy toimii itsepalveluperiaatteella. Majakan ala-aulassa on lippuautomaatti, joka palvelee my\u00f6s suomen kielell\u00e4. Ostetun lipun viivakoodi avaa portin portaisiin, joita pitkin p\u00e4\u00e4see kiipe\u00e4m\u00e4\u00e4n torniin. Aikuisten sis\u00e4\u00e4np\u00e4\u00e4sylippu maksaa 6 euroa ja perhelippu (2 aikuista ja 2 lasta) 17 euroa.<\/p>\n<p>\t\t<a class=\"diks-gallery__link\" href=\"https:\/\/i.media.fi\/incoming\/szcudk\/10983504.jpg\/alternates\/FREE_1440\/10983504.jpg\" data-thumbnail=\"\" data-sub-html=\"Lippu majakkaan ostetaan itsepalveluautomaatista. Thea Ekholm\" aria-label=\"Katso isompi kuva\" rel=\"nofollow noopener\" target=\"_blank\"><br \/>\n\t\t\t\t<img class=\"diks-figure__image\" src=\"https:\/\/www.europesays.com\/fi\/wp-content\/uploads\/2025\/08\/10983504.jpg\" loading=\"lazy\" decoding=\"sync\" alt=\"\"\/><br \/>\n\t\t\t<\/a><br \/>\n\t\t\t\t\tLippu majakkaan ostetaan itsepalveluautomaatista. Thea Ekholm<\/p>\n<p>\t\t<a class=\"diks-gallery__link\" href=\"https:\/\/i.media.fi\/incoming\/6u9pbj\/10983513.jpg\/alternates\/FREE_1440\/10983513.jpg\" data-thumbnail=\"\" data-sub-html=\"Lipun viivakoodi avaa portin majakan portaisiin. Thea Ekholm\" aria-label=\"Katso isompi kuva\" rel=\"nofollow noopener\" target=\"_blank\"><br \/>\n\t\t\t\t<img class=\"diks-figure__image\" src=\"https:\/\/www.europesays.com\/fi\/wp-content\/uploads\/2025\/08\/10983513.jpg\" loading=\"lazy\" decoding=\"sync\" alt=\"\"\/><br \/>\n\t\t\t<\/a><br \/>\n\t\t\t\t\tLipun viivakoodi avaa portin majakan portaisiin. Thea Ekholm<\/p>\n<p>Majakan huipulle on matkaa 198 portaan verran ja mit\u00e4 ylemm\u00e4s kiipe\u00e4\u00e4, sen jyrkemm\u00e4ksi portaat k\u00e4yv\u00e4t. Tornista avautuu kaunis panoraaman\u00e4k\u00f6ala sek\u00e4 merelle ett\u00e4 Tallinnaan ja Lasnam\u00e4en l\u00e4hi\u00f6\u00f6n. N\u00e4k\u00f6alaan joutuu ihastelemaan ikkunan takaa, sill\u00e4 varsinaista n\u00e4k\u00f6alatasannetta majakassa ei ole.<\/p>\n<p>\t\t<a class=\"diks-gallery__link\" href=\"https:\/\/i.media.fi\/incoming\/usqi5b\/10983510.jpg\/alternates\/FREE_1440\/10983510.jpg\" data-thumbnail=\"\" data-sub-html=\"Majakan huipulle on 198 porrasta. Thea Ekholm\" aria-label=\"Katso isompi kuva\" rel=\"nofollow noopener\" target=\"_blank\"><br \/>\n\t\t\t\t<img class=\"diks-figure__image\" src=\"https:\/\/www.europesays.com\/fi\/wp-content\/uploads\/2025\/08\/10983510.jpg\" loading=\"lazy\" decoding=\"sync\" alt=\"\"\/><br \/>\n\t\t\t<\/a><br \/>\n\t\t\t\t\tMajakan huipulle on 198 porrasta. Thea Ekholm<\/p>\n<p>T\u00e4m\u00e4 historiallinen merenkulun kulttuuriperint\u00f6kohde ohjaa edelleen laivoja Tallinnanlahdella vuonna 2010 k\u00e4ytt\u00f6\u00f6notetulla tehokkaalla LED-lyhdyll\u00e4\u00e4n, jonka valo n\u00e4kyy 12 merimailin p\u00e4\u00e4h\u00e4n.<\/p>\n<p>\t\t<a class=\"diks-gallery__link\" href=\"https:\/\/i.media.fi\/incoming\/n3rrqg\/10983502.jpg\/alternates\/FREE_1440\/10983502.jpg\" data-thumbnail=\"\" data-sub-html=\"Aivan majakan huipulla on muutamat jyrkemm\u00e4t portaat. Thea Ekholm\" aria-label=\"Katso isompi kuva\" rel=\"nofollow noopener\" target=\"_blank\"><br \/>\n\t\t\t\t<img class=\"diks-figure__image\" src=\"https:\/\/www.europesays.com\/fi\/wp-content\/uploads\/2025\/08\/10983502.jpg\" loading=\"lazy\" decoding=\"sync\" alt=\"\"\/><br \/>\n\t\t\t<\/a><br \/>\n\t\t\t\t\tAivan majakan huipulla on muutamat jyrkemm\u00e4t portaat. Thea Ekholm<\/p>\n<p>\t\t<a class=\"diks-gallery__link\" href=\"https:\/\/i.media.fi\/incoming\/it8ljm\/10983506.jpg\/alternates\/FREE_1440\/10983506.jpg\" data-thumbnail=\"\" data-sub-html=\"Tornin huipulta avautuu hieno n\u00e4k\u00f6ala. Thea Ekholm\" aria-label=\"Katso isompi kuva\" rel=\"nofollow noopener\" target=\"_blank\"><br \/>\n\t\t\t\t<img class=\"diks-figure__image\" src=\"https:\/\/www.europesays.com\/fi\/wp-content\/uploads\/2025\/08\/10983506.jpg\" loading=\"lazy\" decoding=\"sync\" alt=\"\"\/><br \/>\n\t\t\t<\/a><br \/>\n\t\t\t\t\tTornin huipulta avautuu hieno n\u00e4k\u00f6ala. Thea Ekholm<\/p>\n<p>Virossa on yhteens\u00e4 55 majakkaa, joista 13 on nyt avoinna yleis\u00f6lle. Viime vuonna majakoissa vieraili l\u00e4hes 95 000 ihmist\u00e4. Suosituin majakka oli Saarenmaalla sijaitseva S\u00f5rven majakka, jossa vieraili yli 25 000 ihmist\u00e4. Hiidenmaalla sijaitsevassa K\u00f5pun majakassa vieraili yli 22 000 ihmist\u00e4.<\/p>\n<p>\t\t<a class=\"diks-gallery__link\" href=\"https:\/\/i.media.fi\/incoming\/9606y6\/10983505.jpg\/alternates\/FREE_1440\/10983505.jpg\" data-thumbnail=\"\" data-sub-html=\"Majakan lyhty. Thea Ekholm\" aria-label=\"Katso isompi kuva\" rel=\"nofollow noopener\" target=\"_blank\"><br \/>\n\t\t\t\t<img class=\"diks-figure__image\" src=\"https:\/\/www.europesays.com\/fi\/wp-content\/uploads\/2025\/08\/10983505.jpg\" loading=\"lazy\" decoding=\"sync\" alt=\"\"\/><br \/>\n\t\t\t<\/a><br \/>\n\t\t\t\t\tMajakan lyhty. Thea Ekholm<\/p>\n<p><a href=\"https:\/\/transport.tallinn.ee\/#bus\/7\/a-b\/16601-1\/fi\" rel=\"nofollow noopener\" target=\"_blank\">Bussi nro 7 <\/a>vie \u00dclemiste-keskukselta l\u00e4helle Tallinnan ylemp\u00e4\u00e4 majakkaa. Majakkaa l\u00e4himm\u00e4n pys\u00e4kin nimi on Pae.<\/p>\n","protected":false},"excerpt":{"rendered":"Yksi Viron vanhimmista majakoista vuonna 1896 valmistunut Tallinnan ylempi majakka avautui yleis\u00f6lle hein\u00e4kuussa. Majakka on nyky\u00e4\u00e4n auki joka&hellip;\n","protected":false},"author":2,"featured_media":15168,"comment_status":"","ping_status":"","sticky":false,"template":"","format":"standard","meta":{"footnotes":""},"categories":[12],"tags":[4362,4565,22,23,26,27,33,31,30,17,24,25,28,29,923,15,18,21,32,3129,19,20,16,2569,2568,4029],"class_list":{"0":"post-15167","1":"post","2":"type-post","3":"status-publish","4":"format-standard","5":"has-post-thumbnail","7":"category-suomi","8":"tag-baltia","9":"tag-baltian-maat","10":"tag-breaking-news","11":"tag-breakingnews","12":"tag-featured-news","13":"tag-featurednews","14":"tag-fi","15":"tag-finland","16":"tag-finnish","17":"tag-headlines","18":"tag-latest-news","19":"tag-latestnews","20":"tag-main-news","21":"tag-mainnews","22":"tag-matkustaminen","23":"tag-news","24":"tag-otsikot","25":"tag-paauutiset","26":"tag-suomi","27":"tag-tallinna","28":"tag-top-stories","29":"tag-topstories","30":"tag-uutiset","31":"tag-vesikulkuneuvot","32":"tag-vesiliikenne","33":"tag-viro"},"share_on_mastodon":{"url":"","error":""},"_links":{"self":[{"href":"https:\/\/www.europesays.com\/fi\/wp-json\/wp\/v2\/posts\/15167","targetHints":{"allow":["GET"]}}],"collection":[{"href":"https:\/\/www.europesays.com\/fi\/wp-json\/wp\/v2\/posts"}],"about":[{"href":"https:\/\/www.europesays.com\/fi\/wp-json\/wp\/v2\/types\/post"}],"author":[{"embeddable":true,"href":"https:\/\/www.europesays.com\/fi\/wp-json\/wp\/v2\/users\/2"}],"replies":[{"embeddable":true,"href":"https:\/\/www.europesays.com\/fi\/wp-json\/wp\/v2\/comments?post=15167"}],"version-history":[{"count":0,"href":"https:\/\/www.europesays.com\/fi\/wp-json\/wp\/v2\/posts\/15167\/revisions"}],"wp:featuredmedia":[{"embeddable":true,"href":"https:\/\/www.europesays.com\/fi\/wp-json\/wp\/v2\/media\/15168"}],"wp:attachment":[{"href":"https:\/\/www.europesays.com\/fi\/wp-json\/wp\/v2\/media?parent=15167"}],"wp:term":[{"taxonomy":"category","embeddable":true,"href":"https:\/\/www.europesays.com\/fi\/wp-json\/wp\/v2\/categories?post=15167"},{"taxonomy":"post_tag","embeddable":true,"href":"https:\/\/www.europesays.com\/fi\/wp-json\/wp\/v2\/tags?post=15167"}],"curies":[{"name":"wp","href":"https:\/\/api.w.org\/{rel}","templated":true}]}}