{"id":15175,"date":"2025-08-24T19:27:08","date_gmt":"2025-08-24T19:27:08","guid":{"rendered":"https:\/\/www.europesays.com\/fi\/15175\/"},"modified":"2025-08-24T19:27:08","modified_gmt":"2025-08-24T19:27:08","slug":"topi-sukari-narahti-espanjassa-aviomiehen-puuhat-paljastuivat-nadja-vaimolle","status":"publish","type":"post","link":"https:\/\/www.europesays.com\/fi\/15175\/","title":{"rendered":"Topi Sukari narahti Espanjassa! Aviomiehen puuhat paljastuivat Nadja-vaimolle"},"content":{"rendered":"<p>            Timo Korhonen\n        <\/p>\n<p class=\"subtitle \">Maskun kalustekeisari ja Ideaparkin is\u00e4 salasi syntins\u00e4 rakkaalta vaimoltaan.<\/p>\n<p class=\"article-content article-content-width !bg-background\">Liikemies  &#8221;&#8221; , 71, on j\u00e4lleen kovassa vedossa.<\/p>\n<p class=\"article-content article-content-width !bg-background\">Parin vuoden takaiset syd\u00e4nleikkaukset ovat en\u00e4\u00e4 muisto vain. Kaksi pallolaajennusta l\u00e4pik\u00e4ynyt miljon\u00e4\u00e4ri on intoutunut pidempiin juoksulenkkeihin.<\/p>\n<p class=\"article-content article-content-width !bg-background\">Kuten Seiska kertoi, Ideaparkin is\u00e4 ja Maskun kalustekeisari on my\u00f6s kaatunut lenkeill\u00e4\u00e4n. V\u00e4lill\u00e4 on oltu veriss\u00e4 p\u00e4in ja putsattu haavoja vodkalla.<\/p>\n<p class=\"article-content article-content-width !bg-background\">Nyt Topi tunnustaa my\u00f6s pienet paheensa pitkill\u00e4 juoksulenkeill\u00e4\u00e4n. Herra Sukari sortuu n\u00e4et toisinaan \u201dsynnintekoon\u201d urheilemisen lomassa.<\/p>\n<p class=\"article-content article-content-width !bg-background\">\u2013 Tied\u00e4n, ett\u00e4 joskus Toivo k\u00e4y juoksulenkill\u00e4 j\u00e4\u00e4tel\u00f6ll\u00e4. Joskus jopa kahdesti j\u00e4\u00e4tel\u00f6ll\u00e4,  tuumii hymyillen Seiskalle.<\/p>\n<p>                <img decoding=\"async\" src=\"https:\/\/www.europesays.com\/fi\/wp-content\/uploads\/2025\/08\/1904428.webp\" width=\"576\" height=\"322\" alt=\"Topi tunnustaa lenkkeilleens\u00e4 j\u00e4\u00e4tel\u00f6kioskille ja Hesburgeriin. Se ei Nadja-vaimoa haittaa.\" loading=\"lazy\" \/>            <\/p>\n<p>\n            Topi tunnustaa lenkkeilleens\u00e4 j\u00e4\u00e4tel\u00f6kioskille ja Hesburgeriin. Se ei Nadja-vaimoa haittaa.<br \/>\n            Timo Korhonen\n        <\/p>\n<p>Hampurilaisia ja makkaraa<\/p>\n<p class=\"article-content article-content-width !bg-background\">Kuten paljonpuhuvasta hymyst\u00e4 voi p\u00e4\u00e4tell\u00e4, Nadja-vaimo suhtautuu asiaan hyv\u00e4ll\u00e4 huumorilla \u2013 ei suinkaan Topia tuomiten.<\/p>\n<p class=\"article-content article-content-width !bg-background\">\u2013 Juu, ei se Nadjalta salassa pysy, jos min\u00e4 juoksen j\u00e4\u00e4tel\u00f6ll\u00e4, Topi naurahtaa.<\/p>\n<p>\n            En ole ikin\u00e4 laihduttanut, vaan pyrkinyt p\u00e4invastoin lihottamaan itse\u00e4ni.\n            <\/p>\n<p class=\"article-content article-content-width !bg-background\">\u2013 Itse asiassa minulle on kertynyt viisi kiloa lis\u00e4\u00e4 painoa, liikemies jatkaa ja nostaa sanojensa vakuudeksi paidanhelmaansa.<\/p>\n<p>        <a itemprop=\"url\" href=\"https:\/\/www.seiska.fi\/kotimaa\/topi-sukarin-katse-alkoi-harhailla-espanjassa-nadja-jyrahti-yksi-naku-nainen-riittaa\/1644255\" rel=\"nofollow noopener\" target=\"_blank\"><\/p>\n<p>\nNadja jyr\u00e4hti Topille:\n<\/p>\n<p class=\"section-date\">\n        <strong class=\"article-section\" data-section=\"kotimaa\"><br \/>\n            kotimaa<br \/>\n        <\/strong><br \/>\n        17.3. 17:00\n    <\/p>\n<p>    Topi Sukarin katse alkoi harhailla Espanjassa \u2013 Nadja jyr\u00e4hti: \u201dYksi naku nainen riitt\u00e4\u00e4\u201d<\/p>\n<p itemprop=\"description\" class=\"subtitle \">\n    Sukarit viett\u00e4v\u00e4t luksuslomaansa nudistirannoistaan tunnetussa Maspalomasissa.\n<\/p>\n<p>        <\/a><\/p>\n<p class=\"article-content article-content-width !bg-background\">\u2013 En ole ikin\u00e4 laihduttanut, vaan pyrkinyt p\u00e4invastoin lihottamaan itse\u00e4ni. Se on onnistunut Hesburgerin hampurilaisilla ja makkaralla.<\/p>\n<p>                <img decoding=\"async\" src=\"https:\/\/www.europesays.com\/fi\/wp-content\/uploads\/2025\/08\/1904430.webp\" width=\"576\" height=\"720\" alt=\"Herkuttelusta huolimatta Sukarit ovat hyv\u00e4ss\u00e4 tikiss\u00e4. \u00d6kypariskunta osaa nauttia el\u00e4m\u00e4st\u00e4.\" loading=\"lazy\" \/>            <\/p>\n<p>\n            Herkuttelusta huolimatta Sukarit ovat hyv\u00e4ss\u00e4 tikiss\u00e4. \u00d6kypariskunta osaa nauttia el\u00e4m\u00e4st\u00e4.<br \/>\n            Timo Korhonen\n        <\/p>\n<p>Hurahti j\u00e4lkiruokiin<\/p>\n<p class=\"article-content article-content-width !bg-background\">Topi ja Nadja ovat hyvin avoimia terveydest\u00e4\u00e4n ja painostaan. Seiskan jutussa saa kuulemma mainita Topin olevan l\u00e4hes puolet Nadjaa painavampi.<\/p>\n<p class=\"article-content article-content-width !bg-background\">\u2013 Min\u00e4 olen 160-senttinen ja painan noin 43 kiloa. Topi taas melkein 190-senttinen ja yli 82-kiloinen, Nadja paljastaa.<\/p>\n<p>\n            J\u00e4\u00e4tel\u00f6n lis\u00e4ksi pid\u00e4n tavattomasti my\u00f6s omenapiirakasta.\n            <\/p>\n<p class=\"article-content article-content-width !bg-background\">Topi kertoo painaneensa pitk\u00e4\u00e4n 77 kiloa, kunnes hurahti hampurilaisiin, j\u00e4lkiruokiin ja muihin herkkuihin.<\/p>\n<p class=\"article-content article-content-width !bg-background\">\u2013 J\u00e4\u00e4tel\u00f6n lis\u00e4ksi pid\u00e4n tavattomasti my\u00f6s omenapiirakasta, Topi tunnustaa.<\/p>\n<p>                <img decoding=\"async\" src=\"https:\/\/www.europesays.com\/fi\/wp-content\/uploads\/2025\/08\/1904438.webp\" width=\"576\" height=\"322\" alt=\"Sukarit liikenteess\u00e4: tulenpunainen Porsche kiilt\u00e4\u00e4 kilpaa auringon kanssa. \u2013 El\u00e4m\u00e4st\u00e4 pit\u00e4\u00e4 nauttia!\" loading=\"lazy\" \/>            <\/p>\n<p>\n            Sukarit liikenteess\u00e4: tulenpunainen Porsche kiilt\u00e4\u00e4 kilpaa auringon kanssa. \u2013 El\u00e4m\u00e4st\u00e4 pit\u00e4\u00e4 nauttia!<br \/>\n            Timo Korhonen\n        <\/p>\n<p>\u201dEl\u00e4m\u00e4st\u00e4 nautittava\u201d<\/p>\n<p class=\"article-content article-content-width !bg-background\">Sukarit vaikuttavat silminn\u00e4hden hyvinvoivilta. Ja vaikka painosta puhuvatkin, kumpikaan ei kuulemma liioin tarkkaile kilojaan.<\/p>\n<p>\n            Minulla ei ole sellaisia himoja. Minun herkkuni on vesimeloni.\n            <\/p>\n<p class=\"article-content article-content-width !bg-background\">\u2013 Nadja on luontaisesti niin pienikokoinen. Toki my\u00f6s laiha, mutta vertaa nyt meid\u00e4n ranteidemme kokoa, Topi kehottaa Seiskan reportteria.<\/p>\n<p>        <a itemprop=\"url\" href=\"https:\/\/www.seiska.fi\/kotimaa\/nadja-sukarin-okyrintsikat-varastettiin-espanjassa-minulla-ei-ole-varaliiveja\/1641403\" rel=\"nofollow noopener\" target=\"_blank\"><\/p>\n<p>\nNadjalla ei varaliivej\u00e4!\n<\/p>\n<p class=\"section-date\">\n        <strong class=\"article-section\" data-section=\"kotimaa\"><br \/>\n            kotimaa<br \/>\n        <\/strong><br \/>\n        13.3. 19:00\n    <\/p>\n<p>    Nadja Sukarin \u00f6kyrintsikat varastettiin Espanjassa \u2013 \u201dMinulla ei ole varaliivej\u00e4\u201d<\/p>\n<p itemprop=\"description\" class=\"subtitle \">\n    \u2013 Min\u00e4kin rakastin niit\u00e4 liivej\u00e4, Topi Sukari huokailee harmissaan Seiskalle.\n<\/p>\n<p>        <\/a><\/p>\n<p class=\"article-content article-content-width !bg-background\">Nadja taasen tuumaa, ettei vain yksinkertaisesti pid\u00e4 ep\u00e4terveellisist\u00e4 herkuista.<\/p>\n<p class=\"article-content article-content-width !bg-background\">\u2013 Joku innostuu vaikka suklaasta, mutta minulla ei ole sellaisia himoja. Minun herkkuni on vesimeloni.<\/p>\n<p class=\"article-content article-content-width !bg-background\">\u2013 Kyll\u00e4 se vaan niin on, ett\u00e4 el\u00e4m\u00e4st\u00e4 pit\u00e4\u00e4 voida nauttia. V\u00e4lill\u00e4 pit\u00e4\u00e4 saada sy\u00f6d\u00e4 herkkujakin, Topi tuumii.<\/p>\n<p>        <a itemprop=\"url\" href=\"https:\/\/www.seiska.fi\/kotimaa\/topi-sukari-tyrmistyi-ikean-lihapullista-virittelee-nyt-vastaiskua\/1553786\" rel=\"nofollow noopener\" target=\"_blank\"><\/p>\n<p class=\"section-date\">\n        <strong class=\"article-section\" data-section=\"kotimaa\"><br \/>\n            kotimaa<br \/>\n        <\/strong><br \/>\n        22.12.2024 11:00\n    <\/p>\n<p>    Topi Sukari tyrmistyi Ikean lihapullista \u2013 virittelee nyt vastaiskua<\/p>\n<p itemprop=\"description\" class=\"subtitle \">\n    Topi haluaisi tarjoilla Maskun makkaroita. \u2013 Siin\u00e4 olisi kyll\u00e4 ideaa!\n<\/p>\n<p>        <\/a><\/p>\n<p class=\"article-content article-content-width !bg-background\"> \u2013 Voit laittaa siihen juttuun, ett\u00e4 Topi se on vaan lihottanut itse\u00e4\u00e4n, kun muut laihduttavat, liikemies hohottaa.<\/p>\n","protected":false},"excerpt":{"rendered":"Timo Korhonen Maskun kalustekeisari ja Ideaparkin is\u00e4 salasi syntins\u00e4 rakkaalta vaimoltaan. Liikemies &#8221;&#8221; , 71, on j\u00e4lleen kovassa&hellip;\n","protected":false},"author":2,"featured_media":15176,"comment_status":"","ping_status":"","sticky":false,"template":"","format":"standard","meta":{"footnotes":""},"categories":[136],"tags":[407,137,1819,33,31,30,5967,5966,5965,408,5963,5669,5869,5668,2528,5968,3621,32,167,5964,5674,662,109],"class_list":{"0":"post-15175","1":"post","2":"type-post","3":"status-publish","4":"format-standard","5":"has-post-thumbnail","7":"category-julkkikset","8":"tag-celebrities","9":"tag-entertainment","10":"tag-espanja","11":"tag-fi","12":"tag-finland","13":"tag-finnish","14":"tag-herkuttelu","15":"tag-hesburger","16":"tag-jaatelo","17":"tag-julkkikset","18":"tag-lenkkeily","19":"tag-liikemies","20":"tag-miljonaari","21":"tag-nadja-sukari","22":"tag-paino","23":"tag-painonhallinta","24":"tag-porsche","25":"tag-suomi","26":"tag-terveys","27":"tag-toivo-sukari","28":"tag-topi-sukari","29":"tag-turku","30":"tag-viihde"},"share_on_mastodon":{"url":"","error":""},"_links":{"self":[{"href":"https:\/\/www.europesays.com\/fi\/wp-json\/wp\/v2\/posts\/15175","targetHints":{"allow":["GET"]}}],"collection":[{"href":"https:\/\/www.europesays.com\/fi\/wp-json\/wp\/v2\/posts"}],"about":[{"href":"https:\/\/www.europesays.com\/fi\/wp-json\/wp\/v2\/types\/post"}],"author":[{"embeddable":true,"href":"https:\/\/www.europesays.com\/fi\/wp-json\/wp\/v2\/users\/2"}],"replies":[{"embeddable":true,"href":"https:\/\/www.europesays.com\/fi\/wp-json\/wp\/v2\/comments?post=15175"}],"version-history":[{"count":0,"href":"https:\/\/www.europesays.com\/fi\/wp-json\/wp\/v2\/posts\/15175\/revisions"}],"wp:featuredmedia":[{"embeddable":true,"href":"https:\/\/www.europesays.com\/fi\/wp-json\/wp\/v2\/media\/15176"}],"wp:attachment":[{"href":"https:\/\/www.europesays.com\/fi\/wp-json\/wp\/v2\/media?parent=15175"}],"wp:term":[{"taxonomy":"category","embeddable":true,"href":"https:\/\/www.europesays.com\/fi\/wp-json\/wp\/v2\/categories?post=15175"},{"taxonomy":"post_tag","embeddable":true,"href":"https:\/\/www.europesays.com\/fi\/wp-json\/wp\/v2\/tags?post=15175"}],"curies":[{"name":"wp","href":"https:\/\/api.w.org\/{rel}","templated":true}]}}