{"id":15177,"date":"2025-08-24T19:34:09","date_gmt":"2025-08-24T19:34:09","guid":{"rendered":"https:\/\/www.europesays.com\/fi\/15177\/"},"modified":"2025-08-24T19:34:09","modified_gmt":"2025-08-24T19:34:09","slug":"hampaat-kurkussa-ja-nena-vinossa","status":"publish","type":"post","link":"https:\/\/www.europesays.com\/fi\/15177\/","title":{"rendered":"\u201dHampaat kurkussa ja nen\u00e4 vinossa\u201d"},"content":{"rendered":"<p>Manse PP:n ja Jussittarien v\u00e4lier\u00e4ottelussa n\u00e4htiin ik\u00e4v\u00e4 loukkaantumistilanne.<\/p>\n<p><img decoding=\"async\" class=\"image image-show image-preview\" src=\"https:\/\/www.europesays.com\/fi\/wp-content\/uploads\/2025\/08\/18a8d6ffb2d661befa2abf593670b15ae5657b4c9936b229d73283145986c812.jpg\" alt=\"\"\/><img decoding=\"async\" class=\"image image-show\" src=\"https:\/\/www.europesays.com\/fi\/wp-content\/uploads\/2025\/08\/1756064049_428_18a8d6ffb2d661befa2abf593670b15ae5657b4c9936b229d73283145986c812.jpg\" alt=\"\"\/><\/p>\n<p>Jussittarien Riikka Polso loukkaantui sunnuntain v\u00e4lier\u00e4ottelussa Tampereella. Arkistokuva. ELMERI ELO \/ AOP<\/p>\n<p class=\"paragraph\">Naisten Superin ottelussa Manse\u2013Jussittaret n\u00e4htiin dramaattinen loukkaantuminen. Kohti kakkospes\u00e4\u00e4 edennyt Mansen <strong>Saaga-Angelia Raudasoja<\/strong> t\u00f6rm\u00e4si Jussittarien <strong>Riikka Polsoon<\/strong>.<\/p>\n<p class=\"paragraph\">Rajumman t\u00e4rskyn saanut Polso j\u00e4i kent\u00e4lle makaamaan. Ottelu keskeytyi muutamaksi minuutiksi.<\/p>\n<p class=\"paragraph\">Polso k\u00e4veli lopulta omin jaloin kent\u00e4lt\u00e4. <a href=\"https:\/\/yle.fi\/a\/74-20179109?origin=rss\" target=\"_blank\" rel=\"noopener nofollow\">Ylen mukaan<\/a> h\u00e4net vietiin sairaalaan.<\/p>\n<p class=\"paragraph\">\u2013\u2009Kun muissa lajeissa tulee tilanteiden ulkopuolella p\u00e4\u00e4kontaktia, ei siell\u00e4 p\u00e4\u00e4tuomari tule sanomaan \u201dharmillinen juttu, ett\u00e4 n\u00e4in tapahtui\u201d, Jussittarien pelinjohtaja <strong>Erno Tuomainen<\/strong> manasi <a href=\"https:\/\/www.youtube.com\/watch?v=h4yT6rODgmc\" target=\"_blank\" rel=\"noopener nofollow\">lehdist\u00f6tilaisuudessa<\/a>.<\/p>\n<p class=\"paragraph\">\u2013\u2009Meill\u00e4 on nyt pelaajalla hampaat kurkussa ja nen\u00e4 vinossa \u2013 eik\u00e4 mit\u00e4\u00e4n. On t\u00e4m\u00e4 kyll\u00e4 naurettavaa touhua.<\/p>\n<p class=\"paragraph\">Manse nipisti maukkaan voiton kotiutuskisassa. Tulos kirjattiin lukemin 0\u20131, 4\u20131, 0\u20130, 3\u20131.<\/p>\n<p class=\"paragraph\">Manse johtaa v\u00e4lier\u00e4sarjaa voitoin 2\u20130. Finaalipaikka irtoaa kolmella voitolla.<\/p>\n","protected":false},"excerpt":{"rendered":"Manse PP:n ja Jussittarien v\u00e4lier\u00e4ottelussa n\u00e4htiin ik\u00e4v\u00e4 loukkaantumistilanne. Jussittarien Riikka Polso loukkaantui sunnuntain v\u00e4lier\u00e4ottelussa Tampereella. Arkistokuva. ELMERI ELO&hellip;\n","protected":false},"author":2,"featured_media":15178,"comment_status":"","ping_status":"","sticky":false,"template":"","format":"standard","meta":{"footnotes":""},"categories":[158],"tags":[35,33,31,30,501,41,2461,159,32,167,504,160],"class_list":{"0":"post-15177","1":"post","2":"type-post","3":"status-publish","4":"format-standard","5":"has-post-thumbnail","7":"category-urheilu","8":"tag-24h","9":"tag-fi","10":"tag-finland","11":"tag-finnish","12":"tag-laakaripalvelut","13":"tag-liikunta-ja-urheilu","14":"tag-sairaalat-ja-terveyskeskukset","15":"tag-sports","16":"tag-suomi","17":"tag-terveys","18":"tag-terveyspalvelut","19":"tag-urheilu"},"share_on_mastodon":{"url":"","error":""},"_links":{"self":[{"href":"https:\/\/www.europesays.com\/fi\/wp-json\/wp\/v2\/posts\/15177","targetHints":{"allow":["GET"]}}],"collection":[{"href":"https:\/\/www.europesays.com\/fi\/wp-json\/wp\/v2\/posts"}],"about":[{"href":"https:\/\/www.europesays.com\/fi\/wp-json\/wp\/v2\/types\/post"}],"author":[{"embeddable":true,"href":"https:\/\/www.europesays.com\/fi\/wp-json\/wp\/v2\/users\/2"}],"replies":[{"embeddable":true,"href":"https:\/\/www.europesays.com\/fi\/wp-json\/wp\/v2\/comments?post=15177"}],"version-history":[{"count":0,"href":"https:\/\/www.europesays.com\/fi\/wp-json\/wp\/v2\/posts\/15177\/revisions"}],"wp:featuredmedia":[{"embeddable":true,"href":"https:\/\/www.europesays.com\/fi\/wp-json\/wp\/v2\/media\/15178"}],"wp:attachment":[{"href":"https:\/\/www.europesays.com\/fi\/wp-json\/wp\/v2\/media?parent=15177"}],"wp:term":[{"taxonomy":"category","embeddable":true,"href":"https:\/\/www.europesays.com\/fi\/wp-json\/wp\/v2\/categories?post=15177"},{"taxonomy":"post_tag","embeddable":true,"href":"https:\/\/www.europesays.com\/fi\/wp-json\/wp\/v2\/tags?post=15177"}],"curies":[{"name":"wp","href":"https:\/\/api.w.org\/{rel}","templated":true}]}}