{"id":15179,"date":"2025-08-24T19:35:08","date_gmt":"2025-08-24T19:35:08","guid":{"rendered":"https:\/\/www.europesays.com\/fi\/15179\/"},"modified":"2025-08-24T19:35:08","modified_gmt":"2025-08-24T19:35:08","slug":"talta-nayttaa-syksyn-2025-muoti","status":"publish","type":"post","link":"https:\/\/www.europesays.com\/fi\/15179\/","title":{"rendered":"T\u00e4lt\u00e4 n\u00e4ytt\u00e4\u00e4 syksyn 2025 muoti"},"content":{"rendered":"<p>Kokosimme viisi trendi\u00e4, jotka hallitsevat tulevan syksyn tyyli\u00e4.<\/p>\n<p><img decoding=\"async\" class=\"image image-show image-preview\" src=\"https:\/\/www.europesays.com\/fi\/wp-content\/uploads\/2025\/08\/5af30ac6fe5d660973dbfbc7a9d9c015756524ee996530ceaa24f6c58bcbec30.jpg\" alt=\"\"\/><img decoding=\"async\" class=\"image image-show\" src=\"https:\/\/www.europesays.com\/fi\/wp-content\/uploads\/2025\/08\/1756064108_62_5af30ac6fe5d660973dbfbc7a9d9c015756524ee996530ceaa24f6c58bcbec30.jpg\" alt=\"\"\/><\/p>\n<p>Gabriela Hearst syksy-talvi 25\/26 All Over Press<\/p>\n<p class=\"paragraph\">Syksy 2025 tuo mukanaan muodin, joka on yht\u00e4 aikaa nostalginen, rohkea, harkittu ja runsaan kerroksellinen. Kansainv\u00e4liset muotitalot puhuvat samaa kielt\u00e4: nyt korostetaan muotoja, materiaaleja ja v\u00e4rej\u00e4.<\/p>\n<p class=\"paragraph\">N\u00e4ill\u00e4 tehd\u00e4\u00e4n t\u00e4n\u00e4 syksyn\u00e4 vaikutus.<\/p>\n<p>Tiimalasisiluetti<\/p>\n<p class=\"paragraph\">Tulevana syksyn\u00e4 fokuksessa on vy\u00f6t\u00e4r\u00f6. Sit\u00e4 korostetaan erilaisten vaatteen leikkausten ja v\u00f6iden avulla. Kokeile siis pirist\u00e4\u00e4 oman vaatekaapin suosikkeja vy\u00f6ll\u00e4 tai vaikka useammalla.<\/p>\n<p>Prada syksy-talvi 25\/26 All Over Press<\/p>\n<p>Gabriela Hearst syksy-talvi 25\/26 All Over Press<\/p>\n<p>Victoria Beckham syksy-talvi 25\/26 All Over Press<\/p>\n<p>Turkis<\/p>\n<p class=\"paragraph\">Turkis \u2013 useimmiten tekoturkis \u2013 on niin iso trendi takkimuodin puolella, ett\u00e4 sit\u00e4 n\u00e4kyy melkein jokaisen muotitalon mallistossa. Muhkeat takit ovat saattaneet saada pintaansa my\u00f6s erottuvan kuvion tai perinteisi\u00e4 v\u00e4rej\u00e4 erikoisemman s\u00e4vyn. Turkisyksityiskohtia n\u00e4kyy my\u00f6s takkien lis\u00e4ksi muualla.<\/p>\n<p>Gabriela Hearst syksy-talvi 25\/26 All Over Press<\/p>\n<p>Jil Sander syksy-talvi 25\/26 All Over Press<\/p>\n<p>Michael Kors syksy-talvi 25\/26 All Over Press<\/p>\n<p>L\u00e4pikuultavuus<\/p>\n<p class=\"paragraph\">Tyypillisesti kev\u00e4\u00e4ll\u00e4 ja kes\u00e4ll\u00e4 n\u00e4hty\u00e4 l\u00e4pikuultavuutta ja pitsi\u00e4 n\u00e4kyy poikkeuksellisesti my\u00f6s t\u00e4n\u00e4 syksyn\u00e4. N\u00e4ill\u00e4 naisellisilla vaatteilla saat asuun helposti kerroksellisuutta ja viettelevyytt\u00e4. Lis\u00e4ksi ne sopivat t\u00e4ydellisesti my\u00f6s kerrospukeutumiseen.<\/p>\n<p>Chanel syksy-talvi 25\/26 All Over Press<\/p>\n<p>Ermanno Scervino syksy-talvi 25\/26 All Over Press<\/p>\n<p>Gabriela Hearst syksy-talvi 25\/26 All Over Press<\/p>\n<p>Katse hartialinjaan<\/p>\n<p class=\"paragraph\">Veistoksellinen ja korostettu hartialinja n\u00e4kyy niin puseroissa, mekoissa, jakuissa kuin takeissakin. Korosta siis tulevana kautena olkap\u00e4it\u00e4 rohkeasti strukturoiduilla vaatteilla.<\/p>\n<p>Isabel Marant syksy-talvi 25\/26 All Over Press<\/p>\n<p>Versace syksy-talvi 25\/26 All Over Press<\/p>\n<p>Stella McCartney syksy-talvi 25\/26 All Over Press<\/p>\n<p>Romanttinen nostalgia<\/p>\n<p class=\"paragraph\">Pehme\u00e4 ja romanttinen siluetti puetaan nyt sandaalien sijaan saappaiden kanssa. Romanttiset, kerrokselliset ja naiselliset r\u00f6yhel\u00f6t ja vintage-vaikutteet jatkavat my\u00f6s syksyyn. Runsaat, leve\u00e4t ja hulmuavat puserot ja mekot etenkin vaaleissa, puuterisissa s\u00e4vyiss\u00e4 ovat keski\u00f6ss\u00e4.<\/p>\n<p>Chlo\u00e9 syksy-talvi 25\/26 All Over Press<\/p>\n<p>Blumarine syksy-talvi 25\/26 All Over Press<\/p>\n<p>Louis Vuitton Cruise 2026 -mallisto All Over Press<\/p>\n","protected":false},"excerpt":{"rendered":"Kokosimme viisi trendi\u00e4, jotka hallitsevat tulevan syksyn tyyli\u00e4. Gabriela Hearst syksy-talvi 25\/26 All Over Press Syksy 2025 tuo&hellip;\n","protected":false},"author":2,"featured_media":15180,"comment_status":"","ping_status":"","sticky":false,"template":"","format":"standard","meta":{"footnotes":""},"categories":[130],"tags":[2110,137,33,31,30,2351,1390,106,32,2347,5969,2350,109],"class_list":{"0":"post-15179","1":"post","2":"type-post","3":"status-publish","4":"format-standard","5":"has-post-thumbnail","7":"category-viihde","8":"tag-elamantapa-ja-vapaa-aika","9":"tag-entertainment","10":"tag-fi","11":"tag-finland","12":"tag-finnish","13":"tag-kengat-ja-asusteet","14":"tag-kuukausi","15":"tag-muoti","16":"tag-suomi","17":"tag-tekstiilit","18":"tag-vaate-ja-tekstiilikankaat","19":"tag-vaatekappaleet","20":"tag-viihde"},"share_on_mastodon":{"url":"","error":""},"_links":{"self":[{"href":"https:\/\/www.europesays.com\/fi\/wp-json\/wp\/v2\/posts\/15179","targetHints":{"allow":["GET"]}}],"collection":[{"href":"https:\/\/www.europesays.com\/fi\/wp-json\/wp\/v2\/posts"}],"about":[{"href":"https:\/\/www.europesays.com\/fi\/wp-json\/wp\/v2\/types\/post"}],"author":[{"embeddable":true,"href":"https:\/\/www.europesays.com\/fi\/wp-json\/wp\/v2\/users\/2"}],"replies":[{"embeddable":true,"href":"https:\/\/www.europesays.com\/fi\/wp-json\/wp\/v2\/comments?post=15179"}],"version-history":[{"count":0,"href":"https:\/\/www.europesays.com\/fi\/wp-json\/wp\/v2\/posts\/15179\/revisions"}],"wp:featuredmedia":[{"embeddable":true,"href":"https:\/\/www.europesays.com\/fi\/wp-json\/wp\/v2\/media\/15180"}],"wp:attachment":[{"href":"https:\/\/www.europesays.com\/fi\/wp-json\/wp\/v2\/media?parent=15179"}],"wp:term":[{"taxonomy":"category","embeddable":true,"href":"https:\/\/www.europesays.com\/fi\/wp-json\/wp\/v2\/categories?post=15179"},{"taxonomy":"post_tag","embeddable":true,"href":"https:\/\/www.europesays.com\/fi\/wp-json\/wp\/v2\/tags?post=15179"}],"curies":[{"name":"wp","href":"https:\/\/api.w.org\/{rel}","templated":true}]}}