{"id":15185,"date":"2025-08-24T19:40:07","date_gmt":"2025-08-24T19:40:07","guid":{"rendered":"https:\/\/www.europesays.com\/fi\/15185\/"},"modified":"2025-08-24T19:40:07","modified_gmt":"2025-08-24T19:40:07","slug":"kuopiossa-saaristokaupungissa-sahkopotkulautaonnettomuus-kaksi-alaikaista-loukkaantui-savo","status":"publish","type":"post","link":"https:\/\/www.europesays.com\/fi\/15185\/","title":{"rendered":"Kuopiossa Saaristokaupungissa s\u00e4hk\u00f6potkulautaonnettomuus \u2013 kaksi alaik\u00e4ist\u00e4 loukkaantui | Savo"},"content":{"rendered":"<p>Kuopiossa Saaristokaupungissa Lehtoniementiell\u00e4 tapahtui s\u00e4hk\u00f6potkulautaonnettomuus sunnuntai-iltana noin puoli kahdeksan aikaan. Tarkempi onnettomuuspaikka oli Aurinkorinteen koulun l\u00e4heisyydess\u00e4.<\/p>\n<p>Poliisin mukaan kaksi 15-vuotiasta poikaa ajoi s\u00e4hk\u00f6potkulaudalla kovaa vauhtia alam\u00e4ess\u00e4. Kuljettaja menetti potkulaudan hallinnan ja pojat kaatuivat.<\/p>\n<p>Kuljettaja loukkaantui tilanteessa vakavasti ja matkustaja lievemmin. Heid\u00e4t toimitettiin hoidettavaksi Kuopion yliopistolliseen sairaalaan. Kummallakaan ei ole poliisin mukaan hengenvaaraa.<\/p>\n<p>Poliisi tutkii tapausta t\u00f6rke\u00e4n\u00e4 liikenneturvallisuuden vaarantamisena ja vammantuottamuksena eik\u00e4 tiedota asiasta toistaiseksi enemp\u00e4\u00e4.<\/p>\n<p>\n\t\t\tOnnettomuus tapahtui Aurinkorinteen koulun l\u00e4heisyydess\u00e4.<\/p>\n","protected":false},"excerpt":{"rendered":"Kuopiossa Saaristokaupungissa Lehtoniementiell\u00e4 tapahtui s\u00e4hk\u00f6potkulautaonnettomuus sunnuntai-iltana noin puoli kahdeksan aikaan. Tarkempi onnettomuuspaikka oli Aurinkorinteen koulun l\u00e4heisyydess\u00e4. Poliisin mukaan&hellip;\n","protected":false},"author":2,"featured_media":15186,"comment_status":"","ping_status":"","sticky":false,"template":"","format":"standard","meta":{"footnotes":""},"categories":[12],"tags":[22,23,26,27,33,31,30,17,1132,55,24,25,121,28,29,15,837,18,21,122,54,103,32,19,20,16],"class_list":{"0":"post-15185","1":"post","2":"type-post","3":"status-publish","4":"format-standard","5":"has-post-thumbnail","7":"category-suomi","8":"tag-breaking-news","9":"tag-breakingnews","10":"tag-featured-news","11":"tag-featurednews","12":"tag-fi","13":"tag-finland","14":"tag-finnish","15":"tag-headlines","16":"tag-kuopio","17":"tag-lainvalvonta","18":"tag-latest-news","19":"tag-latestnews","20":"tag-liikenne-ja-kuljetus","21":"tag-main-news","22":"tag-mainnews","23":"tag-news","24":"tag-onnettomuudet","25":"tag-otsikot","26":"tag-paauutiset","27":"tag-pelastaminen","28":"tag-pelastuspalvelut","29":"tag-sosiaalikysymykset","30":"tag-suomi","31":"tag-top-stories","32":"tag-topstories","33":"tag-uutiset"},"share_on_mastodon":{"url":"","error":""},"_links":{"self":[{"href":"https:\/\/www.europesays.com\/fi\/wp-json\/wp\/v2\/posts\/15185","targetHints":{"allow":["GET"]}}],"collection":[{"href":"https:\/\/www.europesays.com\/fi\/wp-json\/wp\/v2\/posts"}],"about":[{"href":"https:\/\/www.europesays.com\/fi\/wp-json\/wp\/v2\/types\/post"}],"author":[{"embeddable":true,"href":"https:\/\/www.europesays.com\/fi\/wp-json\/wp\/v2\/users\/2"}],"replies":[{"embeddable":true,"href":"https:\/\/www.europesays.com\/fi\/wp-json\/wp\/v2\/comments?post=15185"}],"version-history":[{"count":0,"href":"https:\/\/www.europesays.com\/fi\/wp-json\/wp\/v2\/posts\/15185\/revisions"}],"wp:featuredmedia":[{"embeddable":true,"href":"https:\/\/www.europesays.com\/fi\/wp-json\/wp\/v2\/media\/15186"}],"wp:attachment":[{"href":"https:\/\/www.europesays.com\/fi\/wp-json\/wp\/v2\/media?parent=15185"}],"wp:term":[{"taxonomy":"category","embeddable":true,"href":"https:\/\/www.europesays.com\/fi\/wp-json\/wp\/v2\/categories?post=15185"},{"taxonomy":"post_tag","embeddable":true,"href":"https:\/\/www.europesays.com\/fi\/wp-json\/wp\/v2\/tags?post=15185"}],"curies":[{"name":"wp","href":"https:\/\/api.w.org\/{rel}","templated":true}]}}