{"id":15187,"date":"2025-08-24T19:41:07","date_gmt":"2025-08-24T19:41:07","guid":{"rendered":"https:\/\/www.europesays.com\/fi\/15187\/"},"modified":"2025-08-24T19:41:07","modified_gmt":"2025-08-24T19:41:07","slug":"venajan-vakoiludroonien-tukialukseksi-epailty-laiva-matkalla-vaasaan-uutisia-lyhyesti","status":"publish","type":"post","link":"https:\/\/www.europesays.com\/fi\/15187\/","title":{"rendered":"Ven\u00e4j\u00e4n vakoiludroonien tukialukseksi ep\u00e4ilty laiva matkalla Vaasaan | Uutisia lyhyesti"},"content":{"rendered":"<p class=\"sc-jYczwO sc-dNFkOE bUKqJd eiHPxO yle__article__paragraph\">Saksan ja Hollannin poliisit ovat ratsanneet aluksen, mutta mit\u00e4\u00e4n ep\u00e4ilytt\u00e4v\u00e4\u00e4 ei ole l\u00f6ydetty.<\/p>\n<p class=\"sc-jYczwO sc-ciCoXh bUKqJd cIOueB yle__article__paragraph\">Saksan pohjoispuolella It\u00e4merell\u00e4 kulkee parhaillaan rahtilaiva HAV Dolphin. Alus ilmoittaa <a class=\"sc-jDJeIs gotUgl yle__article__link\" href=\"https:\/\/www.vesselfinder.com\/?imo=9073854\" role=\"link\" rel=\"nofollow noopener\" target=\"_blank\">Vessel Finder-sivuston<\/a> mukaan, ett\u00e4 sen m\u00e4\u00e4r\u00e4np\u00e4\u00e4 on Vaasa, jonne sen on m\u00e4\u00e4r\u00e4 saapua tiistai-iltana.<\/p>\n<p class=\"sc-jYczwO sc-ciCoXh bUKqJd cIOueB yle__article__paragraph\">HAV Dolphin on her\u00e4tt\u00e4nyt huomiota Saksan ja Hollannin turvallisuuspalveluissa. Antiguan ja Barbudan lipun alla seilaavan aluksen ep\u00e4ill\u00e4\u00e4n olevan tukialus ven\u00e4l\u00e4isille vakoiludrooneille.<\/p>\n<p class=\"sc-jYczwO sc-ciCoXh bUKqJd cIOueB yle__article__paragraph\">Toukokuun alussa HAV Dolphin l\u00e4hti liikkeelle Ven\u00e4j\u00e4n Kaliningradista ja saapui Kielin luoteispuolelle, miss\u00e4 se oli ankkurissa kahdeksan p\u00e4iv\u00e4\u00e4. T\u00e4m\u00e4 h\u00e4mm\u00e4stytt\u00e4\u00e4 viranomaisia, sill\u00e4 yleens\u00e4 kaupallisilla aluksilla on kiire l\u00e4hte\u00e4 eteenp\u00e4in. Ankkuripaikka oli my\u00f6s ep\u00e4tavallinen.<\/p>\n<p class=\"sc-jYczwO sc-ciCoXh bUKqJd cIOueB yle__article__paragraph\">Samaan aikaan l\u00e4heisess\u00e4 Saksan 1. sukellusvenelaivueen tukikohdassa Eckernf\u00f6rdess\u00e4 tehtiin useita droonihavaintoja, kertovat itsen\u00e4inen ven\u00e4l\u00e4inen <a class=\"sc-jDJeIs gotUgl yle__article__link\" href=\"https:\/\/meduza.io\/en\/feature\/2025\/06\/17\/an-invisible-maritime-menace\" role=\"link\" rel=\"nofollow noopener\" target=\"_blank\">uutissivusto Meduza<\/a> ja saksalainen ARD-televisiokanavan <a class=\"sc-jDJeIs gotUgl yle__article__link\" href=\"https:\/\/www.tagesschau.de\/investigativ\/ndr-wdr\/russland-spionage-drohnen-schiffe-100.html\" role=\"link\" rel=\"nofollow noopener\" target=\"_blank\">uutisohjelma Tagesschau<\/a>.<\/p>\n<p class=\"sc-jYczwO sc-ciCoXh bUKqJd cIOueB yle__article__paragraph\">Saksan poliisi tutki aluksen. Samoin teki my\u00f6s Hollannin poliisi sen seuraavassa satamapaikassa Rotterdamissa. Mit\u00e4\u00e4n ep\u00e4ilytt\u00e4v\u00e4\u00e4 ei l\u00f6ytynyt.<\/p>\n<p class=\"sc-jYczwO sc-ciCoXh bUKqJd cIOueB yle__article__paragraph\">Tutkijat totesivat aluksen tosin kulkeneen hyvin hitaasti, mik\u00e4 voi olla merkki vakoilutoiminnasta.<\/p>\n<p class=\"sc-jYczwO sc-ciCoXh bUKqJd cIOueB yle__article__paragraph\">Miehist\u00f6n todettiin olevan ven\u00e4l\u00e4inen.<\/p>\n<p class=\"sc-jYczwO sc-ciCoXh bUKqJd cIOueB yle__article__paragraph\">Vaasaan HAV Dolphin on tulossa Belgian Antwerpenist\u00e4.<\/p>\n","protected":false},"excerpt":{"rendered":"Saksan ja Hollannin poliisit ovat ratsanneet aluksen, mutta mit\u00e4\u00e4n ep\u00e4ilytt\u00e4v\u00e4\u00e4 ei ole l\u00f6ydetty. Saksan pohjoispuolella It\u00e4merell\u00e4 kulkee parhaillaan&hellip;\n","protected":false},"author":2,"featured_media":74,"comment_status":"","ping_status":"","sticky":false,"template":"","format":"standard","meta":{"footnotes":""},"categories":[5],"tags":[22,23,26,27,33,31,30,17,5604,5971,24,25,28,29,5092,15,18,21,5970,3911,32,19,20,56,16,547,2569],"class_list":{"0":"post-15187","1":"post","2":"type-post","3":"status-publish","4":"format-standard","5":"has-post-thumbnail","7":"category-otsikot","8":"tag-breaking-news","9":"tag-breakingnews","10":"tag-featured-news","11":"tag-featurednews","12":"tag-fi","13":"tag-finland","14":"tag-finnish","15":"tag-headlines","16":"tag-hollanti","17":"tag-kaliningrad","18":"tag-latest-news","19":"tag-latestnews","20":"tag-main-news","21":"tag-mainnews","22":"tag-merenkulku","23":"tag-news","24":"tag-otsikot","25":"tag-paauutiset","26":"tag-rahtilaivat","27":"tag-saksa","28":"tag-suomi","29":"tag-top-stories","30":"tag-topstories","31":"tag-ulkomaat","32":"tag-uutiset","33":"tag-venaja","34":"tag-vesikulkuneuvot"},"share_on_mastodon":{"url":"","error":""},"_links":{"self":[{"href":"https:\/\/www.europesays.com\/fi\/wp-json\/wp\/v2\/posts\/15187","targetHints":{"allow":["GET"]}}],"collection":[{"href":"https:\/\/www.europesays.com\/fi\/wp-json\/wp\/v2\/posts"}],"about":[{"href":"https:\/\/www.europesays.com\/fi\/wp-json\/wp\/v2\/types\/post"}],"author":[{"embeddable":true,"href":"https:\/\/www.europesays.com\/fi\/wp-json\/wp\/v2\/users\/2"}],"replies":[{"embeddable":true,"href":"https:\/\/www.europesays.com\/fi\/wp-json\/wp\/v2\/comments?post=15187"}],"version-history":[{"count":0,"href":"https:\/\/www.europesays.com\/fi\/wp-json\/wp\/v2\/posts\/15187\/revisions"}],"wp:featuredmedia":[{"embeddable":true,"href":"https:\/\/www.europesays.com\/fi\/wp-json\/wp\/v2\/media\/74"}],"wp:attachment":[{"href":"https:\/\/www.europesays.com\/fi\/wp-json\/wp\/v2\/media?parent=15187"}],"wp:term":[{"taxonomy":"category","embeddable":true,"href":"https:\/\/www.europesays.com\/fi\/wp-json\/wp\/v2\/categories?post=15187"},{"taxonomy":"post_tag","embeddable":true,"href":"https:\/\/www.europesays.com\/fi\/wp-json\/wp\/v2\/tags?post=15187"}],"curies":[{"name":"wp","href":"https:\/\/api.w.org\/{rel}","templated":true}]}}