{"id":15188,"date":"2025-08-24T19:45:14","date_gmt":"2025-08-24T19:45:14","guid":{"rendered":"https:\/\/www.europesays.com\/fi\/15188\/"},"modified":"2025-08-24T19:45:14","modified_gmt":"2025-08-24T19:45:14","slug":"avaruudesta-loytyi-hammentava-taydellisen-pyorea-kupla","status":"publish","type":"post","link":"https:\/\/www.europesays.com\/fi\/15188\/","title":{"rendered":"Avaruudesta l\u00f6ytyi h\u00e4mment\u00e4v\u00e4 t\u00e4ydellisen py\u00f6re\u00e4 kupla"},"content":{"rendered":"<p>T\u00e4htitieteilij\u00e4t ovat l\u00f6yt\u00e4neet t\u00e4ydellisen pallon muotoisen kohteen Linnunradasta.<\/p>\n<p>Australialaisyliopiston tutkijat ovat l\u00f6yt\u00e4neet Linnunradasta t\u00e4ydellisen pallon muotoisen kohteen. Kohde on todenn\u00e4k\u00f6isesti laajeneva kaasukupla, joka syntyi supernovan eli t\u00e4hden r\u00e4j\u00e4hdyksen seurauksena.\u00a0<\/p>\n<p>Yleens\u00e4 r\u00e4j\u00e4hdyksen my\u00f6t\u00e4 syntyneet kohteet ovat ep\u00e4tasaisia kaasupilvi\u00e4. T\u00e4t\u00e4 l\u00f6yd\u00f6st\u00e4 on kuitenkin kuvailtu geometrisesti virheett\u00f6m\u00e4ksi ja muun muassa yht\u00e4 sile\u00e4ksi kuin biljardipallo. Tieteilij\u00e4t ovatkin nimenneet sen &#8221;Teleiokseksi&#8221;, mik\u00e4 tarkoittaa t\u00e4ydellisyytt\u00e4 antiikin kreikaksi.<\/p>\n<p>L\u00f6yd\u00f6st\u00e4 tekee harvinaisen sen t\u00e4ydellisen py\u00f6reyden lis\u00e4ksi se, ett\u00e4 se sijaitsee omassa galaksissamme. Monet muut tieteilij\u00f6iden l\u00f6yt\u00e4m\u00e4t vastaavat kohteet sijaitsevat kaukana Linnunradan ulkopuolella.<\/p>\n<p>0:30<img alt=\"img\" data-testid=\"web-player-broker-image\" data-sentry-element=\"Image\" data-sentry-source-file=\"NextImage.tsx\" fetchpriority=\"low\" loading=\"lazy\" decoding=\"async\" data-nimg=\"fill\" class=\"transition duration-700 ease-in-out hover:scale-[1.05]\" style=\"position:absolute;height:100%;width:100%;left:0;top:0;right:0;bottom:0;color:transparent;background-size:cover;background-position:50% 50%;background-repeat:no-repeat;background-image:url(&quot;data:image\/svg+xml;base64,Cjxzdmcgd2lkdGg9IjcyMCIgaGVpZ2h0PSI0MDUiIHZlcnNpb249IjEuMSIgeG1sbnM9Imh0dHA6Ly93d3cudzMub3JnLzIwMDAvc3ZnIiB4bWxuczp4bGluaz0iaHR0cDovL3d3dy53My5vcmcvMTk5OS94bGluayI+CiAgPGRlZnM+CiAgICA8bGluZWFyR3JhZGllbnQgaWQ9ImciPgogICAgICA8c3RvcCBzdG9wLWNvbG9yPSIjMEIxODIzIiBvZmZzZXQ9IjIwJSIgLz4KICAgICAgPHN0b3Agc3RvcC1jb2xvcj0iIzFBMjczMiIgb2Zmc2V0PSI1MCUiIC8+CiAgICAgIDxzdG9wIHN0b3AtY29sb3I9IiMwQjE4MjMiIG9mZnNldD0iNzAlIiAvPgogICAgPC9saW5lYXJHcmFkaWVudD4KICA8L2RlZnM+CiAgPHJlY3Qgd2lkdGg9IjcyMCIgaGVpZ2h0PSI0MDUiIGZpbGw9IiMwQjE4MjMiIC8+CiAgPHJlY3QgaWQ9InIiIHdpZHRoPSI3MjAiIGhlaWdodD0iNDA1IiBmaWxsPSJ1cmwoI2cpIiAvPgogIDxhbmltYXRlIHhsaW5rOmhyZWY9IiNyIiBhdHRyaWJ1dGVOYW1lPSJ4IiBmcm9tPSItNzIwIiB0bz0iNzIwIiBkdXI9IjFzIiByZXBlYXRDb3VudD0iaW5kZWZpbml0ZSIgIC8+Cjwvc3ZnPg==&quot;)\"   src=\"https:\/\/www.europesays.com\/fi\/wp-content\/uploads\/2025\/08\/1756064714_109_imageproxy.a2d.tv\"\/>Katso my\u00f6s: Avaruudesta uskotaan l\u00f6ytyneen el\u00e4m\u00e4\u00e4: t\u00e4lt\u00e4 planeetta n\u00e4ytt\u00e4\u00e4!<\/p>\n<p>Kuplal\u00f6yt\u00f6 on osa EMU-tutkimusta (Evolutionary Map of the Universe), jossa avaruudesta on l\u00f6ydetty monia erikoisia ympyr\u00e4nmuotoisia kohteita.<\/p>\n<p>Tutkimusta johti astrofyysikko <strong class=\"typography-bold\">Miroslav Filipovi\u0107 <\/strong>Western Sydneyn yliopistosta yhdess\u00e4 kansainv\u00e4lisen tutkijaryhm\u00e4n kanssa. Heid\u00e4n havaintonsa on julkaistu <a class=\"underline\" data-testid=\"external-link\" href=\"https:\/\/www.sciencealert.com\/mysteriously-perfect-sphere-spotted-in-space-by-astronomers\" rel=\"noopener noreferrer nofollow\" target=\"_blank\" data-sentry-component=\"ExternalLink\" data-sentry-source-file=\"ExternalLink.tsx\">Science Alert<\/a> -julkaisussa ja se on saatavilla my\u00f6s<a class=\"underline\" data-testid=\"external-link\" href=\"https:\/\/arxiv.org\/abs\/2505.04041\" rel=\"noopener noreferrer nofollow\" target=\"_blank\" data-sentry-component=\"ExternalLink\" data-sentry-source-file=\"ExternalLink.tsx\"> arXiv<\/a>-sivustolla.<\/p>\n<p>Supernovan j\u00e4\u00e4nne koostuu usein laajenevasta aineesta, ja sen koko antaa osviittaa i\u00e4st\u00e4. Teleioksen kohdalla arviot sen i\u00e4st\u00e4 vaihtelevat 1\u00a0000 ja 10\u00a0000 vuoden v\u00e4lill\u00e4.<\/p>\n<p>Yksi suurimmista tutkijoiden haasteista on, etteiv\u00e4t he pysty m\u00e4\u00e4rittelem\u00e4\u00e4n kohteen tarkkaa et\u00e4isyytt\u00e4 Maasta. Arviot vaihtelevat noin 7\u00a0200 ja 25\u00a0000 valovuoden v\u00e4lill\u00e4. T\u00e4m\u00e4 vaikeuttaa osaltaan Teleioksen alkuper\u00e4n ymm\u00e4rt\u00e4mist\u00e4.<\/p>\n<p>Tutkijoiden mukaan osa ilmi\u00f6st\u00e4 on ymm\u00e4rrett\u00e4viss\u00e4, mutta t\u00e4ydellisen py\u00f6re\u00e4 muoto ja sen syntytapa ovat edelleen mysteerej\u00e4.<\/p>\n<p>L\u00f6yd\u00f6st\u00e4 kertoi Suomessa ensimm\u00e4isen\u00e4 <a class=\"underline\" data-testid=\"external-link\" href=\"https:\/\/tekniikanmaailma.fi\/linnunradasta-loytyi-taydellisen-pyorea-kupla\/?shared=1448368-e50d40f4-500\" rel=\"noopener noreferrer nofollow\" target=\"_blank\" data-sentry-component=\"ExternalLink\" data-sentry-source-file=\"ExternalLink.tsx\">Tekniikan Maailma<\/a>.<\/p>\n<p>Lue my\u00f6s: <a class=\"underline\" data-testid=\"internal-link\" role=\"link\" data-sentry-element=\"Link\" data-sentry-component=\"InternalLink\" data-sentry-source-file=\"InternalLink.tsx\" href=\"https:\/\/www.mtvuutiset.fi\/artikkeli\/kiinan-avaruusasemalta-loytyi-maapallolla-tuntematon-bakteerilaji\/9160168\" rel=\"nofollow noopener\" target=\"_blank\">Kiinan avaruusasemalta l\u00f6ytyi maapallolla tuntematon bakteerilaji<\/a><a class=\"underline\" data-testid=\"internal-link\" role=\"link\" data-sentry-element=\"Link\" data-sentry-component=\"InternalLink\" data-sentry-source-file=\"InternalLink.tsx\" href=\"https:\/\/www.mtvuutiset.fi\/artikkeli\/auringon-megamyrsky-katkoo-sahkoja-ja-hajottaa-satelliitteja-uusi-rajuilma-voi-olla-jo-nurkan-takana\/9154154\" rel=\"nofollow noopener\" target=\"_blank\">Auringon megamyrsky katkoo s\u00e4hk\u00f6j\u00e4 ja hajottaa satelliitteja \u2013 uusi rajuilma voi olla jo nurkan takana<\/a><\/p>\n","protected":false},"excerpt":{"rendered":"T\u00e4htitieteilij\u00e4t ovat l\u00f6yt\u00e4neet t\u00e4ydellisen pallon muotoisen kohteen Linnunradasta. Australialaisyliopiston tutkijat ovat l\u00f6yt\u00e4neet Linnunradasta t\u00e4ydellisen pallon muotoisen kohteen. Kohde&hellip;\n","protected":false},"author":2,"featured_media":15189,"comment_status":"","ping_status":"","sticky":false,"template":"","format":"standard","meta":{"footnotes":""},"categories":[114],"tags":[453,33,31,30,118,452,32,119],"class_list":{"0":"post-15188","1":"post","2":"type-post","3":"status-publish","4":"format-standard","5":"has-post-thumbnail","7":"category-avaruus","8":"tag-avaruus","9":"tag-fi","10":"tag-finland","11":"tag-finnish","12":"tag-science","13":"tag-space","14":"tag-suomi","15":"tag-tiede"},"share_on_mastodon":{"url":"","error":""},"_links":{"self":[{"href":"https:\/\/www.europesays.com\/fi\/wp-json\/wp\/v2\/posts\/15188","targetHints":{"allow":["GET"]}}],"collection":[{"href":"https:\/\/www.europesays.com\/fi\/wp-json\/wp\/v2\/posts"}],"about":[{"href":"https:\/\/www.europesays.com\/fi\/wp-json\/wp\/v2\/types\/post"}],"author":[{"embeddable":true,"href":"https:\/\/www.europesays.com\/fi\/wp-json\/wp\/v2\/users\/2"}],"replies":[{"embeddable":true,"href":"https:\/\/www.europesays.com\/fi\/wp-json\/wp\/v2\/comments?post=15188"}],"version-history":[{"count":0,"href":"https:\/\/www.europesays.com\/fi\/wp-json\/wp\/v2\/posts\/15188\/revisions"}],"wp:featuredmedia":[{"embeddable":true,"href":"https:\/\/www.europesays.com\/fi\/wp-json\/wp\/v2\/media\/15189"}],"wp:attachment":[{"href":"https:\/\/www.europesays.com\/fi\/wp-json\/wp\/v2\/media?parent=15188"}],"wp:term":[{"taxonomy":"category","embeddable":true,"href":"https:\/\/www.europesays.com\/fi\/wp-json\/wp\/v2\/categories?post=15188"},{"taxonomy":"post_tag","embeddable":true,"href":"https:\/\/www.europesays.com\/fi\/wp-json\/wp\/v2\/tags?post=15188"}],"curies":[{"name":"wp","href":"https:\/\/api.w.org\/{rel}","templated":true}]}}