{"id":15196,"date":"2025-08-24T19:57:07","date_gmt":"2025-08-24T19:57:07","guid":{"rendered":"https:\/\/www.europesays.com\/fi\/15196\/"},"modified":"2025-08-24T19:57:07","modified_gmt":"2025-08-24T19:57:07","slug":"lamb-of-god-solisti-muisteli-brent-hindsia-kauniissa-viestissa-jakoi-myos-mastodon-kitaristista-ottamansa-viimeisen-kuvan","status":"publish","type":"post","link":"https:\/\/www.europesays.com\/fi\/15196\/","title":{"rendered":"Lamb of God -solisti muisteli Brent Hindsi\u00e4 kauniissa viestiss\u00e4 &#8211; jakoi my\u00f6s Mastodon-kitaristista ottamansa viimeisen kuvan"},"content":{"rendered":"<p>Lamb of God -solisti Randy Blythe muisteli Mastodonin keskiviikkona menehtynytt\u00e4 entist\u00e4 kitaristia Brent Hindsi\u00e4. 51-vuotias muusikko kuoli moottoripy\u00f6r\u00e4onnettomuudessa Atlantassa.<\/p>\n<p>Pitk\u00e4hk\u00f6ss\u00e4 Instagram-p\u00e4ivityksess\u00e4\u00e4n Blythe vertaa Hindsi\u00e4 hurrikaaniin.<\/p>\n<p>\u201dVilli ja hallitsematon voima, joka kykenee kylv\u00e4m\u00e4\u00e4n tuhoa miss\u00e4 ikin\u00e4 kulkeekaan. Brent saattoi olla toisinaan tuhoisa. Mutta hurrikaanin tavoin h\u00e4nkin tuottia harvinaisia puhdasta kauneutta omaavia hetki\u00e4 \u2013 massiivisen upeita soundiaaltoja, jotka tuottivat niin monille paljon iloa. Kaikilla h\u00e4net tavanneilla on omat Brent-tarinansa, sill\u00e4 h\u00e4n oli niin tinkim\u00e4tt\u00f6m\u00e4sti oma itsens\u00e4.\u201d<\/p>\n<p>Blythe kirjoittaa olleensa viime p\u00e4iv\u00e4t turta surusta.<\/p>\n<p>\u201dSuruni vain yltyy kun ajattelen Brentin perhett\u00e4, h\u00e4nen muita yst\u00e4vi\u00e4\u00e4n ja velji\u00e4ni Mastodonissa. T\u00e4m\u00e4 on kauhea tilanne kaikille, eik\u00e4 kukaan olisi halunnut t\u00e4ll\u00e4ist\u00e4 tapahtuvan.\u201d<\/p>\n<p>Blythe kertoo viestins\u00e4 p\u00e4\u00e4tteeksi ottaneensa Hindsist\u00e4 useita kuvia vuosien varrella. P\u00e4ivitykseen p\u00e4\u00e4tyi niist\u00e4 viimeinen.<\/p>\n<p>\u201dLep\u00e4\u00e4 rauhassa, Brent \u2013 olit todellinen rock\u2019n\u2019rollin villimies. Kiitos biiseist\u00e4, hulluista ajoista ja lukemattomista nauruista. Sinua tullaan kaipaamaan.\u201d<\/p>\n<p>Lue my\u00f6s: <a href=\"https:\/\/www.soundi.fi\/uutiset\/deftones-muisti-entista-mastodon-kitaristia-keikallaan-omistamme-taman-kappaleen-rakkaalle-ystavallemme-brent-hindsille\/\" title=\"Deftones muisti entist\u00e4 Mastodon-kitaristia keikallaan \u2013 \u201dOmistamme t\u00e4m\u00e4n kappaleen rakkaalle yst\u00e4v\u00e4llemme Brent Hindsille\u201d\" class=\"underline-custom !font-montserrat !font-bold !underline-offset-4 !decoration-4 !decoration-tilt-light\" rel=\"nofollow noopener\" target=\"_blank\">Deftones muisti entist\u00e4 Mastodon-kitaristia keikallaan \u2013 \u201dOmistamme t\u00e4m\u00e4n kappaleen rakkaalle yst\u00e4v\u00e4llemme Brent Hindsille\u201d<\/a><\/p>\n<p>Lue my\u00f6s: <a href=\"https:\/\/www.soundi.fi\/uutiset\/ex-mastodon-kitaristi-ja-alkuperaisjasen-brent-hinds-on-kuollut\/\" title=\"Ex-Mastodon-kitaristi ja alkuper\u00e4isj\u00e4sen Brent Hinds on kuollut\" class=\"underline-custom !font-montserrat !font-bold !underline-offset-4 !decoration-4 !decoration-tilt-light\" rel=\"nofollow noopener\" target=\"_blank\">Ex-Mastodon-kitaristi ja alkuper\u00e4isj\u00e4sen Brent Hinds on kuollut<\/a><\/p>\n","protected":false},"excerpt":{"rendered":"Lamb of God -solisti Randy Blythe muisteli Mastodonin keskiviikkona menehtynytt\u00e4 entist\u00e4 kitaristia Brent Hindsi\u00e4. 51-vuotias muusikko kuoli moottoripy\u00f6r\u00e4onnettomuudessa&hellip;\n","protected":false},"author":2,"featured_media":15197,"comment_status":"","ping_status":"","sticky":false,"template":"","format":"standard","meta":{"footnotes":""},"categories":[132],"tags":[137,33,31,30,195,47,32,109],"class_list":{"0":"post-15196","1":"post","2":"type-post","3":"status-publish","4":"format-standard","5":"has-post-thumbnail","7":"category-musiikki","8":"tag-entertainment","9":"tag-fi","10":"tag-finland","11":"tag-finnish","12":"tag-music","13":"tag-musiikki","14":"tag-suomi","15":"tag-viihde"},"share_on_mastodon":{"url":"","error":""},"_links":{"self":[{"href":"https:\/\/www.europesays.com\/fi\/wp-json\/wp\/v2\/posts\/15196","targetHints":{"allow":["GET"]}}],"collection":[{"href":"https:\/\/www.europesays.com\/fi\/wp-json\/wp\/v2\/posts"}],"about":[{"href":"https:\/\/www.europesays.com\/fi\/wp-json\/wp\/v2\/types\/post"}],"author":[{"embeddable":true,"href":"https:\/\/www.europesays.com\/fi\/wp-json\/wp\/v2\/users\/2"}],"replies":[{"embeddable":true,"href":"https:\/\/www.europesays.com\/fi\/wp-json\/wp\/v2\/comments?post=15196"}],"version-history":[{"count":0,"href":"https:\/\/www.europesays.com\/fi\/wp-json\/wp\/v2\/posts\/15196\/revisions"}],"wp:featuredmedia":[{"embeddable":true,"href":"https:\/\/www.europesays.com\/fi\/wp-json\/wp\/v2\/media\/15197"}],"wp:attachment":[{"href":"https:\/\/www.europesays.com\/fi\/wp-json\/wp\/v2\/media?parent=15196"}],"wp:term":[{"taxonomy":"category","embeddable":true,"href":"https:\/\/www.europesays.com\/fi\/wp-json\/wp\/v2\/categories?post=15196"},{"taxonomy":"post_tag","embeddable":true,"href":"https:\/\/www.europesays.com\/fi\/wp-json\/wp\/v2\/tags?post=15196"}],"curies":[{"name":"wp","href":"https:\/\/api.w.org\/{rel}","templated":true}]}}