{"id":1520,"date":"2025-08-11T14:17:11","date_gmt":"2025-08-11T14:17:11","guid":{"rendered":"https:\/\/www.europesays.com\/fi\/1520\/"},"modified":"2025-08-11T14:17:11","modified_gmt":"2025-08-11T14:17:11","slug":"puupatsaan-mallina-toimi-taysin-tuntematon-henkilo-josta-arto-komulainen-tietaa-vain-etunimen","status":"publish","type":"post","link":"https:\/\/www.europesays.com\/fi\/1520\/","title":{"rendered":"Puupatsaan mallina toimi t\u00e4ysin tuntematon henkil\u00f6, josta Arto Komulainen tiet\u00e4\u00e4 vain etunimen"},"content":{"rendered":"<p>                                  Ihmiset<\/p>\n<p>                <img loading=\"lazy\" decoding=\"async\" itemprop=\"contentUrl\" class=\"figure-img img-fluid\"  src=\"https:\/\/www.europesays.com\/fi\/wp-content\/uploads\/2025\/08\/1754921830_323_imengine.public.prod.hil.infomaker.io\" width=\"1080\" height=\"608\"  alt=\"\"\/><\/p>\n<p>                                    Puupatsaiden tekeminen on alkanut kiinnostaa Arto Komulaista aivan hiljattain. Aloittaminen vaatii vain oikean hetken.<br \/>\n                                                    Kuva:<br \/>\n                    Arto Komulainen<\/p>\n<p class=\"ew-preamble\" itemprop=\"description\">Arto Komulainen sai idean veistoksesta hyvin nuorena.<\/p>\n<p>      MAINOS &#8211; juttu jatkuu mainoksen j\u00e4lkeen<\/p>\n<p>      MAINOS &#8211; mainos p\u00e4\u00e4ttyy<\/p>\n<p class=\"ew-body\">Sotkamolaisl\u00e4ht\u00f6inen <strong id=\"strong-d51fe735fbc3f8eef103248e9268ac14\">Arto Komulainen<\/strong> taiteili lukevaa tytt\u00f6\u00e4 esitt\u00e4v\u00e4n veistoksen puusta. Patsas on vasta toinen h\u00e4nen ty\u00f6ns\u00e4, jossa materiaalina on puu. T\u00e4t\u00e4 ennen h\u00e4n on tehnyt puusta yli kolme metri\u00e4 korkean viikinkiveistoksen. Projektit ovat olleet Komulaiselle siis melko uusi juttu.<\/p>\n<p class=\"ew-body\">\u2013 Silloin mi<\/p>\n<p>  <a class=\"btn btn-secondary btn-icon-left\" href=\"#coral_thread\"><br \/>\n    <img decoding=\"async\" src=\"https:\/\/www.sotkamolehti.fi\/wp-content\/themes\/hilla-theme\/assets\/img\/icon_comments.svg\" alt=\"\"\/><br \/>\n    Kommentoi<br \/>\n  <\/a><\/p>\n<p>  <a class=\"btn btn-secondary btn-icon-left mailto_web\" href=\"mailto:toimitus@sotkamolehti.fi?subject=Ilmoita%20asiavirheest%C3%A4&amp;body=Otsikko%3A%20Puupatsaan%20mallina%20toimi%20t%C3%A4ysin%20tuntematon%20henkil%C3%B6%2C%20josta%20Arto%20Komulainen%20tiet%C3%A4%C3%A4%20vain%20etunimen%0AUuid%3A%20246c4589-f8b4-4876-8793-0c74d32ac92c%0AUrl%3A%20https%3A%2F%2Fwww.sotkamolehti.fi%2Fartikkeli%2Fpuupatsaan-mallina-toimi-taysin-tuntematon-henkilo-josta-arto-komulainen-tietaa-vain-etunimen\"><br \/>\n    <img decoding=\"async\" src=\"https:\/\/www.sotkamolehti.fi\/wp-content\/themes\/hilla-theme\/assets\/img\/icon_feedback.svg\" alt=\"\"\/><br \/>\n    Ilmoita asiavirheest\u00e4<br \/>\n  <\/a><\/p>\n","protected":false},"excerpt":{"rendered":"Ihmiset Puupatsaiden tekeminen on alkanut kiinnostaa Arto Komulaista aivan hiljattain. Aloittaminen vaatii vain oikean hetken. Kuva: Arto Komulainen&hellip;\n","protected":false},"author":2,"featured_media":1521,"comment_status":"","ping_status":"","sticky":false,"template":"","format":"standard","meta":{"footnotes":""},"categories":[135],"tags":[389,387,388,390,137,33,31,30,32,394,393,391,392,109],"class_list":{"0":"post-1520","1":"post","2":"type-post","3":"status-publish","4":"format-standard","5":"has-post-thumbnail","7":"category-taiteet-ja-suunnittelu","8":"tag-arts","9":"tag-arts-and-design","10":"tag-artsanddesign","11":"tag-design","12":"tag-entertainment","13":"tag-fi","14":"tag-finland","15":"tag-finnish","16":"tag-suomi","17":"tag-suunnittelu","18":"tag-taiteet","19":"tag-taiteet-ja-suunnittelu","20":"tag-taiteetsuunnittelu","21":"tag-viihde"},"share_on_mastodon":{"url":"","error":""},"_links":{"self":[{"href":"https:\/\/www.europesays.com\/fi\/wp-json\/wp\/v2\/posts\/1520","targetHints":{"allow":["GET"]}}],"collection":[{"href":"https:\/\/www.europesays.com\/fi\/wp-json\/wp\/v2\/posts"}],"about":[{"href":"https:\/\/www.europesays.com\/fi\/wp-json\/wp\/v2\/types\/post"}],"author":[{"embeddable":true,"href":"https:\/\/www.europesays.com\/fi\/wp-json\/wp\/v2\/users\/2"}],"replies":[{"embeddable":true,"href":"https:\/\/www.europesays.com\/fi\/wp-json\/wp\/v2\/comments?post=1520"}],"version-history":[{"count":0,"href":"https:\/\/www.europesays.com\/fi\/wp-json\/wp\/v2\/posts\/1520\/revisions"}],"wp:featuredmedia":[{"embeddable":true,"href":"https:\/\/www.europesays.com\/fi\/wp-json\/wp\/v2\/media\/1521"}],"wp:attachment":[{"href":"https:\/\/www.europesays.com\/fi\/wp-json\/wp\/v2\/media?parent=1520"}],"wp:term":[{"taxonomy":"category","embeddable":true,"href":"https:\/\/www.europesays.com\/fi\/wp-json\/wp\/v2\/categories?post=1520"},{"taxonomy":"post_tag","embeddable":true,"href":"https:\/\/www.europesays.com\/fi\/wp-json\/wp\/v2\/tags?post=1520"}],"curies":[{"name":"wp","href":"https:\/\/api.w.org\/{rel}","templated":true}]}}