{"id":15200,"date":"2025-08-24T20:01:07","date_gmt":"2025-08-24T20:01:07","guid":{"rendered":"https:\/\/www.europesays.com\/fi\/15200\/"},"modified":"2025-08-24T20:01:07","modified_gmt":"2025-08-24T20:01:07","slug":"seiska-aki-ja-rita-mannisen-paljastukset-mira-luoti-oli-ollut-ihan-peloissaan","status":"publish","type":"post","link":"https:\/\/www.europesays.com\/fi\/15200\/","title":{"rendered":"Seiska: Aki ja Rita Mannisen paljastukset \u2013 \u201dMira Luoti oli ollut ihan peloissaan\u201d"},"content":{"rendered":"<p>Siit\u00e4 on jo aikaa, kun vuoden 2016 Julkkisselviytyj\u00e4t-ohjelmaa kuvattiin. Mutta tuo ajankohta on aiheuttanut kohun vasta nyt. Se johtuu PMMP-yhtyeest\u00e4 tunnetun <strong>Mira Luodin<\/strong> paljastuksesta, joka selvisi Ylen julkaiseman artikkelin kautta. Luoti kertoo siin\u00e4 joutuneensa ohjelman kuvauksissa seksuaalisen v\u00e4kivallan kohteeksi. Tapauksen yhteydess\u00e4 on noussut esille <strong>Makwan Amirkhani<\/strong>, joka osallistui samaan ohjelmaan Luodin parina.<\/p>\n<p>Nyt Seiskassa kerrotaan, miten tapahtumat ovat n\u00e4kyneet ohjelman kuvauksissa samaan aikaan olleille <strong>Aki Manniselle<\/strong> ja <strong>Rita Niemi-Manniselle<\/strong>. Pariskunta on kertonut lehdelle omat mielipiteens\u00e4 ja kokemuksensa tapahtuneista.<\/p>\n<p>Akilla oli paljon sanottavaa aiheesta<\/p>\n<p>Aki kertoo kuulleensa tapahtuneista tuotannolta ja muilta, jotka olivat osallistuneet kuvauksiin.<\/p>\n<p>\u2013 Mira oli ollut ihan peloissaan koko y\u00f6n. Mira joutui pakenemaan leirist\u00e4, muisteli Aki.<\/p>\n<p>Akin mielest\u00e4 tuotantoyhti\u00f6 ei toiminut tilanteessa hyvin.<\/p>\n<p>\u2013 Tuotanto hyssytteli sit\u00e4 tilannetta, ja sit\u00e4 v\u00e4h\u00e4teltiin. Sanottiin, ett\u00e4 yritet\u00e4\u00e4n menn\u00e4 eteenp\u00e4in, niin kuin mit\u00e4\u00e4n ei olisikaan, kertoi Aki Seiskalle.<\/p>\n<p>Aki oli avannut aihetta viel\u00e4 lis\u00e4\u00e4.<\/p>\n<p>\u2013 Seuraava kuvausp\u00e4iv\u00e4 piti hoitaa loppuun, totta kai johtuen tuotannollisista ja sopimuksellisista syist\u00e4. Mutta kyll\u00e4 se oli ihmeellist\u00e4, ei ollut ihan tasapainoinen olotila siell\u00e4. Jos kuvausryhm\u00e4kin oli s\u00e4ik\u00e4ht\u00e4nyt, niin sekin kertoo jo paljon. T\u00e4m\u00e4n olisi t\u00e4ytynyt nousta silloin heti esille, ett\u00e4 ei olisi miss\u00e4\u00e4n nimess\u00e4 kuulunut hyssytell\u00e4 asiaa, kertoi Aki viel\u00e4 asiasta.<\/p>\n<p>Rita oli jutellut Miran kanssa<\/p>\n<p>Rita kertoo jutelleensa asiasta Miran kanssa, jolloin h\u00e4n oli saanut tiet\u00e4\u00e4 Miran kokemuksista. T\u00e4m\u00e4 oli tapahtunut vasta noin kaksi vuotta sitten, kun molemmat olivat olleet Komppania Ketonen &amp; Gustafsberg-ohjelman kuvauksissa. Ohjelmassa suoritetaan armeijaan liittyvi\u00e4 teht\u00e4vi\u00e4.<\/p>\n<p>\u2013 H\u00e4nelle (Miralle) tuli flashbackeja (suom. takaumia), kun olimme tekemisiss\u00e4 aseiden kanssa siell\u00e4 Komppania-ohjelman kuvauksissa. Mira joutui vet\u00e4ytym\u00e4\u00e4n sivuun, ja siin\u00e4 sitten puhuimme, kertoi Rita Seiskalle.<\/p>\n<p>My\u00f6s Makwan on kertonut oman puolensa asiasta<\/p>\n<p>Makwan on julkaissut sometililleen oman puolensa asioista, jotka tapahtuivat ohjelman kuvauksissa. H\u00e4n kiist\u00e4\u00e4 tehneens\u00e4 tuolloin mit\u00e4\u00e4n laitonta.<\/p>\n<p>Lue my\u00f6s: <a href=\"https:\/\/www.como.fi\/uutiset\/makwan-amirkhani-vastaa-nyt-itse-mira-luodin-syytoksiin\/\" title=\"Makwan Amirkhani vastaa nyt itse Mira Luodin syyt\u00f6ksiin\" class=\"underline-custom !font-montserrat !font-bold !underline-offset-4 !decoration-4 !decoration-red-600 !text-md\" rel=\"nofollow noopener\" target=\"_blank\">Makwan Amirkhani vastaa nyt itse Mira Luodin syyt\u00f6ksiin<\/a><\/p>\n<p>\u2013 Minusta on kerrottu julkisuudessa vakavia v\u00e4itteit\u00e4, jotka eiv\u00e4t pid\u00e4 paikkaansa. Olen jo aiemmin pahoitellut negatiivista k\u00e4ytt\u00e4ytymist\u00e4ni vuosien takaisen TV-ohjelman kuvauksissa, mutta kiist\u00e4n ehdottomasti syyllistyneeni mink\u00e4\u00e4nlaisiin lainvastaisiin tekoihin, kirjoittaa Makwan julkaisussaan.<\/p>\n<p>L\u00e4hde: <a href=\"https:\/\/www.seiska.fi\/kotimaa\/aki-ja-rita-manninen-paljastavat-mira-luoti-joutui-pakenemaan-leirista\/1907211\" target=\"_blank\" rel=\"noreferrer noopener nofollow\">Seiska<\/a><\/p>\n<p>Lue my\u00f6s: <a href=\"https:\/\/www.como.fi\/tilaa-comon-uutiskirje\/\" title=\"Tilaa Comon uutiskirje ja tied\u00e4t mist\u00e4 kahvitauolla puhutaan! Nappaa kotimaan tv-vinkit ja puheenaiheet suoraan s\u00e4hk\u00f6postiin t\u00e4st\u00e4.\" class=\"underline-custom !font-montserrat !font-bold !underline-offset-4 !decoration-4 !decoration-red-600 !text-md\" rel=\"nofollow noopener\" target=\"_blank\">Tilaa Comon uutiskirje ja tied\u00e4t mist\u00e4 kahvitauolla puhutaan! Nappaa kotimaan tv-vinkit ja puheenaiheet suoraan s\u00e4hk\u00f6postiin t\u00e4st\u00e4.<\/a><\/p>\n","protected":false},"excerpt":{"rendered":"Siit\u00e4 on jo aikaa, kun vuoden 2016 Julkkisselviytyj\u00e4t-ohjelmaa kuvattiin. Mutta tuo ajankohta on aiheuttanut kohun vasta nyt. Se&hellip;\n","protected":false},"author":2,"featured_media":15201,"comment_status":"","ping_status":"","sticky":false,"template":"","format":"standard","meta":{"footnotes":""},"categories":[130],"tags":[5974,137,33,31,30,5975,32,109],"class_list":{"0":"post-15200","1":"post","2":"type-post","3":"status-publish","4":"format-standard","5":"has-post-thumbnail","7":"category-viihde","8":"tag-aki-manninen","9":"tag-entertainment","10":"tag-fi","11":"tag-finland","12":"tag-finnish","13":"tag-rita-manninen","14":"tag-suomi","15":"tag-viihde"},"share_on_mastodon":{"url":"","error":""},"_links":{"self":[{"href":"https:\/\/www.europesays.com\/fi\/wp-json\/wp\/v2\/posts\/15200","targetHints":{"allow":["GET"]}}],"collection":[{"href":"https:\/\/www.europesays.com\/fi\/wp-json\/wp\/v2\/posts"}],"about":[{"href":"https:\/\/www.europesays.com\/fi\/wp-json\/wp\/v2\/types\/post"}],"author":[{"embeddable":true,"href":"https:\/\/www.europesays.com\/fi\/wp-json\/wp\/v2\/users\/2"}],"replies":[{"embeddable":true,"href":"https:\/\/www.europesays.com\/fi\/wp-json\/wp\/v2\/comments?post=15200"}],"version-history":[{"count":0,"href":"https:\/\/www.europesays.com\/fi\/wp-json\/wp\/v2\/posts\/15200\/revisions"}],"wp:featuredmedia":[{"embeddable":true,"href":"https:\/\/www.europesays.com\/fi\/wp-json\/wp\/v2\/media\/15201"}],"wp:attachment":[{"href":"https:\/\/www.europesays.com\/fi\/wp-json\/wp\/v2\/media?parent=15200"}],"wp:term":[{"taxonomy":"category","embeddable":true,"href":"https:\/\/www.europesays.com\/fi\/wp-json\/wp\/v2\/categories?post=15200"},{"taxonomy":"post_tag","embeddable":true,"href":"https:\/\/www.europesays.com\/fi\/wp-json\/wp\/v2\/tags?post=15200"}],"curies":[{"name":"wp","href":"https:\/\/api.w.org\/{rel}","templated":true}]}}