{"id":15206,"date":"2025-08-24T20:05:08","date_gmt":"2025-08-24T20:05:08","guid":{"rendered":"https:\/\/www.europesays.com\/fi\/15206\/"},"modified":"2025-08-24T20:05:08","modified_gmt":"2025-08-24T20:05:08","slug":"vietnam-evakuoi-yli-puoli-miljoonaa-ihmista-hirmumyrskyn-tielta-uutisia-lyhyesti","status":"publish","type":"post","link":"https:\/\/www.europesays.com\/fi\/15206\/","title":{"rendered":"Vietnam evakuoi yli puoli miljoonaa ihmist\u00e4 hirmumyrskyn tielt\u00e4 | Uutisia lyhyesti"},"content":{"rendered":"<p class=\"sc-jYczwO sc-dNFkOE bUKqJd eiHPxO yle__article__paragraph\">Kiinan etel\u00e4osissa viranomaiset varautuvat pahimman varalle.<\/p>\n<p class=\"sc-jYczwO sc-ciCoXh bUKqJd cIOueB yle__article__paragraph\">Vietnam on evakuoinut 586 000 ihmist\u00e4 l\u00e4hestyv\u00e4n taifuuni Kajikin tielt\u00e4. Taifuunin keskuksen ennustetaan rantautuvan Vietnamiin huomisaamuna.<\/p>\n<p class=\"sc-jYczwO sc-ciCoXh bUKqJd cIOueB yle__article__paragraph\">Taifuuni on nyt 2. luokan taifuuni 5-portaisella asteikolla. Sen tuulennopeus on enimmill\u00e4\u00e4n 46 metri\u00e4 sekunnissa. Tuulen ennustetaan viel\u00e4 kiihtyv\u00e4n myrskyn keskuksen ollessa merell\u00e4. Tuuli heikkenee hieman rantautumisen j\u00e4lkeen.<\/p>\n<p class=\"sc-jYczwO sc-ciCoXh bUKqJd cIOueB yle__article__paragraph\">Myrsky on parhaillaan Etel\u00e4-Kiinan merell\u00e4 Kiinalle kuuluvan Hainanin saaren edustalla. Pelastusviranomaiset ovat korkeimmassa h\u00e4lytysvalmiudessa Kiinan etel\u00e4isimmiss\u00e4 provinsseissa, vaikka myrskyn keskus ei sinne osukaan.<\/p>\n<p class=\"sc-jYczwO sc-ciCoXh bUKqJd cIOueB yle__article__paragraph\">Hainanin etel\u00e4kolkassa sijaitsevassa Sanyan kaupungissa pelastusviranomaisia on k\u00e4sketty varautumaan pahimman vaihtoehdon varalle. Saarelle ennustetaan kahden p\u00e4iv\u00e4n sadem\u00e4\u00e4r\u00e4ksi 320 milli\u00e4.<\/p>\n<p class=\"sc-jYczwO sc-ciCoXh bUKqJd cIOueB yle__article__paragraph\">L\u00e4hde: Reuters<\/p>\n","protected":false},"excerpt":{"rendered":"Kiinan etel\u00e4osissa viranomaiset varautuvat pahimman varalle. Vietnam on evakuoinut 586 000 ihmist\u00e4 l\u00e4hestyv\u00e4n taifuuni Kajikin tielt\u00e4. Taifuunin keskuksen&hellip;\n","protected":false},"author":2,"featured_media":74,"comment_status":"","ping_status":"","sticky":false,"template":"","format":"standard","meta":{"footnotes":""},"categories":[14],"tags":[22,23,2264,26,27,33,31,30,5976,17,3491,510,24,25,28,29,15,18,21,710,32,19,20,56,16,5357,59,60,61],"class_list":{"0":"post-15206","1":"post","2":"type-post","3":"status-publish","4":"format-standard","5":"has-post-thumbnail","7":"category-ulkomaat","8":"tag-breaking-news","9":"tag-breakingnews","10":"tag-evakuointi","11":"tag-featured-news","12":"tag-featurednews","13":"tag-fi","14":"tag-finland","15":"tag-finnish","16":"tag-hainan","17":"tag-headlines","18":"tag-hirmumyrskyt","19":"tag-kiina","20":"tag-latest-news","21":"tag-latestnews","22":"tag-main-news","23":"tag-mainnews","24":"tag-news","25":"tag-otsikot","26":"tag-paauutiset","27":"tag-saa","28":"tag-suomi","29":"tag-top-stories","30":"tag-topstories","31":"tag-ulkomaat","32":"tag-uutiset","33":"tag-vietnam","34":"tag-world","35":"tag-world-news","36":"tag-worldnews"},"share_on_mastodon":{"url":"","error":""},"_links":{"self":[{"href":"https:\/\/www.europesays.com\/fi\/wp-json\/wp\/v2\/posts\/15206","targetHints":{"allow":["GET"]}}],"collection":[{"href":"https:\/\/www.europesays.com\/fi\/wp-json\/wp\/v2\/posts"}],"about":[{"href":"https:\/\/www.europesays.com\/fi\/wp-json\/wp\/v2\/types\/post"}],"author":[{"embeddable":true,"href":"https:\/\/www.europesays.com\/fi\/wp-json\/wp\/v2\/users\/2"}],"replies":[{"embeddable":true,"href":"https:\/\/www.europesays.com\/fi\/wp-json\/wp\/v2\/comments?post=15206"}],"version-history":[{"count":0,"href":"https:\/\/www.europesays.com\/fi\/wp-json\/wp\/v2\/posts\/15206\/revisions"}],"wp:featuredmedia":[{"embeddable":true,"href":"https:\/\/www.europesays.com\/fi\/wp-json\/wp\/v2\/media\/74"}],"wp:attachment":[{"href":"https:\/\/www.europesays.com\/fi\/wp-json\/wp\/v2\/media?parent=15206"}],"wp:term":[{"taxonomy":"category","embeddable":true,"href":"https:\/\/www.europesays.com\/fi\/wp-json\/wp\/v2\/categories?post=15206"},{"taxonomy":"post_tag","embeddable":true,"href":"https:\/\/www.europesays.com\/fi\/wp-json\/wp\/v2\/tags?post=15206"}],"curies":[{"name":"wp","href":"https:\/\/api.w.org\/{rel}","templated":true}]}}