{"id":15221,"date":"2025-08-24T20:27:07","date_gmt":"2025-08-24T20:27:07","guid":{"rendered":"https:\/\/www.europesays.com\/fi\/15221\/"},"modified":"2025-08-24T20:27:07","modified_gmt":"2025-08-24T20:27:07","slug":"hittia-hitin-peraan-apulanta-ja-sinfonia-lahti-tykittivat-tampereella-yhteiskonsertin-joka-ei-jattanyt-kylmaksi-paijat-hame","status":"publish","type":"post","link":"https:\/\/www.europesays.com\/fi\/15221\/","title":{"rendered":"Hitti\u00e4 hitin per\u00e4\u00e4n \u2013\u2009Apulanta ja Sinfonia Lahti tykittiv\u00e4t Tampereella yhteiskonsertin, joka ei j\u00e4tt\u00e4nyt kylm\u00e4ksi | P\u00e4ij\u00e4t-H\u00e4me"},"content":{"rendered":"<p>Orkesterisovitukset Apulannan biiseist\u00e4 raikasivat lauantaina Ratinan stadionilla.<\/p>\n<p>Jos Helsingiss\u00e4 Ultra Bran keikalla teemana on keltainen, Tampereella musta on monen keikkak\u00e4vij\u00e4n ehdoton valinta. Lauantai-iltana keskustassa kulkevalla ihmismassalla on suuntana Ratinan stadion, jonka lavalle nousee yhteiskeikallaan punkrock-b\u00e4ndi Apulanta ja Sinfonia Lahti.<\/p>\n","protected":false},"excerpt":{"rendered":"Orkesterisovitukset Apulannan biiseist\u00e4 raikasivat lauantaina Ratinan stadionilla. Jos Helsingiss\u00e4 Ultra Bran keikalla teemana on keltainen, Tampereella musta on&hellip;\n","protected":false},"author":2,"featured_media":15222,"comment_status":"","ping_status":"","sticky":false,"template":"","format":"standard","meta":{"footnotes":""},"categories":[130],"tags":[5978,137,33,31,30,3525,108,47,141,5979,32,551,109],"class_list":{"0":"post-15221","1":"post","2":"type-post","3":"status-publish","4":"format-standard","5":"has-post-thumbnail","7":"category-viihde","8":"tag-apulanta","9":"tag-entertainment","10":"tag-fi","11":"tag-finland","12":"tag-finnish","13":"tag-konsertit","14":"tag-kulttuuri","15":"tag-musiikki","16":"tag-muusikot-bandit","17":"tag-sinfonia-lahti","18":"tag-suomi","19":"tag-tampere","20":"tag-viihde"},"share_on_mastodon":{"url":"","error":""},"_links":{"self":[{"href":"https:\/\/www.europesays.com\/fi\/wp-json\/wp\/v2\/posts\/15221","targetHints":{"allow":["GET"]}}],"collection":[{"href":"https:\/\/www.europesays.com\/fi\/wp-json\/wp\/v2\/posts"}],"about":[{"href":"https:\/\/www.europesays.com\/fi\/wp-json\/wp\/v2\/types\/post"}],"author":[{"embeddable":true,"href":"https:\/\/www.europesays.com\/fi\/wp-json\/wp\/v2\/users\/2"}],"replies":[{"embeddable":true,"href":"https:\/\/www.europesays.com\/fi\/wp-json\/wp\/v2\/comments?post=15221"}],"version-history":[{"count":0,"href":"https:\/\/www.europesays.com\/fi\/wp-json\/wp\/v2\/posts\/15221\/revisions"}],"wp:featuredmedia":[{"embeddable":true,"href":"https:\/\/www.europesays.com\/fi\/wp-json\/wp\/v2\/media\/15222"}],"wp:attachment":[{"href":"https:\/\/www.europesays.com\/fi\/wp-json\/wp\/v2\/media?parent=15221"}],"wp:term":[{"taxonomy":"category","embeddable":true,"href":"https:\/\/www.europesays.com\/fi\/wp-json\/wp\/v2\/categories?post=15221"},{"taxonomy":"post_tag","embeddable":true,"href":"https:\/\/www.europesays.com\/fi\/wp-json\/wp\/v2\/tags?post=15221"}],"curies":[{"name":"wp","href":"https:\/\/api.w.org\/{rel}","templated":true}]}}