{"id":1524,"date":"2025-08-11T14:19:08","date_gmt":"2025-08-11T14:19:08","guid":{"rendered":"https:\/\/www.europesays.com\/fi\/1524\/"},"modified":"2025-08-11T14:19:08","modified_gmt":"2025-08-11T14:19:08","slug":"viiden-jalkeen-ohjelma-palaa-ruutuun-kesatauolta","status":"publish","type":"post","link":"https:\/\/www.europesays.com\/fi\/1524\/","title":{"rendered":"Viiden j\u00e4lkeen -ohjelma palaa ruutuun kes\u00e4tauolta!"},"content":{"rendered":"<p><strong class=\"typography-bold\">Viiden j\u00e4lkeen -ohjelma palaa kes\u00e4tauon j\u00e4lkeen ruutuun t\u00e4n\u00e4\u00e4n maanantaina. Ohjelma tarjoaa jatkossakin p\u00e4iv\u00e4n polttavimmat puheenaiheet jokaisena arkip\u00e4iv\u00e4n\u00e4 parhaaseen katseluaikaan.\u00a0<\/strong><\/p>\n<p>Suomen ainoa niin sanottu kotiintulo-ohjelma Viiden j\u00e4lkeen palaa ruutuun maanantaina 11. elokuuta. Ohjelman ilmett\u00e4 on uudistettu ja studiotekniikassa k\u00e4ytet\u00e4\u00e4n nyt my\u00f6s lis\u00e4tty\u00e4 todellisuutta.<\/p>\n<p>Onko lintuja jo liikaa, kun ihmisi\u00e4 t\u00e4ytyy laittaa hanhien tielt\u00e4 aitaukseen? Ent\u00e4 miten keski-ik\u00e4 muuttaa ihmisen kehoa ja mielt\u00e4? N\u00e4ihin kysymyksiin haetaan vastauksia kauden ensimm\u00e4isess\u00e4 jaksossa.\u00a0<\/p>\n<p>Maanantaina p\u00e4\u00e4st\u00e4\u00e4n kurkistamaan my\u00f6s hulppeaan Hakoisten kartanoon. My\u00f6hemmin t\u00e4ll\u00e4 viikolla ohjelmassa vierailee muun muassa kovassa nosteessa oleva iskelm\u00e4yhtye Komiat.<\/p>\n<p>Syksyll\u00e4 on luvassa j\u00e4lleen mielenkiintoisia erikoishaastatteluita, kun nojatuoleihin istahtaa esimerkiksi Kuumaa-yhtye. Lis\u00e4ksi erikoishaastatteluissa n\u00e4hd\u00e4\u00e4n ainakin <strong class=\"typography-bold\">Mika Myllyl\u00e4n<\/strong> j\u00e4lkipolvea sek\u00e4 <strong class=\"typography-bold\">Juice Leskisen<\/strong> leski <strong class=\"typography-bold\">Sari Leskinen<\/strong>.<\/p>\n<p>Viiden j\u00e4lkeen pureutuu p\u00e4iv\u00e4n ilmi\u00f6ihin, selvitt\u00e4\u00e4 taustoja ja tapaa mielenkiintoisia ihmisi\u00e4 uutisten takana. Ohjelma on katsottavissa kello 16.58 alkaen MTV3:lla sek\u00e4 MTV Katsomossa.<\/p>\n<p>Lue my\u00f6s: <a class=\"underline\" data-testid=\"internal-link\" role=\"link\" data-sentry-element=\"Link\" data-sentry-component=\"InternalLink\" data-sentry-source-file=\"InternalLink.tsx\" href=\"https:\/\/www.mtvuutiset.fi\/artikkeli\/juontaja-keskeytettiin-suorassa-lahetyksessa-kutsukaa-vartija\/9174658\" rel=\"nofollow noopener\" target=\"_blank\">Juontaja keskeytettiin l\u00e4hetyksess\u00e4: &#8221;Kutsukaa vartija&#8221;<\/a><\/p>\n","protected":false},"excerpt":{"rendered":"Viiden j\u00e4lkeen -ohjelma palaa kes\u00e4tauon j\u00e4lkeen ruutuun t\u00e4n\u00e4\u00e4n maanantaina. Ohjelma tarjoaa jatkossakin p\u00e4iv\u00e4n polttavimmat puheenaiheet jokaisena arkip\u00e4iv\u00e4n\u00e4 parhaaseen&hellip;\n","protected":false},"author":2,"featured_media":1525,"comment_status":"","ping_status":"","sticky":false,"template":"","format":"standard","meta":{"footnotes":""},"categories":[133],"tags":[137,33,31,30,32,206,156,109],"class_list":{"0":"post-1524","1":"post","2":"type-post","3":"status-publish","4":"format-standard","5":"has-post-thumbnail","7":"category-televisiot","8":"tag-entertainment","9":"tag-fi","10":"tag-finland","11":"tag-finnish","12":"tag-suomi","13":"tag-televisiot","14":"tag-tv","15":"tag-viihde"},"share_on_mastodon":{"url":"","error":""},"_links":{"self":[{"href":"https:\/\/www.europesays.com\/fi\/wp-json\/wp\/v2\/posts\/1524","targetHints":{"allow":["GET"]}}],"collection":[{"href":"https:\/\/www.europesays.com\/fi\/wp-json\/wp\/v2\/posts"}],"about":[{"href":"https:\/\/www.europesays.com\/fi\/wp-json\/wp\/v2\/types\/post"}],"author":[{"embeddable":true,"href":"https:\/\/www.europesays.com\/fi\/wp-json\/wp\/v2\/users\/2"}],"replies":[{"embeddable":true,"href":"https:\/\/www.europesays.com\/fi\/wp-json\/wp\/v2\/comments?post=1524"}],"version-history":[{"count":0,"href":"https:\/\/www.europesays.com\/fi\/wp-json\/wp\/v2\/posts\/1524\/revisions"}],"wp:featuredmedia":[{"embeddable":true,"href":"https:\/\/www.europesays.com\/fi\/wp-json\/wp\/v2\/media\/1525"}],"wp:attachment":[{"href":"https:\/\/www.europesays.com\/fi\/wp-json\/wp\/v2\/media?parent=1524"}],"wp:term":[{"taxonomy":"category","embeddable":true,"href":"https:\/\/www.europesays.com\/fi\/wp-json\/wp\/v2\/categories?post=1524"},{"taxonomy":"post_tag","embeddable":true,"href":"https:\/\/www.europesays.com\/fi\/wp-json\/wp\/v2\/tags?post=1524"}],"curies":[{"name":"wp","href":"https:\/\/api.w.org\/{rel}","templated":true}]}}