{"id":15243,"date":"2025-08-24T20:58:08","date_gmt":"2025-08-24T20:58:08","guid":{"rendered":"https:\/\/www.europesays.com\/fi\/15243\/"},"modified":"2025-08-24T20:58:08","modified_gmt":"2025-08-24T20:58:08","slug":"taksikuskien-kauhu-joutuu-vankilaan","status":"publish","type":"post","link":"https:\/\/www.europesays.com\/fi\/15243\/","title":{"rendered":"Taksikuskien kauhu joutuu vankilaan"},"content":{"rendered":"<p>19-vuotias mies ry\u00f6sti kaksi taksia Keski-Suomessa.<\/p>\n<p><img decoding=\"async\" class=\"image image-show image-preview\" src=\"https:\/\/www.europesays.com\/fi\/wp-content\/uploads\/2025\/08\/8932b15b5dbd374fae74a99852822b0344bd7dcbc1ca0177ab442d579a1e12ee.jpg\" alt=\"\"\/><img decoding=\"async\" class=\"image image-show\" src=\"https:\/\/www.europesays.com\/fi\/wp-content\/uploads\/2025\/08\/1756069088_928_8932b15b5dbd374fae74a99852822b0344bd7dcbc1ca0177ab442d579a1e12ee.jpg\" alt=\"\"\/><\/p>\n<p>Mies ry\u00f6sti taksin kahdesti k\u00e4tt\u00e4 pidemp\u00e4\u00e4 k\u00e4ytt\u00e4en. Kuvituskuva. Kaisa Vehkalahti<\/p>\n<ul>\n<li>Nuori mies ry\u00f6steli.<\/li>\n<li>Taksikuskit k\u00e4rsiv\u00e4t.<\/li>\n<li>Nyt kutsuu vankila.<\/li>\n<\/ul>\n<p class=\"paragraph\">Taksikuskit joutuivat kokemaan kauhunhetki\u00e4 Jyv\u00e4skyl\u00e4n seudulla alkuvuodesta. Syyn\u00e4 oli 19-vuotias mies, joka kyytien p\u00e4\u00e4tteeksi ry\u00f6sti taksikuskit.<\/p>\n<p class=\"paragraph\">Ensimm\u00e4inen teko tapahtui tammikuussa. Nuorukainen oli kaverinsa kanssa sekaisin Yij\u00e4l\u00e4ss\u00e4 J\u00e4ms\u00e4n koillispuolella. Heid\u00e4n autonsa oli ajettu penkkaan.<\/p>\n<p class=\"paragraph\">L\u00e4hemm\u00e4s 50-vuotias kuljettaja otti miehet kyytiins\u00e4 ja ajoi J\u00e4ms\u00e4\u00e4n. 19-vuotias oli pelk\u00e4\u00e4j\u00e4n paikalla. Kaupungin keskustassa kyyti pys\u00e4htyi ja miehet alkoivat kiivaasti soitella kaverilleen, jota ei kuitenkaan tavoitettu.<\/p>\n<p class=\"paragraph\">Kuski sanoi, ett\u00e4 h\u00e4nen pit\u00e4isi p\u00e4\u00e4st\u00e4 nukkumaan. Miehet tulivat takaisin taksiin ja kertoivat osoitteen. Sitten 19-vuotias kaivoi esiin pitk\u00e4ter\u00e4isen veitsen ja k\u00e4ski tottelemaan. Perill\u00e4 osoitteessa h\u00e4n vei kuljettajalta Kela-taksipuhelimen sek\u00e4 lompakon, jossa oli 650 euroa taksiyrityksen rahoja. Rahat j\u00e4iv\u00e4t kateisiin.<\/p>\n<p class=\"paragraph\">Kun miehet olivat menneet, kuski ajoi kotiinsa. Vasta l\u00e4heisilleen puhuttuaan h\u00e4n ymm\u00e4rsi tilanteen vakavuuden ja soitti h\u00e4t\u00e4keskukseen. Tapahtuneen j\u00e4lkeen h\u00e4n on k\u00e4rsinyt unettomuudesta.<\/p>\n<p>Univaikeuksia ja painajaisia<\/p>\n<p class=\"paragraph\">Toinenkin tapaus p\u00e4\u00e4tyi J\u00e4ms\u00e4\u00e4n. T\u00e4ll\u00e4 kertaa matkaan l\u00e4hdettiin Jyv\u00e4skyl\u00e4st\u00e4 ja 19-vuotiaalla oli mukanaan kaksi kaveria. H\u00e4n sopi er\u00e4\u00e4n toisen taksikuskin kanssa 40 euron hinnasta kyydille.<\/p>\n<p class=\"paragraph\">Kun alettiin p\u00e4\u00e4st\u00e4 perille, kyytil\u00e4inen sanoi, ett\u00e4 h\u00e4nen siskonsa piti hoitaa maksu. Sisko oli kuitenkin nukahtanut, joten mies kysyi voisiko kyydin saada velaksi. Kun t\u00e4m\u00e4 ei kuljettajalle k\u00e4ynyt, 19-vuotias kaivoi esiin muovikuula-aseen, laittoi sen syliins\u00e4 ja sanoi: \u201dOn t\u00e4ss\u00e4 t\u00e4mm\u00f6inenkin vaihtoehto\u201d.<\/p>\n<p class=\"paragraph\">Kuljettajan silm\u00e4\u00e4n pistooli n\u00e4ytti aidolta ja h\u00e4n pelk\u00e4si henkens\u00e4 puolesta. Kun he p\u00e4\u00e4siv\u00e4t perille, mies vei kuskin puhelimen. H\u00e4n kuitenkin antoi sen takaisin, kun h\u00e4nen kaverinsa olivat saaneet tavaransa takakontista.<\/p>\n<p class=\"paragraph\">Taksikuski kertoi k\u00e4rsineens\u00e4 tapahtuneesta. H\u00e4n on kokenut ahdistuneisuutta, univaikeuksia ja n\u00e4hnyt painajaisia. Lis\u00e4ksi h\u00e4nen on ollut vaikea liikkua julkisilla paikoilla.<\/p>\n<p>L\u00f6i kondukt\u00f6\u00f6ri\u00e4<\/p>\n<p>Mies yritti p\u00e4\u00e4st\u00e4 ilmaiseksi my\u00f6s junalla. TIINA SOMERPURO<\/p>\n<p class=\"paragraph\">Molemmat tapaukset p\u00e4\u00e4tyiv\u00e4t Keski-Suomen k\u00e4r\u00e4j\u00e4oikeuteen, joka katsoi j\u00e4lkimm\u00e4iseen tapauksen olleen ry\u00f6st\u00f6 ja ensin mainitun t\u00f6rke\u00e4 ry\u00f6st\u00f6. Samassa yhteydess\u00e4 mies tuomittiin muistakin rikoksista.<\/p>\n<p class=\"paragraph\">Vuorokausi kuulapyssykyydin j\u00e4lkeen mies yritti j\u00e4lleen p\u00e4\u00e4st\u00e4 ilmaiseen kyytiin \u2013 t\u00e4ll\u00e4 kertaa junalla. H\u00e4n kielt\u00e4ytyi ostamasta lippua, mink\u00e4 vuoksi kondukt\u00f6\u00f6ri m\u00e4\u00e4r\u00e4si h\u00e4net poistumaan junasta.<\/p>\n<p class=\"paragraph\">19-vuotias ei totellut, vaan pakeni junan toiseen p\u00e4\u00e4h\u00e4n ja yritti piiloutua matkalaukkusyvennykseen. Kondukt\u00f6\u00f6ri l\u00f6ysi h\u00e4net ja yritti poistaa junasta ottamalla k\u00e4dest\u00e4 kiinni. T\u00e4ss\u00e4 vaiheessa mies l\u00f6i kondukt\u00f6\u00f6ri\u00e4 p\u00e4\u00e4h\u00e4n.<\/p>\n<p class=\"paragraph\">Kondukt\u00f6\u00f6ri sai h\u00e4net kuitenkin ty\u00f6nnetty\u00e4 junasta. Mies jatkoi uhittelua ja kondukt\u00f6\u00f6ri k\u00e4ytti h\u00e4neen kaasusumutinta. Paikalle tarvittiin poliisit.<\/p>\n<p class=\"paragraph\">Miehen tie vei putkaan. Siell\u00e4 h\u00e4n yritti tukkia lavuaarin ja sill\u00e4 tavoin vahingoittaa itse\u00e4\u00e4n. Vartija puuttui tilanteeseen ja mies l\u00f6i h\u00e4nt\u00e4kin p\u00e4\u00e4h\u00e4n. Miehen taltuttamiseen tarvittiin lopulta kaksi vartijaa ja kaksi poliisia. H\u00e4n vastusteli kovasti, ja vartija loukkasi itse\u00e4\u00e4n samalla.<\/p>\n<p class=\"paragraph\">19-vuotias <strong>Leevi Julius Jalmari Tamminen<\/strong> tuomittiin yhteens\u00e4 yhdeks\u00e4st\u00e4 rikoksesta. Ry\u00f6st\u00f6jen, pahoinpitelyn ja virkamiehen v\u00e4kivaltaisen vastustamisen lis\u00e4ksi h\u00e4nen syykseen luettiin huumerikoksia. Tamminen oli pit\u00e4nyt hallussaan huumeita myyntitarkoituksiin. H\u00e4nen hallustaan l\u00f6ydettiin my\u00f6s toisen vahingoittamiseen soveltuvia esineit\u00e4.<\/p>\n<p class=\"paragraph\">Tamminen tuomittiin kahdeksi vuodeksi ja kymmeneksi kuukaudeksi vankeuteen. H\u00e4n on valittanut tuomiostaan hovioikeuteen. K\u00e4r\u00e4j\u00e4oikeus katsoi, ett\u00e4 Tammisen ei tarvitse suorittaa vankeuttaan v\u00e4litt\u00f6m\u00e4sti, joten h\u00e4n saanee odottaa hovin tuomiota vapaalla jalalla.<\/p>\n<p class=\"paragraph\">Tamminen joutuu lis\u00e4ksi korvaamiin tuhansilla euroilla aiheuttamaansa haittaa ja k\u00e4rsimyst\u00e4.<\/p>\n","protected":false},"excerpt":{"rendered":"19-vuotias mies ry\u00f6sti kaksi taksia Keski-Suomessa. Mies ry\u00f6sti taksin kahdesti k\u00e4tt\u00e4 pidemp\u00e4\u00e4 k\u00e4ytt\u00e4en. Kuvituskuva. Kaisa Vehkalahti Nuori mies&hellip;\n","protected":false},"author":2,"featured_media":15244,"comment_status":"","ping_status":"","sticky":false,"template":"","format":"standard","meta":{"footnotes":""},"categories":[12],"tags":[35,22,23,26,27,33,31,30,17,24,25,121,734,951,28,29,953,15,18,21,38,32,19,20,16],"class_list":{"0":"post-15243","1":"post","2":"type-post","3":"status-publish","4":"format-standard","5":"has-post-thumbnail","7":"category-suomi","8":"tag-24h","9":"tag-breaking-news","10":"tag-breakingnews","11":"tag-featured-news","12":"tag-featurednews","13":"tag-fi","14":"tag-finland","15":"tag-finnish","16":"tag-headlines","17":"tag-latest-news","18":"tag-latestnews","19":"tag-liikenne-ja-kuljetus","20":"tag-maaliikenne","21":"tag-maaliikenne-putkijohtokuljetus","22":"tag-main-news","23":"tag-mainnews","24":"tag-matkustajaliikenne","25":"tag-news","26":"tag-otsikot","27":"tag-paauutiset","28":"tag-rikos","29":"tag-suomi","30":"tag-top-stories","31":"tag-topstories","32":"tag-uutiset"},"share_on_mastodon":{"url":"","error":""},"_links":{"self":[{"href":"https:\/\/www.europesays.com\/fi\/wp-json\/wp\/v2\/posts\/15243","targetHints":{"allow":["GET"]}}],"collection":[{"href":"https:\/\/www.europesays.com\/fi\/wp-json\/wp\/v2\/posts"}],"about":[{"href":"https:\/\/www.europesays.com\/fi\/wp-json\/wp\/v2\/types\/post"}],"author":[{"embeddable":true,"href":"https:\/\/www.europesays.com\/fi\/wp-json\/wp\/v2\/users\/2"}],"replies":[{"embeddable":true,"href":"https:\/\/www.europesays.com\/fi\/wp-json\/wp\/v2\/comments?post=15243"}],"version-history":[{"count":0,"href":"https:\/\/www.europesays.com\/fi\/wp-json\/wp\/v2\/posts\/15243\/revisions"}],"wp:featuredmedia":[{"embeddable":true,"href":"https:\/\/www.europesays.com\/fi\/wp-json\/wp\/v2\/media\/15244"}],"wp:attachment":[{"href":"https:\/\/www.europesays.com\/fi\/wp-json\/wp\/v2\/media?parent=15243"}],"wp:term":[{"taxonomy":"category","embeddable":true,"href":"https:\/\/www.europesays.com\/fi\/wp-json\/wp\/v2\/categories?post=15243"},{"taxonomy":"post_tag","embeddable":true,"href":"https:\/\/www.europesays.com\/fi\/wp-json\/wp\/v2\/tags?post=15243"}],"curies":[{"name":"wp","href":"https:\/\/api.w.org\/{rel}","templated":true}]}}