{"id":15245,"date":"2025-08-24T20:59:08","date_gmt":"2025-08-24T20:59:08","guid":{"rendered":"https:\/\/www.europesays.com\/fi\/15245\/"},"modified":"2025-08-24T20:59:08","modified_gmt":"2025-08-24T20:59:08","slug":"epailyttavasti-kayttaytynyt-venajaan-kytkeytyva-alus-on-matkalla-suomeen","status":"publish","type":"post","link":"https:\/\/www.europesays.com\/fi\/15245\/","title":{"rendered":"Ep\u00e4ilytt\u00e4v\u00e4sti k\u00e4ytt\u00e4ytynyt Ven\u00e4j\u00e4\u00e4n kytkeytyv\u00e4 alus on matkalla Suomeen"},"content":{"rendered":"<p>Ven\u00e4j\u00e4n vakoiludroonien tukialukseksi ep\u00e4ilty rahtilaiva HAV Dolphin on matkalla Vaasaan Belgian Antwerpenist\u00e4.<\/p>\n<p><img decoding=\"async\" class=\"image image-show image-preview\" src=\"https:\/\/www.europesays.com\/fi\/wp-content\/uploads\/2025\/08\/108aabe9d9d4599e0d9eb7c29aa8c565bd75aa476a3c1950b7bee18d4809243c.png\" alt=\"\"\/><img decoding=\"async\" class=\"image image-show\" src=\"https:\/\/www.europesays.com\/fi\/wp-content\/uploads\/2025\/08\/1756069148_830_108aabe9d9d4599e0d9eb7c29aa8c565bd75aa476a3c1950b7bee18d4809243c.png\" alt=\"\"\/><\/p>\n<p>Laivan suunniteltu reitti Marinetraffic-siviustolla. Kuvakaappaus \/ Marinetraffic<\/p>\n<p class=\"paragraph\">Ven\u00e4j\u00e4n vakoiludroonien tukialukseksi ep\u00e4ilty laiva<strong> <\/strong>HAV Dolphin on matkalla Vaasaan, kertoo <a href=\"https:\/\/www.marinetraffic.com\/en\/ais\/details\/ships\/shipid:317405\/mmsi:304473000\/imo:9073854\/vessel:HAV_DOLPHIN\" target=\"_blank\" rel=\"noopener nofollow\">Marinetraffic-sivusto<\/a>. Alus on t\u00e4ll\u00e4 hetkell\u00e4 It\u00e4merell\u00e4 ja sen on m\u00e4\u00e4r\u00e4 saapua Vaasaan keskiviikkona. HAV Dolphin on tulossa Belgian Antwerpenist\u00e4.<\/p>\n<p class=\"paragraph\">Yleisrahtialus purjehtii Antiguan ja Barbudan, Karibialla sijaitsevan saarivaltion, lipun alla, mutta sen miehist\u00f6 on kokonaan ven\u00e4l\u00e4inen. Alusta on aiemmin ep\u00e4ilty kytk\u00f6ksist\u00e4 droonilentoihin Luoteis-Saksan sotilastukikohtien yll\u00e4, kertoo esimerkiksi riippumaton ven\u00e4l\u00e4inen verkkomedia <a href=\"https:\/\/meduza.io\/en\/feature\/2025\/06\/17\/an-invisible-maritime-menace\" target=\"_blank\" rel=\"noopener nofollow\">Meduza<\/a>.<\/p>\n<p>Ep\u00e4ilytt\u00e4v\u00e4 k\u00e4yt\u00f6s It\u00e4merell\u00e4<\/p>\n<p class=\"paragraph\">Toukokuun alussa HAV Dolphin oli ankkurissa Kielinlahdella yli kahdeksan p\u00e4iv\u00e4\u00e4 l\u00e4hell\u00e4 Saksan merivoimien tukikohtaa. Ankkuripaikka oli ep\u00e4tavallinen.<\/p>\n<p class=\"paragraph\">Aluksen tulkittiin k\u00e4ytt\u00e4ytyv\u00e4n ep\u00e4ilytt\u00e4v\u00e4sti. Samaan aikaan Saksan 1. sukellusvenelaivueen tukikohdassa Eckernf\u00f6rdess\u00e4 tehtiin useita droonihavaintoja. Saksan viranomaiset tarkistivat aluksen, mutta drooneja ei l\u00f6ytynyt. Ep\u00e4iltiin kuitenkin, ett\u00e4 mahdollinen kalusto oli ehditty ottaa k\u00e4ytt\u00f6\u00f6n tai poistaa ennen tarkastuksia.<\/p>\n<p class=\"paragraph\">My\u00f6hemmin Saksan viranomaiset pyysiv\u00e4t Alankomaiden merivartiostoa seuraamaan alusta. 15. toukokuuta Alankomaiden viranomaiset pys\u00e4yttiv\u00e4t HAV Dolphin -aluksen Volkerakin sulkujen luona Pohjois-Brabantissa, mutta t\u00e4ll\u00f6ink\u00e4\u00e4n drooneja ei l\u00f6ytynyt.<\/p>\n<p>Poikkeavaa toimintaa<\/p>\n<p class=\"paragraph\">Kieliin laiva saapui Ven\u00e4j\u00e4n Kaliningradista. <a href=\"https:\/\/www.vesseltracker.com\/en\/Ships\/Hav-Dolphin-9073854.html#:~:text=The%20&#039;&#039;HAV%20Dolphin&#039;%20has%20spent%20a%20month,base%2C%20and%20temporarily%20disabled%20the%20mandatory%20AIS\" target=\"_blank\" rel=\"noopener nofollow\">Vesseltracker-sivusto<\/a> kuvaa HAV Dolphin k\u00e4ytt\u00e4ytyneen ep\u00e4tyypillisesti. Alus vietti kuukauden Kaliningradin satamassa ja poisti v\u00e4liaikaisesti k\u00e4yt\u00f6st\u00e4 AIS-j\u00e4rjestelm\u00e4n, joka on pakollinen alusten seurantaj\u00e4rjestelm\u00e4.<\/p>\n","protected":false},"excerpt":{"rendered":"Ven\u00e4j\u00e4n vakoiludroonien tukialukseksi ep\u00e4ilty rahtilaiva HAV Dolphin on matkalla Vaasaan Belgian Antwerpenist\u00e4. Laivan suunniteltu reitti Marinetraffic-siviustolla. Kuvakaappaus \/&hellip;\n","protected":false},"author":2,"featured_media":15246,"comment_status":"","ping_status":"","sticky":false,"template":"","format":"standard","meta":{"footnotes":""},"categories":[5],"tags":[35,22,23,26,27,33,31,30,17,2187,24,25,121,28,29,15,18,21,32,19,20,16,2569,2568,2570],"class_list":{"0":"post-15245","1":"post","2":"type-post","3":"status-publish","4":"format-standard","5":"has-post-thumbnail","7":"category-otsikot","8":"tag-24h","9":"tag-breaking-news","10":"tag-breakingnews","11":"tag-featured-news","12":"tag-featurednews","13":"tag-fi","14":"tag-finland","15":"tag-finnish","16":"tag-headlines","17":"tag-kulkuneuvot","18":"tag-latest-news","19":"tag-latestnews","20":"tag-liikenne-ja-kuljetus","21":"tag-main-news","22":"tag-mainnews","23":"tag-news","24":"tag-otsikot","25":"tag-paauutiset","26":"tag-suomi","27":"tag-top-stories","28":"tag-topstories","29":"tag-uutiset","30":"tag-vesikulkuneuvot","31":"tag-vesiliikenne","32":"tag-vesiliikennneonnettomuus"},"share_on_mastodon":{"url":"","error":""},"_links":{"self":[{"href":"https:\/\/www.europesays.com\/fi\/wp-json\/wp\/v2\/posts\/15245","targetHints":{"allow":["GET"]}}],"collection":[{"href":"https:\/\/www.europesays.com\/fi\/wp-json\/wp\/v2\/posts"}],"about":[{"href":"https:\/\/www.europesays.com\/fi\/wp-json\/wp\/v2\/types\/post"}],"author":[{"embeddable":true,"href":"https:\/\/www.europesays.com\/fi\/wp-json\/wp\/v2\/users\/2"}],"replies":[{"embeddable":true,"href":"https:\/\/www.europesays.com\/fi\/wp-json\/wp\/v2\/comments?post=15245"}],"version-history":[{"count":0,"href":"https:\/\/www.europesays.com\/fi\/wp-json\/wp\/v2\/posts\/15245\/revisions"}],"wp:featuredmedia":[{"embeddable":true,"href":"https:\/\/www.europesays.com\/fi\/wp-json\/wp\/v2\/media\/15246"}],"wp:attachment":[{"href":"https:\/\/www.europesays.com\/fi\/wp-json\/wp\/v2\/media?parent=15245"}],"wp:term":[{"taxonomy":"category","embeddable":true,"href":"https:\/\/www.europesays.com\/fi\/wp-json\/wp\/v2\/categories?post=15245"},{"taxonomy":"post_tag","embeddable":true,"href":"https:\/\/www.europesays.com\/fi\/wp-json\/wp\/v2\/tags?post=15245"}],"curies":[{"name":"wp","href":"https:\/\/api.w.org\/{rel}","templated":true}]}}