{"id":15247,"date":"2025-08-24T21:11:12","date_gmt":"2025-08-24T21:11:12","guid":{"rendered":"https:\/\/www.europesays.com\/fi\/15247\/"},"modified":"2025-08-24T21:11:12","modified_gmt":"2025-08-24T21:11:12","slug":"tassa-ovat-ikimuistoisimmat-suomalaiset-tv-koirat","status":"publish","type":"post","link":"https:\/\/www.europesays.com\/fi\/15247\/","title":{"rendered":"T\u00e4ss\u00e4 ovat ikimuistoisimmat suomalaiset tv-koirat"},"content":{"rendered":"<p>            Timo Korhonen\n        <\/p>\n<p class=\"subtitle \">Katsojia ovat ihastuttaneet muun muassa chihuahua, susikoira ja keskikokoinen videonoutaja.<\/p>\n<p class=\"article-content article-content-width !bg-background\">Lassie, poliisikoira Rex ja Rin-Tin-Tin ovat vain muutamia esimerkkej\u00e4 kansainv\u00e4lisesti tunnetuista tv-koirista, mutta l\u00f6ytyy julkkiskoiria Suomestakin. Katso esittelee kymmenen tunnettua hurttaa kotimaisista elokuvista ja sarjoista.<\/p>\n<p>Susikoira Roi\u00a0<\/p>\n<p>                <img decoding=\"async\" src=\"https:\/\/www.europesays.com\/fi\/wp-content\/uploads\/2025\/08\/1905031.webp\" width=\"576\" height=\"274\" alt=\"Ensimm\u00e4ist\u00e4 Susikoira Roita n\u00e4ytteli poliisikoira Jami. Vieress\u00e4 Paavo Westerbergin n\u00e4yttelem\u00e4 Tomi.\" loading=\"lazy\" \/>            <\/p>\n<p>\n            Ensimm\u00e4ist\u00e4 Susikoira Roita n\u00e4ytteli poliisikoira Jami. Vieress\u00e4 Paavo Westerbergin n\u00e4yttelem\u00e4 Tomi.<br \/>\n            Yle\n        <\/p>\n<p class=\"article-content article-content-width !bg-background\">Susikoira Roi on alun perin kirjailija  kirjoittama nuortenkirjasarja, jossa seurataan nuoren Tomi-pojan ja t\u00e4m\u00e4n pelastaman saksanpaimenkoira Roin seikkailuja.\u00a0<\/p>\n<p>        <a itemprop=\"url\" href=\"https:\/\/www.seiska.fi\/katso\/koira-pelasti-hollywood-tahden-hengen\/1886662\" rel=\"nofollow noopener\" target=\"_blank\"><\/p>\n<p>\nHollywood-legenda\n<\/p>\n<p class=\"section-date\">\n        <strong class=\"article-section\" data-section=\"katso\"><br \/>\n            katso<br \/>\n        <\/strong><br \/>\n        1.8. 16:15\n    <\/p>\n<p>    Koira pelasti Hollywood-t\u00e4hden hengen<\/p>\n<p itemprop=\"description\" class=\"subtitle \">\n    Kun n\u00e4yttelij\u00e4n rakastajatar tuli raskaaksi, pari teki yll\u00e4tt\u00e4v\u00e4n ratkaisun.\n<\/p>\n<p>        <\/a><\/p>\n<p class=\"article-content article-content-width !bg-background\">Kirjasarjan ensimm\u00e4inen teos, Susikoira Roi, julkaistiin vuonna 1976 ja viimeinen, Susikoira Roi ja karkulainen, vuonna 2002.<\/p>\n<p class=\"article-content article-content-width !bg-background\">1980-luvulla Yleisradio teki kirjasarjan kahdesta ensimm\u00e4isest\u00e4 osasta, Susikoira Roista ja Susikoira Roi \u2013 seikkailu saaristossa, televisiosarjat. Roin roolissa n\u00e4htiin poliisikoira .<\/p>\n<p>                <img decoding=\"async\" src=\"https:\/\/www.europesays.com\/fi\/wp-content\/uploads\/2025\/08\/1905050.webp\" width=\"576\" height=\"274\" alt=\"Susikoira Roin uusin n\u00e4yttelij\u00e4 Tipi Susikoira Roin ensi-illassa joulukuussa 2022.\" loading=\"lazy\" \/>            <\/p>\n<p>\n            Susikoira Roin uusin n\u00e4yttelij\u00e4 Tipi Susikoira Roin ensi-illassa joulukuussa 2022.<br \/>\n            Timo Korhonen\n        <\/p>\n<p class=\"article-content article-content-width !bg-background\">Roi n\u00e4htiin ensimm\u00e4ist\u00e4 kertaa valkokankaalla joulukuussa 2022, kun seikkailuelokuva Susikoira Roi julkaistiin. Tuolloin Roita n\u00e4ytteli .<\/p>\n<p>\u00a0\u00c4ij\u00e4-koira (Er\u00e4nk\u00e4vij\u00e4t, Yle Areena)<\/p>\n<p>                <img decoding=\"async\" src=\"https:\/\/www.europesays.com\/fi\/wp-content\/uploads\/2025\/08\/1905052.webp\" width=\"576\" height=\"274\" alt=\"Aki Huhtanen ja \u00c4ij\u00e4.\" loading=\"lazy\" \/>            <\/p>\n<p>\n            Aki Huhtanen ja \u00c4ij\u00e4.<br \/>\n            Yle, NTRNZ media Oy\n        <\/p>\n<p class=\"article-content article-content-width !bg-background\">Yksi Er\u00e4nk\u00e4vij\u00e4t-sarjan keskeisimmist\u00e4 henkil\u00f6ist\u00e4 on lapinkoira , jonka omistaa  1. elokuuta \u00c4ij\u00e4 juhli 11-vuotissyntym\u00e4p\u00e4ivi\u00e4\u00e4n.<\/p>\n<p class=\"no_italic m-no_italic article-content article-content-width !bg-background\">Er\u00e4nk\u00e4vij\u00e4t: \u00c4ij\u00e4n retket -sarjassa \u00c4ij\u00e4 is\u00e4nn\u00f6i yhdess\u00e4 is\u00e4ns\u00e4 kanssa julkkisvieraita ja heid\u00e4n koiriaan. \u00c4ij\u00e4n ja Akin vieraina ovat k\u00e4yneet muun muassa  ja ,  ja  sek\u00e4  ja .<\/p>\n<p>\u00a0Kenraali Pancho<\/p>\n<p>                <img decoding=\"async\" src=\"https:\/\/www.europesays.com\/fi\/wp-content\/uploads\/2025\/08\/1905067.webp\" width=\"576\" height=\"418\" alt=\"Kenraali Pancho ja h\u00e4nen omistajansa Kari Hietalahti.\" loading=\"lazy\" \/>            <\/p>\n<p>\n            Kenraali Pancho ja h\u00e4nen omistajansa Kari Hietalahti.<br \/>\n            Sanoma\n        <\/p>\n<p class=\"article-content article-content-width !bg-background\">Chihuahua  oli n\u00e4yttelij\u00e4  koira, joka nousi julkisuuteen Kenraali Pancho &amp; Pojat Pohjoiskalotilla -kalastusohjelman my\u00f6t\u00e4. Kari teki ohjelmaa yhdess\u00e4 n\u00e4yttelij\u00e4  kanssa vuosina 2010\u20132011.<\/p>\n<p class=\"article-content article-content-width !bg-background\">Kenraali Pancho menehtyi 17-vuotiaana huhtikuussa 2024.<\/p>\n<p>Sini ja Suvi<\/p>\n<p>                <img decoding=\"async\" src=\"https:\/\/www.europesays.com\/fi\/wp-content\/uploads\/2025\/08\/1905070.webp\" width=\"576\" height=\"274\" alt=\"Pekka Pouta yhdess\u00e4 Sinin kanssa vuonna 2021.\" loading=\"lazy\" \/>            <\/p>\n<p>\n            Pekka Pouta yhdess\u00e4 Sinin kanssa vuonna 2021.<br \/>\n            Atte Kajova\n        <\/p>\n<p class=\"article-content article-content-width !bg-background\">Borderterrierit  ja  ovat MTV3:n meteorologin, , koiria. Sini &#8221;ty\u00f6skenteli&#8221; Maikkarilla yhdeks\u00e4n vuoden ajan, kunnes Sini ja Suvi saivat marraskuussa 2023 potkut. Syyn\u00e4 oli Maikkarin toimituksessa ilmenneet allergiat.<\/p>\n<p class=\"article-content article-content-width !bg-background\">Potkuista tuohduttiin niin paljon, ett\u00e4 koiria vaadittiin adressilla takaisin Huomenta Suomen s\u00e4\u00e4l\u00e4hetyksiin. Sinin ja Suvin arkea voi kuitenkin yh\u00e4 seurata heid\u00e4n yhteisell\u00e4 Instagram-tilill\u00e4\u00e4n.<\/p>\n<p>Ukko<\/p>\n<p class=\"article-content article-content-width !bg-background\">Ukko on kirjailija  koira, joka on rodultaan borderterrieri. Television puolella Ukko vilahti Jarin ja toimittaja  matkailuohjelmassa Tervo &amp; Halme tosisuomalaisuutta etsim\u00e4ss\u00e4 (Yle Areena).<\/p>\n<p class=\"article-content article-content-width !bg-background\">Jari on kirjoittanut yhdess\u00e4 vaimonsa,  kanssa kirjan koirastaan. Ukko julkaistiin vuonna 2022, ja se kertoo uuden perheenj\u00e4senen hankkimisesta samalla, kun Kati toipuu leikkauksesta.<\/p>\n<p>Diiva<\/p>\n<p>                <img decoding=\"async\" src=\"https:\/\/www.europesays.com\/fi\/wp-content\/uploads\/2025\/08\/1905092.webp\" width=\"576\" height=\"485\" alt=\"Riitta V\u00e4is\u00e4nen kuvattuna vuonna 1992 Matamin ja Diivan kanssa.\" loading=\"lazy\" \/>            <\/p>\n<p>\n            Riitta V\u00e4is\u00e4nen kuvattuna vuonna 1992 Matamin ja Diivan kanssa.<br \/>\n            Allerin arkisto\n        <\/p>\n<p class=\"article-content article-content-width !bg-background\"> oli vuoden 1976 Miss Euroopan, , koira, joka n\u00e4htiin\u00a0Kymppitonnissa.\u00a0<\/p>\n<p class=\"article-content article-content-width !bg-background\">Diiva oli mukana er\u00e4\u00e4ss\u00e4 kuvauksissa sattuneessa mokassa, kun kilpailijana ollut poliitikko  liukastui Diiva-koiran kakkaan studion lattialla ja l\u00f6i p\u00e4\u00e4ns\u00e4 kulissirakenteisiin.<\/p>\n<p>        <a itemprop=\"url\" href=\"https:\/\/www.seiska.fi\/katso\/kari-hietalahdella-on-tarkea-viesti-koiranomistajille\/1869200\" rel=\"nofollow noopener\" target=\"_blank\"><\/p>\n<p>\nKari Hietalahti\n<\/p>\n<p class=\"section-date\">\n        <strong class=\"article-section\" data-section=\"katso\"><br \/>\n            katso<br \/>\n        <\/strong><br \/>\n        27.7. 15:15\n    <\/p>\n<p>    Kari Hietalahdella on t\u00e4rke\u00e4 viesti koiranomistajille<\/p>\n<p itemprop=\"description\" class=\"subtitle \">\n    N\u00e4yttelij\u00e4n edesmennyt Pancho-koira seikkaili tv:ss\u00e4. Nyt koirakuume on alkanut nousta.\n<\/p>\n<p>        <\/a><\/p>\n<p class=\"article-content article-content-width !bg-background\">Paikalla oli onneksi l\u00e4\u00e4k\u00e4ri, joka varmisti, ett\u00e4 kaikki oli hyvin. Paavo tokeni kolhuista ja kiipesi yl\u00e4koppiin.<\/p>\n<p>Myrsky<\/p>\n<p>                <img decoding=\"async\" src=\"https:\/\/www.europesays.com\/fi\/wp-content\/uploads\/2025\/08\/1905100.webp\" width=\"576\" height=\"274\" alt=\"Aikuista Myrsky\u00e4 n\u00e4ytteliv\u00e4t Fery ja Murgo. Elokuvan p\u00e4\u00e4osassa n\u00e4htiin Ronja Arvilommi.\" loading=\"lazy\" \/>            <\/p>\n<p>\n            Aikuista Myrsky\u00e4 n\u00e4ytteliv\u00e4t Fery ja Murgo. Elokuvan p\u00e4\u00e4osassa n\u00e4htiin Ronja Arvilommi.<br \/>\n            Walt Disney Studios Motion Pictures\n        <\/p>\n<p class=\"article-content article-content-width !bg-background\">Myrsky on vuonna 2008 ensi-iltansa saanut kotimainen lastenelokuva, joka kertoo kaukasiankoira Myrskyn tarinan. Myrskyn roolin jakoivat elokuvassa  ja , sek\u00e4 68 muuta kaukasiankoiraa.<\/p>\n<p class=\"article-content article-content-width !bg-background\">1989\u20131990-luvulle sijoittuvassa elokuvassa suomalainen perheenis\u00e4 () kohtaa it\u00e4berliinil\u00e4isell\u00e4 torilla koiranpennun, joka ollaan aikeissa lopettaa.<\/p>\n<p>                <img decoding=\"async\" src=\"https:\/\/www.europesays.com\/fi\/wp-content\/uploads\/2025\/08\/1905129.webp\" width=\"576\" height=\"380\" alt=\"Myrsky-elokuva tuotti yli 1,5 miljoonaa euroa.\" loading=\"lazy\" \/>            <\/p>\n<p>\n            Myrsky-elokuva tuotti yli 1,5 miljoonaa euroa.<br \/>\n            Walt Disney Studios Motion Pictures\n        <\/p>\n<p class=\"article-content article-content-width !bg-background\">Is\u00e4 p\u00e4\u00e4tt\u00e4\u00e4 kuitenkin pelastaa pennun ja kuljettaa sen Suomeen, jossa koira kasvaa j\u00e4ttil\u00e4ism\u00e4iseksi. Vuonna 2008 Myrsky palkittiin Saksassa Euroopan parhaana lastenelokuvana.<\/p>\n<p>Ilona<\/p>\n<p>                <img decoding=\"async\" src=\"https:\/\/www.europesays.com\/fi\/wp-content\/uploads\/2025\/08\/1905162.webp\" width=\"576\" height=\"447\" alt=\"Ilonaa n\u00e4ytellyt Ilona oli Sulevi Peltolan oma koira.\" loading=\"lazy\" \/>            <\/p>\n<p>\n            Ilonaa n\u00e4ytellyt Ilona oli Sulevi Peltolan oma koira.<br \/>\n            Jyrki Valkama, Yle\n        <\/p>\n<p class=\"article-content article-content-width !bg-background\"> oli Onni Partasen () monirotuinen, terhakka koira, joka esiintyi Kotikadussa. Onnin asiakas, Rekku Kaakko () testamenttasi Ilonan Onnille.<\/p>\n<p class=\"article-content article-content-width !bg-background\">Ilonaa esitti Sulevin oma koira Ilona, joka menehtyi vuoden 2011 lopussa.<\/p>\n<p>Tessu<\/p>\n<p>                <img decoding=\"async\" src=\"https:\/\/www.europesays.com\/fi\/wp-content\/uploads\/2025\/08\/1905165.webp\" width=\"576\" height=\"274\" alt=\"Uuno (Vesa-Matti Loiri), Elisabeth (Marjatta Raita) ja Tessu elokuvassa Uuno Turhapuro Suomen tasavallan herra presidentti (1992).\" loading=\"lazy\" \/>            <\/p>\n<p>\n            Uuno (Vesa-Matti Loiri), Elisabeth (Marjatta Raita) ja Tessu elokuvassa Uuno Turhapuro Suomen tasavallan herra presidentti (1992).<br \/>\n            MTV\n        <\/p>\n<p class=\"article-content article-content-width !bg-background\"> (1989\u20132001) oli viulisti  omistama irlanninsetteri, joka tuli tutuksi suomalaisista elokuvista ja sarjoista.<\/p>\n<p class=\"article-content article-content-width !bg-background\">Tessu esiintyi muun muassa elokuvissa Uuno Turhapuro herra Helsingin herra (1991) ja Uuno Turhapuro Suomen tasavallan herra presidentti (1992), joissa h\u00e4n n\u00e4ytteli Uunon () ja Elisabethin () koiraa.<\/p>\n<p>Ransu Karvakuono<\/p>\n<p>                <img decoding=\"async\" src=\"https:\/\/www.europesays.com\/fi\/wp-content\/uploads\/2025\/08\/1905167.webp\" width=\"576\" height=\"356\" alt=\"Ransu Karvakuonoa esitti Pertti N\u00e4ttil\u00e4 (1934\u20132021).\" loading=\"lazy\" \/>            <\/p>\n<p>\n            Ransu Karvakuonoa esitti Pertti N\u00e4ttil\u00e4 (1934\u20132021).<br \/>\n            Harri Hinkka, Yle\n        <\/p>\n<p class=\"article-content article-content-width !bg-background\">Keskikokoinen videonoutaja  on  luoma hahmo, joka esiintyi Pikku-Kakkosessa. Ransun \u00e4\u00e4nen\u00e4 oli alusta asti .<\/p>\n<p>        <a itemprop=\"url\" href=\"https:\/\/www.seiska.fi\/katso\/koira-varasti-shown-mtvn-lahetyksessa-katsojat-riemastuivat\/1838544\" rel=\"nofollow noopener\" target=\"_blank\"><\/p>\n<p>\nMTV:n suora l\u00e4hetys\n<\/p>\n<p class=\"section-date\">\n        <strong class=\"article-section\" data-section=\"katso\"><br \/>\n            katso<br \/>\n        <\/strong><br \/>\n        16.6. 11:02\n    <\/p>\n<p>    Koira varasti show\u2019n MTV:n l\u00e4hetyksess\u00e4 \u2013 katsojat riemastuivat<\/p>\n<p itemprop=\"description\" class=\"subtitle \">\n    Huomenta Suomessa n\u00e4htiin sympaattinen vieras.\n<\/p>\n<p>        <\/a><\/p>\n<p class=\"article-content article-content-width !bg-background\">Ensiesiintymisens\u00e4 Ransu teki Pikku Kakkosessa 4. lokakuuta vuonna 1978. Ransu esiintyi Pikku Kakkosen lis\u00e4ksi Karvakuonot-kolmikossa, johon lukeutui kaksi muuta karvakuonoa,  ja .<\/p>\n","protected":false},"excerpt":{"rendered":"Timo Korhonen Katsojia ovat ihastuttaneet muun muassa chihuahua, susikoira ja keskikokoinen videonoutaja. Lassie, poliisikoira Rex ja Rin-Tin-Tin ovat&hellip;\n","protected":false},"author":2,"featured_media":15248,"comment_status":"","ping_status":"","sticky":false,"template":"","format":"standard","meta":{"footnotes":""},"categories":[136],"tags":[5425,407,137,33,31,30,408,5985,5984,5986,32,5987,109],"class_list":{"0":"post-15247","1":"post","2":"type-post","3":"status-publish","4":"format-standard","5":"has-post-thumbnail","7":"category-julkkikset","8":"tag-aija-koira","9":"tag-celebrities","10":"tag-entertainment","11":"tag-fi","12":"tag-finland","13":"tag-finnish","14":"tag-julkkikset","15":"tag-kenraali-pancho","16":"tag-ransu-karvakuono","17":"tag-suomalaiset-tv-koirat","18":"tag-suomi","19":"tag-susikoira-roi","20":"tag-viihde"},"share_on_mastodon":{"url":"","error":""},"_links":{"self":[{"href":"https:\/\/www.europesays.com\/fi\/wp-json\/wp\/v2\/posts\/15247","targetHints":{"allow":["GET"]}}],"collection":[{"href":"https:\/\/www.europesays.com\/fi\/wp-json\/wp\/v2\/posts"}],"about":[{"href":"https:\/\/www.europesays.com\/fi\/wp-json\/wp\/v2\/types\/post"}],"author":[{"embeddable":true,"href":"https:\/\/www.europesays.com\/fi\/wp-json\/wp\/v2\/users\/2"}],"replies":[{"embeddable":true,"href":"https:\/\/www.europesays.com\/fi\/wp-json\/wp\/v2\/comments?post=15247"}],"version-history":[{"count":0,"href":"https:\/\/www.europesays.com\/fi\/wp-json\/wp\/v2\/posts\/15247\/revisions"}],"wp:featuredmedia":[{"embeddable":true,"href":"https:\/\/www.europesays.com\/fi\/wp-json\/wp\/v2\/media\/15248"}],"wp:attachment":[{"href":"https:\/\/www.europesays.com\/fi\/wp-json\/wp\/v2\/media?parent=15247"}],"wp:term":[{"taxonomy":"category","embeddable":true,"href":"https:\/\/www.europesays.com\/fi\/wp-json\/wp\/v2\/categories?post=15247"},{"taxonomy":"post_tag","embeddable":true,"href":"https:\/\/www.europesays.com\/fi\/wp-json\/wp\/v2\/tags?post=15247"}],"curies":[{"name":"wp","href":"https:\/\/api.w.org\/{rel}","templated":true}]}}