{"id":15251,"date":"2025-08-24T21:19:15","date_gmt":"2025-08-24T21:19:15","guid":{"rendered":"https:\/\/www.europesays.com\/fi\/15251\/"},"modified":"2025-08-24T21:19:15","modified_gmt":"2025-08-24T21:19:15","slug":"suosikkiartisti-kaveli-puolialastomana-kadulla-kiidatettiin-sairaalaan","status":"publish","type":"post","link":"https:\/\/www.europesays.com\/fi\/15251\/","title":{"rendered":"Suosikkiartisti k\u00e4veli puolialastomana kadulla \u2013 Kiid\u00e4tettiin sairaalaan"},"content":{"rendered":"<p>Rap-artisti Lil Nas X\u2019n k\u00e4ytt\u00e4ytyminen Los Angelesin kaduilla sai monet ihmiset raportoimaan h\u00e4nest\u00e4 poliisille.<\/p>\n<p><img decoding=\"async\" class=\"image image-show image-preview\" src=\"https:\/\/www.europesays.com\/fi\/wp-content\/uploads\/2025\/08\/91d87ab08e3de7043bffec7d305c1ea99d960b70c71700c07d1419cbdcb3c367.jpg\" alt=\"\"\/><img decoding=\"async\" class=\"image image-show\" src=\"https:\/\/www.europesays.com\/fi\/wp-content\/uploads\/2025\/08\/1756070355_667_91d87ab08e3de7043bffec7d305c1ea99d960b70c71700c07d1419cbdcb3c367.jpg\" alt=\"\"\/><\/p>\n<p>Lil Nas X tunnetaan muun muassa hiteist\u00e4\u00e4n  ja  AOP<\/p>\n<p class=\"paragraph\">Yhdysvaltalainen rap-artisti <strong>Lil Nas X<\/strong> eli <strong>Montero Lamar Hill<\/strong>, 26,<strong> <\/strong>on joutunut sairaalaan huolestuttavan tilanteen j\u00e4lkeen.<\/p>\n<p class=\"paragraph\"><a href=\"https:\/\/www.tmz.com\/2025\/08\/21\/lil-nas-x-hospitalized-possible-overdose\/\" target=\"_blank\" rel=\"noopener nofollow\">TMZ<\/a>-uutissivuston mukaan Lil Nas X n\u00e4htiin torstaina aamunelj\u00e4lt\u00e4 k\u00e4velem\u00e4ss\u00e4 Los Angelesin Ventura Boulevardilla pelk\u00e4t valkoiset bokserit ja saappaat yll\u00e4\u00e4n.<\/p>\n<p>Lil Nas X k\u00e4veli Los Angelesissa sekavanoloisena. AOP<\/p>\n<p class=\"paragraph\">Ohikulkija taltioi videolla tilanteen, kun r\u00e4pp\u00e4ri osoitti kameraa ja mumisi jotain juhlista. Videolla n\u00e4kyy, kuinka artisti laulaa jotain s\u00e4velm\u00e4\u00e4 ja jossain vaiheessa pys\u00e4htyy tekem\u00e4\u00e4n tanssiliikkeit\u00e4.<\/p>\n<p class=\"paragraph\">Mik\u00e4li linkki ei n\u00e4y, voit katsoa videon <a href=\"https:\/\/x.com\/TMZ\/status\/1958574199049523265\" target=\"_blank\" rel=\"noopener nofollow\">t\u00e4\u00e4lt\u00e4<\/a>.<\/p>\n<p class=\"paragraph\">Ohikulkijan valokuvista k\u00e4y ilmi, ett\u00e4 matkan varrella Lil Nas X nappasi liikennekartion ja laittoi sen p\u00e4\u00e4h\u00e4ns\u00e4. L\u00e4hteet kertovat TMZ:lle, ett\u00e4 useat alueella olleet ilmoittivat Lil Nas X:n toiminnasta poliisille. Ihmiset sanoivat viranomaisille ep\u00e4ilev\u00e4ns\u00e4, ett\u00e4 Lil Nas X oireilisi mahdollisesta yliannostuksesta.<\/p>\n<p>Lil Nas X n\u00e4htiin leikkiv\u00e4n liikennekartion kanssa. AOP<\/p>\n<p class=\"paragraph\">TMZ:n mukaan poliisit l\u00f6ysiv\u00e4t r\u00e4pp\u00e4rin yh\u00e4 k\u00e4velem\u00e4st\u00e4 keskell\u00e4 tiet\u00e4. Lil Nas X:n kerrotaan hy\u00f6k\u00e4nneen viranomaisten kimppuun, jolloin h\u00e4net laitettiin k\u00e4sirautoihin. Tilanteen j\u00e4lkeen poliisit kutsuivat paikalle ensihoitajat kuljettamaan r\u00e4pp\u00e4ri sairaalaan.<\/p>\n<p class=\"paragraph\">Viranomaisl\u00e4hteet kertovat TMZ:lle, ett\u00e4 artistia hoidetaan t\u00e4ll\u00e4 hetkell\u00e4 sairaalassa, mutta h\u00e4nt\u00e4 vastaan saatetaan nostaa syytteit\u00e4. Lil Nas X tai h\u00e4nen tiedottajansa eiv\u00e4t ole toistaiseksi kommentoineet tapausta.<\/p>\n<p>Ohikulkija taltioi videolla, kuinka Lil Naz X puhui juhlimisesta ja lauleskeli s\u00e4velmi\u00e4. AOP<\/p>\n<p class=\"paragraph\">Viimeksi Lil Nas X joutui sairaalaan huhtikuussa. Tuolloin artisti kertoi Instagramissa, ett\u00e4 h\u00e4n k\u00e4rsi <a href=\"https:\/\/www.iltalehti.fi\/viihdeuutiset\/58f8b894-e942-419a-9fec-23f0c364e892\" rel=\"nofollow noopener\" target=\"_blank\">kasvohalvauksesta<\/a>.<\/p>\n<p class=\"paragraph\">H\u00e4n kertoi menett\u00e4neens\u00e4 kasvojensa oikealta puolelta hallinnan. Artisti esitteli Instagramissa my\u00f6s kasvojensa eri puolia naureskellen. Sairaalasta kuvattujen somevideoiden j\u00e4lkeen Lil Nas X vakuutteli someseuraajilleen, ett\u00e4 h\u00e4n on kunnossa.<\/p>\n<p class=\"paragraph\">\u2013 N\u00e4yt\u00e4n hassulta v\u00e4h\u00e4n aikaa, mutta se siit\u00e4, r\u00e4pp\u00e4ri sanoi.<\/p>\n<p class=\"paragraph\">My\u00f6hemmin Lil Nas X kertoi, ett\u00e4 h\u00e4nen hymyns\u00e4 oli palautunut ennalleen.<\/p>\n<p class=\"paragraph\">Grammy-palkittu Lil Nas X tunnetaan muun muassa hiteist\u00e4\u00e4n Old Town Road, Industry Baby, Montero ja Star Walkin\u2019. Huippusuosittu artisti esiintyi Turun Ruisrockissa vuonna 2023.<\/p>\n<p class=\"paragraph\">R\u00e4pp\u00e4ri on kohauttanut aikaisemmin muun muassa erikoisella muotityylill\u00e4\u00e4n, julkaisemillaan <a href=\"https:\/\/www.iltalehti.fi\/viihdeuutiset\/78d5af86-077b-4327-9e41-34bbb2e83296\" rel=\"nofollow noopener\" target=\"_blank\">raskauskuvilla<\/a>, suunnittelemillaan <a href=\"https:\/\/www.iltalehti.fi\/viihdeuutiset\/493b427f-b7a6-4a3d-bb8e-2d1242c44cb0\" rel=\"nofollow noopener\" target=\"_blank\">satanismista inspiroiduilla<\/a> \u201dpaholaislenkkareilla\u201d sek\u00e4 homoseksuaalisuutta juhlistavalla <a href=\"https:\/\/www.iltalehti.fi\/viihdeuutiset\/b348b9e3-c680-4ad6-83a8-ef63bc85001c\" rel=\"nofollow noopener\" target=\"_blank\">musiikkivideollaan<\/a>.<\/p>\n","protected":false},"excerpt":{"rendered":"Rap-artisti Lil Nas X\u2019n k\u00e4ytt\u00e4ytyminen Los Angelesin kaduilla sai monet ihmiset raportoimaan h\u00e4nest\u00e4 poliisille. Lil Nas X tunnetaan&hellip;\n","protected":false},"author":2,"featured_media":15252,"comment_status":"","ping_status":"","sticky":false,"template":"","format":"standard","meta":{"footnotes":""},"categories":[130],"tags":[35,138,137,33,31,30,525,47,141,532,32,109],"class_list":{"0":"post-15251","1":"post","2":"type-post","3":"status-publish","4":"format-standard","5":"has-post-thumbnail","7":"category-viihde","8":"tag-24h","9":"tag-audio","10":"tag-entertainment","11":"tag-fi","12":"tag-finland","13":"tag-finnish","14":"tag-laulaminen-ja-laulajat","15":"tag-musiikki","16":"tag-muusikot-bandit","17":"tag-rock-ja-pop","18":"tag-suomi","19":"tag-viihde"},"share_on_mastodon":{"url":"","error":""},"_links":{"self":[{"href":"https:\/\/www.europesays.com\/fi\/wp-json\/wp\/v2\/posts\/15251","targetHints":{"allow":["GET"]}}],"collection":[{"href":"https:\/\/www.europesays.com\/fi\/wp-json\/wp\/v2\/posts"}],"about":[{"href":"https:\/\/www.europesays.com\/fi\/wp-json\/wp\/v2\/types\/post"}],"author":[{"embeddable":true,"href":"https:\/\/www.europesays.com\/fi\/wp-json\/wp\/v2\/users\/2"}],"replies":[{"embeddable":true,"href":"https:\/\/www.europesays.com\/fi\/wp-json\/wp\/v2\/comments?post=15251"}],"version-history":[{"count":0,"href":"https:\/\/www.europesays.com\/fi\/wp-json\/wp\/v2\/posts\/15251\/revisions"}],"wp:featuredmedia":[{"embeddable":true,"href":"https:\/\/www.europesays.com\/fi\/wp-json\/wp\/v2\/media\/15252"}],"wp:attachment":[{"href":"https:\/\/www.europesays.com\/fi\/wp-json\/wp\/v2\/media?parent=15251"}],"wp:term":[{"taxonomy":"category","embeddable":true,"href":"https:\/\/www.europesays.com\/fi\/wp-json\/wp\/v2\/categories?post=15251"},{"taxonomy":"post_tag","embeddable":true,"href":"https:\/\/www.europesays.com\/fi\/wp-json\/wp\/v2\/tags?post=15251"}],"curies":[{"name":"wp","href":"https:\/\/api.w.org\/{rel}","templated":true}]}}