{"id":152560,"date":"2026-01-26T08:17:06","date_gmt":"2026-01-26T08:17:06","guid":{"rendered":"https:\/\/www.europesays.com\/fi\/152560\/"},"modified":"2026-01-26T08:17:06","modified_gmt":"2026-01-26T08:17:06","slug":"melkein-20-vuotta-toivottu-elokuva-ei-toteudu-ikina-soihtu-on-jo-ojennettu-eteenpain","status":"publish","type":"post","link":"https:\/\/www.europesays.com\/fi\/152560\/","title":{"rendered":"Melkein 20 vuotta toivottu elokuva ei toteudu ikin\u00e4: \u201cSoihtu on jo ojennettu eteenp\u00e4in\u201d"},"content":{"rendered":"<p>Sam Raimi ei aio ohjata lis\u00e4\u00e4 Spider-Man-elokuvia.<\/p>\n<p><a href=\"https:\/\/muropaketti.com\/avainsana\/sam-raimi\/\" rel=\"nofollow noopener\" target=\"_blank\">Sam Raimi<\/a> promoaa <a href=\"https:\/\/screenrant.com\/spider-man-4-tobey-maguire-kirsten-dunst-update-definitive-sam-raimi\/\" target=\"_blank\" rel=\"noreferrer noopener nofollow\">Screenrantin<\/a> jutussa t\u00e4m\u00e4n viikon perjantaina ensi-iltansa saavaa Send Help -elokuvaansa. Ohjaaja kertoo haastattelussa my\u00f6s, ettei h\u00e4nell\u00e4 ole aikomustakaaan ohjata enemp\u00e4\u00e4 Spider-Man-elokuvia.<\/p>\n<p>Raimin mukaan h\u00e4nen vuosien 2002-2007 v\u00e4lill\u00e4 ohjaamiensa H\u00e4mis-leffojen Peter Parker ja Mary Jane Watson, joita esittiv\u00e4t Tobey Maguire ja Kirsten Dunst, ovat jatkaneet matkaansa johonkin muualle. <\/p>\n<p>Maguire palasi H\u00e4m\u00e4h\u00e4kkimieheksi Spider-Man: No Way Home -multiversumihyppelyss\u00e4. <\/p>\n<p>\u201dPidin hetken aikaa soihtua k\u00e4siss\u00e4ni, mutta se on ojennettu eteenp\u00e4in. Mielest\u00e4ni Marvelin t\u00e4ytyy jatkaa nykyist\u00e4 juonikuviota. Fanit pit\u00e4v\u00e4t Tom Hollandin versiosta, eik\u00e4 minun olisi reilua yritt\u00e4\u00e4 tuoda oman versioni hahmoja en\u00e4\u00e4 takaisin.\u201d<\/p>\n<p>Seuraava Spider-Man-elokuva Brand New Day saa ensi-iltansa 31. hein\u00e4kuuta. <\/p>\n<p>Raimin t\u00e4ll\u00e4 viikolla n\u00e4ht\u00e4v\u00e4 Send Help sekoittaa selviytymiskauhua ja mustaa komediaa.<\/p>\n<p>Uutuuden p\u00e4\u00e4osissa n\u00e4hd\u00e4\u00e4n Dylan O\u2019Brien (Twinless, The Maze Runner -elokuvat) ja Rachel McAdams (Mean Girls, Doctor Strange).<\/p>\n","protected":false},"excerpt":{"rendered":"Sam Raimi ei aio ohjata lis\u00e4\u00e4 Spider-Man-elokuvia. Sam Raimi promoaa Screenrantin jutussa t\u00e4m\u00e4n viikon perjantaina ensi-iltansa saavaa Send&hellip;\n","protected":false},"author":2,"featured_media":152561,"comment_status":"","ping_status":"","sticky":false,"template":"","format":"standard","meta":{"footnotes":"","_share_on_mastodon":"0"},"categories":[131],"tags":[155,137,33,173,31,30,172,4754,14405,4626,32,109],"class_list":["post-152560","post","type-post","status-publish","format-standard","has-post-thumbnail","category-elokuvat","tag-elokuvat","tag-entertainment","tag-fi","tag-film","tag-finland","tag-finnish","tag-movies","tag-sam-raimi","tag-send-help","tag-spider-man","tag-suomi","tag-viihde"],"share_on_mastodon":{"url":"https:\/\/pubeurope.com\/@fi\/115960417102855898","error":""},"_links":{"self":[{"href":"https:\/\/www.europesays.com\/fi\/wp-json\/wp\/v2\/posts\/152560","targetHints":{"allow":["GET"]}}],"collection":[{"href":"https:\/\/www.europesays.com\/fi\/wp-json\/wp\/v2\/posts"}],"about":[{"href":"https:\/\/www.europesays.com\/fi\/wp-json\/wp\/v2\/types\/post"}],"author":[{"embeddable":true,"href":"https:\/\/www.europesays.com\/fi\/wp-json\/wp\/v2\/users\/2"}],"replies":[{"embeddable":true,"href":"https:\/\/www.europesays.com\/fi\/wp-json\/wp\/v2\/comments?post=152560"}],"version-history":[{"count":0,"href":"https:\/\/www.europesays.com\/fi\/wp-json\/wp\/v2\/posts\/152560\/revisions"}],"wp:featuredmedia":[{"embeddable":true,"href":"https:\/\/www.europesays.com\/fi\/wp-json\/wp\/v2\/media\/152561"}],"wp:attachment":[{"href":"https:\/\/www.europesays.com\/fi\/wp-json\/wp\/v2\/media?parent=152560"}],"wp:term":[{"taxonomy":"category","embeddable":true,"href":"https:\/\/www.europesays.com\/fi\/wp-json\/wp\/v2\/categories?post=152560"},{"taxonomy":"post_tag","embeddable":true,"href":"https:\/\/www.europesays.com\/fi\/wp-json\/wp\/v2\/tags?post=152560"}],"curies":[{"name":"wp","href":"https:\/\/api.w.org\/{rel}","templated":true}]}}