{"id":1526,"date":"2025-08-11T14:20:08","date_gmt":"2025-08-11T14:20:08","guid":{"rendered":"https:\/\/www.europesays.com\/fi\/1526\/"},"modified":"2025-08-11T14:20:08","modified_gmt":"2025-08-11T14:20:08","slug":"keikkauutisia-the-flaming-sideburns-ja-thee-ultra-bimboos-palaavat-vuosituhannen-vaihteen-bileiden-tunnelmiin","status":"publish","type":"post","link":"https:\/\/www.europesays.com\/fi\/1526\/","title":{"rendered":"Keikkauutisia: The Flaming Sideburns ja Thee Ultra Bimboos palaavat vuosituhannen vaihteen bileiden tunnelmiin"},"content":{"rendered":"<p>Loppuvuodesta olisi tarjolla runsaanlaisesti rockin riemua, kun The Flaming Sideburns ja Thee Ultra Bimboos suuntaavat yhteisille keikoille. B\u00e4ndikaksikko aikoo palata vuosituhannen vaihteessa j\u00e4rjestettyjen Bama-Lama-Lu Partee -bakkanaalien tunnelmiin ja tehd\u00e4 yhdess\u00e4 kolme keikkaa eri puolilla Suomea. Orkesterit voi yhytt\u00e4\u00e4 Tampereen Olympiassa 13.11., Turun Teatrossa 14.11. ja Helsingin Tavastialla 15.11. Lipunmyynti on k\u00e4ynniss\u00e4 kunkin keikkapaikan omissa lipunmyyntikanavissa tiistaina 12.8. alkaen.<\/p>\n<p>\u201dFleimareilla on takana kolmen vuoden keikkatauko, joka on ylivoimaisesti pisin yhtyeen historiassa, joten onhan se jo korkea aika palata tositoimiin. Varsinkin kun t\u00e4n\u00e4 vuonna tulee kuluneeksi 30 vuotta ensimm\u00e4isest\u00e4 keikasta. Kukapa olisi ys\u00e4rin puoliv\u00e4liss\u00e4 arvannut, ett\u00e4 keikkaa painetaan talla pohjassa tieteiselokuvista tutulla vuosiluvulla 2025\u201d, Flaming Sideburnsin rumpali Jarkko Jokelainen kertoo tiedotteessa.<\/p>\n<p>\u201dT\u00e4m\u00e4nkes\u00e4isten paluukeikkojen j\u00e4lkeen on todella l\u00e4mmin fiilis l\u00e4hte\u00e4 tien p\u00e4\u00e4lle The Flaming Sideburnsin kanssa. Kumpikin b\u00e4ndi oli aktiivisimmillaan ja kansainv\u00e4lisimmill\u00e4\u00e4n vuosituhannen vaihteessa, ja Bama-Lama-Lu Partee! -bileet olivat Helsingin parhaat ja kuumimmat rockbileet vuosikausia. Toivomme, ett\u00e4 onnistumme tavoittamaan niiden ainutlaatuisen tunnelman yhdess\u00e4 vanhojen yst\u00e4vien ja uusien yleis\u00f6jen kanssa marraskuussa!\u201d Thee Ultra Bimboos puolestaan lis\u00e4\u00e4.<\/p>\n<p>Onpa noista parinkymmenen vuoden takaisista meiningeist\u00e4 j\u00e4\u00e4nyt jotain talteen j\u00e4lkipolvienkin ihmetelt\u00e4v\u00e4ksi. Esimerkiksi <a href=\"https:\/\/youtu.be\/2k8KDCVBJbk?si=5AU-ulb2Ai_jvFJc\" rel=\"nofollow noopener\" target=\"_blank\">t\u00e4\u00e4lt\u00e4 voi katsoa<\/a>, miten Flaming Sideburnsilta sujui rock\u2019n\u2019roll Bama Lama Lu Partee -juhlahumussa vuonna 2000. Hikist\u00e4 menoa!<\/p>\n","protected":false},"excerpt":{"rendered":"Loppuvuodesta olisi tarjolla runsaanlaisesti rockin riemua, kun The Flaming Sideburns ja Thee Ultra Bimboos suuntaavat yhteisille keikoille. B\u00e4ndikaksikko&hellip;\n","protected":false},"author":2,"featured_media":1527,"comment_status":"","ping_status":"","sticky":false,"template":"","format":"standard","meta":{"footnotes":""},"categories":[132],"tags":[137,33,31,30,195,47,32,109],"class_list":{"0":"post-1526","1":"post","2":"type-post","3":"status-publish","4":"format-standard","5":"has-post-thumbnail","7":"category-musiikki","8":"tag-entertainment","9":"tag-fi","10":"tag-finland","11":"tag-finnish","12":"tag-music","13":"tag-musiikki","14":"tag-suomi","15":"tag-viihde"},"share_on_mastodon":{"url":"","error":""},"_links":{"self":[{"href":"https:\/\/www.europesays.com\/fi\/wp-json\/wp\/v2\/posts\/1526","targetHints":{"allow":["GET"]}}],"collection":[{"href":"https:\/\/www.europesays.com\/fi\/wp-json\/wp\/v2\/posts"}],"about":[{"href":"https:\/\/www.europesays.com\/fi\/wp-json\/wp\/v2\/types\/post"}],"author":[{"embeddable":true,"href":"https:\/\/www.europesays.com\/fi\/wp-json\/wp\/v2\/users\/2"}],"replies":[{"embeddable":true,"href":"https:\/\/www.europesays.com\/fi\/wp-json\/wp\/v2\/comments?post=1526"}],"version-history":[{"count":0,"href":"https:\/\/www.europesays.com\/fi\/wp-json\/wp\/v2\/posts\/1526\/revisions"}],"wp:featuredmedia":[{"embeddable":true,"href":"https:\/\/www.europesays.com\/fi\/wp-json\/wp\/v2\/media\/1527"}],"wp:attachment":[{"href":"https:\/\/www.europesays.com\/fi\/wp-json\/wp\/v2\/media?parent=1526"}],"wp:term":[{"taxonomy":"category","embeddable":true,"href":"https:\/\/www.europesays.com\/fi\/wp-json\/wp\/v2\/categories?post=1526"},{"taxonomy":"post_tag","embeddable":true,"href":"https:\/\/www.europesays.com\/fi\/wp-json\/wp\/v2\/tags?post=1526"}],"curies":[{"name":"wp","href":"https:\/\/api.w.org\/{rel}","templated":true}]}}