{"id":15272,"date":"2025-08-24T21:51:10","date_gmt":"2025-08-24T21:51:10","guid":{"rendered":"https:\/\/www.europesays.com\/fi\/15272\/"},"modified":"2025-08-24T21:51:10","modified_gmt":"2025-08-24T21:51:10","slug":"skuuttionnettomuus-kuopiossa-nuori-poika-loukkaantui-vakavasti","status":"publish","type":"post","link":"https:\/\/www.europesays.com\/fi\/15272\/","title":{"rendered":"Skuuttionnettomuus Kuopiossa \u2013 Nuori poika loukkaantui vakavasti"},"content":{"rendered":"<p>S\u00e4hk\u00f6potkulaudalla oli liikkeell\u00e4 kaksi 15-vuotiasta poikaa.<\/p>\n<p><img decoding=\"async\" class=\"image image-show image-preview\" src=\"https:\/\/www.europesays.com\/fi\/wp-content\/uploads\/2025\/08\/28719fb77bfa4dd08c91a979ae14bdf63183619415b48bd31e8ab3a3319a8311.jpg\" alt=\"\"\/><img decoding=\"async\" class=\"image image-show\" src=\"https:\/\/www.europesays.com\/fi\/wp-content\/uploads\/2025\/08\/1755311948_170_28719fb77bfa4dd08c91a979ae14bdf63183619415b48bd31e8ab3a3319a8311.jpg\" alt=\"\"\/><\/p>\n<p>Poliisi tutkii tapausta t\u00f6rke\u00e4n\u00e4 liikenneturvallisuuden vaarantamisena ja vammantuottamuksena. Inka Soveri<\/p>\n<p class=\"paragraph\">Kaksi nuorta loukkaantui s\u00e4hk\u00f6potkulautaonnettomuudessa Kuopiossa Aurinkorinteen koulun l\u00e4heisyydess\u00e4 sunnuntaina.<\/p>\n<p class=\"paragraph\">Onnettomuus tapahtui, kun kaksi 15-vuotiasta poikaa ajoi samalla s\u00e4hk\u00f6potkulaudalla alam\u00e4keen kovalla vauhdilla. Kuljettaja menetti laudan hallinnan, ja laite kaatui.<\/p>\n<p class=\"paragraph\">Kuljettaja loukkaantui vakavasti ja matkustaja lievemmin. Molemmat vietiin hoidettavaksi Kuopion yliopistolliseen sairaalaan. Poliisin mukaan kummankaan henki ei ole vaarassa.<\/p>\n<p class=\"paragraph\">Poliisi tutkii tapausta t\u00f6rke\u00e4n\u00e4 liikenneturvallisuuden vaarantamisena ja vammantuottamuksena.<\/p>\n","protected":false},"excerpt":{"rendered":"S\u00e4hk\u00f6potkulaudalla oli liikkeell\u00e4 kaksi 15-vuotiasta poikaa. Poliisi tutkii tapausta t\u00f6rke\u00e4n\u00e4 liikenneturvallisuuden vaarantamisena ja vammantuottamuksena. Inka Soveri Kaksi nuorta&hellip;\n","protected":false},"author":2,"featured_media":7130,"comment_status":"","ping_status":"","sticky":false,"template":"","format":"standard","meta":{"footnotes":""},"categories":[5],"tags":[35,22,23,26,27,33,31,30,17,100,24,25,28,29,15,837,18,21,122,2461,103,32,19,20,16],"class_list":{"0":"post-15272","1":"post","2":"type-post","3":"status-publish","4":"format-standard","5":"has-post-thumbnail","7":"category-otsikot","8":"tag-24h","9":"tag-breaking-news","10":"tag-breakingnews","11":"tag-featured-news","12":"tag-featurednews","13":"tag-fi","14":"tag-finland","15":"tag-finnish","16":"tag-headlines","17":"tag-lapset-ja-nuoret","18":"tag-latest-news","19":"tag-latestnews","20":"tag-main-news","21":"tag-mainnews","22":"tag-news","23":"tag-onnettomuudet","24":"tag-otsikot","25":"tag-paauutiset","26":"tag-pelastaminen","27":"tag-sairaalat-ja-terveyskeskukset","28":"tag-sosiaalikysymykset","29":"tag-suomi","30":"tag-top-stories","31":"tag-topstories","32":"tag-uutiset"},"share_on_mastodon":{"url":"","error":""},"_links":{"self":[{"href":"https:\/\/www.europesays.com\/fi\/wp-json\/wp\/v2\/posts\/15272","targetHints":{"allow":["GET"]}}],"collection":[{"href":"https:\/\/www.europesays.com\/fi\/wp-json\/wp\/v2\/posts"}],"about":[{"href":"https:\/\/www.europesays.com\/fi\/wp-json\/wp\/v2\/types\/post"}],"author":[{"embeddable":true,"href":"https:\/\/www.europesays.com\/fi\/wp-json\/wp\/v2\/users\/2"}],"replies":[{"embeddable":true,"href":"https:\/\/www.europesays.com\/fi\/wp-json\/wp\/v2\/comments?post=15272"}],"version-history":[{"count":0,"href":"https:\/\/www.europesays.com\/fi\/wp-json\/wp\/v2\/posts\/15272\/revisions"}],"wp:featuredmedia":[{"embeddable":true,"href":"https:\/\/www.europesays.com\/fi\/wp-json\/wp\/v2\/media\/7130"}],"wp:attachment":[{"href":"https:\/\/www.europesays.com\/fi\/wp-json\/wp\/v2\/media?parent=15272"}],"wp:term":[{"taxonomy":"category","embeddable":true,"href":"https:\/\/www.europesays.com\/fi\/wp-json\/wp\/v2\/categories?post=15272"},{"taxonomy":"post_tag","embeddable":true,"href":"https:\/\/www.europesays.com\/fi\/wp-json\/wp\/v2\/tags?post=15272"}],"curies":[{"name":"wp","href":"https:\/\/api.w.org\/{rel}","templated":true}]}}