{"id":1528,"date":"2025-08-11T14:21:08","date_gmt":"2025-08-11T14:21:08","guid":{"rendered":"https:\/\/www.europesays.com\/fi\/1528\/"},"modified":"2025-08-11T14:21:08","modified_gmt":"2025-08-11T14:21:08","slug":"taydet-viisi-tahtea-the-guardian-ylistaa-kolilla-kuvattua-elokuvaa-kotimaa","status":"publish","type":"post","link":"https:\/\/www.europesays.com\/fi\/1528\/","title":{"rendered":"T\u00e4ydet viisi t\u00e4hte\u00e4 \u2013 The Guardian ylist\u00e4\u00e4 Kolilla kuvattua elokuvaa | Kotimaa"},"content":{"rendered":"<p class=\"sc-jYczwO sc-dNFkOE bUKqJd eiHPxO yle__article__paragraph\">Pohjois-Karjalassa kuvattu kansainv\u00e4linen trilleri sai ensi-iltansa ja heti per\u00e4\u00e4n huippuarvostelun. Elokuvan p\u00e4\u00e4osassa on Oscar-voittaja Emma Thompson, joka hurmasi suomalaiset.<\/p>\n<p><img decoding=\"async\" alt=\"Emma Thompson ja Gaia Wise Locarnon elokuvajuhlien punaisella matolla 8.8.2025.\" src=\"https:\/\/www.europesays.com\/fi\/wp-content\/uploads\/2025\/08\/39-15055796899e673b5d3c.jpeg\" class=\"sc-dntSTA iywpZY\"\/><\/p>\n<p>Avaa kuvien katselu<\/p>\n<p>Emma Thompson ja h\u00e4nen tytt\u00e4rens\u00e4 n\u00e4yttelij\u00e4 Gaia Wise Locarnossa. Kuva: Locarno Film Festival \/ Ti-Press<\/p>\n<p class=\"sc-jYczwO sc-ciCoXh bUKqJd cIOueB yle__article__paragraph\">Kaksinkertaisen Oscar-voittaja Emma Thompsonin elokuva arvosteltiin tuoreeltaan The Guardianissa viiden t\u00e4hden elokuvaksi. The dead of winter -nimell\u00e4 esitett\u00e4v\u00e4\u00e4 elokuvaa filmattiin viime vuonna muun muassa Pohjois-Karjalan Kolilla ja Joensuussa.<\/p>\n<p class=\"sc-jYczwO sc-ciCoXh bUKqJd cIOueB yle__article__paragraph\">Kansainv\u00e4linen trilleri sai ensi-iltana Sveitsiss\u00e4 Locarnon elokuvajuhlilla viikonloppuna. Elokuvan tapahtumapaikka on Yhdysvaltojen Minnesota, mutta se kuvattiin pitk\u00e4lti Pohjois-Karjalassa.<\/p>\n<p class=\"sc-jYczwO sc-ciCoXh bUKqJd cIOueB yle__article__paragraph\">P\u00e4\u00e4osaa esitt\u00e4\u00e4 kaksinkertainen Oscar-voittaja, brittin\u00e4yttelij\u00e4 <strong class=\"sc-eEHciv gtNhAX yle__article__strong\">Emma Thompson<\/strong>. My\u00f6s h\u00e4nen tytt\u00e4rens\u00e4 <strong class=\"sc-eEHciv gtNhAX yle__article__strong\">Gaia Wise<\/strong> esiintyy elokuvassa sivuroolissa.<\/p>\n<p><img decoding=\"async\" alt=\"Emma Thompson seisoo talvisessa maisemassa.\" src=\"https:\/\/www.europesays.com\/fi\/wp-content\/uploads\/2025\/08\/39-15055956899f2222a190.jpeg\" loading=\"lazy\" class=\"sc-dntSTA iywpZY\"\/><\/p>\n<p>Avaa kuvien katselu<\/p>\n<p>Emma Thompson esitt\u00e4\u00e4 kalastajaa, joka p\u00e4\u00e4tyy taisteluun el\u00e4m\u00e4st\u00e4\u00e4n. Kuva: TACKLE BOX PRODUCTIONS LLC, FW CO-PRODUCTION GmbH<\/p>\n<p class=\"sc-jYczwO sc-ciCoXh bUKqJd cIOueB yle__article__paragraph\">Kuvaukset her\u00e4ttiv\u00e4t huomiota ja kiinnostusta Pohjois-Karjalassa alkuvuonna 2024.<\/p>\n<p class=\"sc-jYczwO sc-ciCoXh bUKqJd cIOueB yle__article__paragraph\">Ensiarvostelun toimintaelokuvasta teki brittil\u00e4inen The Guardian. Se antoi elokuvalle parhaan mahdollisen arvion, eli viisi t\u00e4hte\u00e4. Elokuvaa luonnehditaan uskomattoman nautinnolliseksi ja j\u00e4nnitt\u00e4v\u00e4ksi.<\/p>\n<p class=\"sc-jYczwO sc-ciCoXh bUKqJd cIOueB yle__article__paragraph\">Elokuva-alan keskusj\u00e4rjest\u00f6 Filmikamarin toimitusjohtaja <strong class=\"sc-eEHciv gtNhAX yle__article__strong\">Tero Koistinen<\/strong> uskoo, ett\u00e4 toimintaseikkailu tulee menestym\u00e4\u00e4n Suomessa ja etenkin Pohjois-Karjalassa.<\/p>\n<p class=\"sc-jYczwO sc-ciCoXh bUKqJd cIOueB yle__article__paragraph\">\u2013 Ihan varmasti se kiinnostaa Pohjois-Karjalassa. Se on ik\u00e4\u00e4n kuin meid\u00e4n oma elokuvamme, sanoo Joensuusta kotoisin oleva Koistinen.<\/p>\n<p><strong class=\"sc-boKDdR cjuzCv\">Filmikamarin Tero Koistinen pohtii arvostelun merkityst\u00e4 elokuvalle<\/strong><\/p>\n<p>N\u00e4in kertoo Tero Koistinen elokuva-arvostelun merkityksest\u00e4 toimittaja Tanja Perkki\u00f6lle. <\/p>\n<p class=\"sc-jYczwO sc-ciCoXh bUKqJd cIOueB yle__article__paragraph\">Ohjaaja <strong class=\"sc-eEHciv gtNhAX yle__article__strong\">Brian Kirk<\/strong> kertoo, ett\u00e4 yhteiseurooppalaisen rahoituksen vuoksi kuvaukset oli sopivaa tuoda Suomeen. H\u00e4n vertailee Locarnon festivaalin julkaisemassa haastattelussa Suomen ja Minnesotan oloja. Kirkin mukaan maisemat ovat hyvin samankaltaisia.<\/p>\n<p class=\"sc-jYczwO sc-ciCoXh bUKqJd cIOueB yle__article__paragraph\">Elokuva sijoittuu 1970-luvulle, jolloin Minnesotan talvet olivat lumisia. Lumipula Minnesotassa oli yksi syist\u00e4, miksi kuvaukset tuotiin Suomeen. Pohjois-Karjalassa oli tammi-helmikuussa 2024 lunta, mutta my\u00f6s todella kylm\u00e4.<\/p>\n<p class=\"sc-jYczwO sc-ciCoXh bUKqJd cIOueB yle__article__paragraph\">Ohjaaja Kirk kehuu Pohjois-Karjalassa erityisesti kyl\u00e4maisemaa, josta l\u00f6ytyi huoltoasema. Ylen tietojen mukaan kyseess\u00e4 on Hein\u00e4vaara, joka lavastettiin menneiden vuosikymmenten tyyliin kuvauksia varten. Kuvausryhm\u00e4 my\u00f6s vuokrasi vanhoja autoja paikallisilta.<\/p>\n<p class=\"sc-jYczwO sc-ciCoXh bUKqJd cIOueB yle__article__paragraph\">Kuvausten ollessa k\u00e4ynniss\u00e4 mediaa ei p\u00e4\u00e4stetty paikalle. Ty\u00f6nimell\u00e4 The Fisherwoman tehdyn elokuvan nimi vaihdettiin tuotannon loppuvaiheessa kev\u00e4\u00e4ll\u00e4 2025.<\/p>\n<p>T\u00e4hdet bongattiin kaupungilta<\/p>\n<p class=\"sc-jYczwO sc-ciCoXh bUKqJd cIOueB yle__article__paragraph\">Thompson ja Wise majoittuivat Kolilla ja varsinkin Wise kuvasi kokemuksiaan useaan kertaan Instagram-tililleen. Thompsonista saatiin my\u00f6s yhteiskuva fanin kanssa hotellin aamiaisen yhteydess\u00e4. H\u00e4net n\u00e4htiin my\u00f6s Joensuun torilla ja l\u00e4heisess\u00e4 puotikeskittym\u00e4ss\u00e4 Taitokorttelissa ostoksilla.<\/p>\n<p class=\"sc-jYczwO sc-ciCoXh bUKqJd cIOueB yle__article__paragraph\">Emma Thompsonin kiitoskirje Suomelle julkaistiin kuvausten j\u00e4lkeen Helsingin Sanomissa. Sill\u00e4 oli iso merkitys av-alan rahoitukselle, joka tarvitsee alan ihmisi\u00e4 kertomaan sen merkityksest\u00e4, sanoo Tero Koistinen. Business Finland tukee harkinnanvaraisesti elokuvia, jotka kuvataan Suomessa. Kannustimet olivat istuvan hallituksen leikkauslistalla.<\/p>\n<p><img decoding=\"async\" alt=\"Emma Thompson palkittiin Locarnon elokuvajuhlilla Leopard-palkinnolla. \" src=\"https:\/\/www.europesays.com\/fi\/wp-content\/uploads\/2025\/08\/39-15055936899ed3f3598b.jpeg\" loading=\"lazy\" class=\"sc-dntSTA iywpZY\"\/><\/p>\n<p>Avaa kuvien katselu<\/p>\n<p>Emma Thompson sai Locarnon elokuvajuhlilla el\u00e4m\u00e4nty\u00f6palkinnon. Kuva: Locarno Film Festival \/ Ti-Press<\/p>\n<p class=\"sc-jYczwO sc-ciCoXh bUKqJd cIOueB yle__article__paragraph\">Locarnon elokuvatapahtuma Sveitsiss\u00e4 on niin sanottuja a-sarjan festivaaleja alan oman rankingin perusteella. Siell\u00e4 menestyminen tai The Guardianin antama hyv\u00e4 arvio eiv\u00e4t takaa mink\u00e4\u00e4n elokuvan menestyst\u00e4 Suomessa.<\/p>\n<p class=\"sc-jYczwO sc-ciCoXh bUKqJd cIOueB yle__article__paragraph\">\u2013 Helsingin Sanomien arvostelulla on enemm\u00e4n merkityst\u00e4, sanoo Koistinen.<\/p>\n","protected":false},"excerpt":{"rendered":"Pohjois-Karjalassa kuvattu kansainv\u00e4linen trilleri sai ensi-iltansa ja heti per\u00e4\u00e4n huippuarvostelun. Elokuvan p\u00e4\u00e4osassa on Oscar-voittaja Emma Thompson, joka hurmasi&hellip;\n","protected":false},"author":2,"featured_media":1529,"comment_status":"","ping_status":"","sticky":false,"template":"","format":"standard","meta":{"footnotes":""},"categories":[131],"tags":[155,1256,618,137,33,173,31,30,1253,1254,71,1255,172,1257,1137,32,109],"class_list":{"0":"post-1528","1":"post","2":"type-post","3":"status-publish","4":"format-standard","5":"has-post-thumbnail","7":"category-elokuvat","8":"tag-elokuvat","9":"tag-elokuvateollisuus","10":"tag-emma-thompson","11":"tag-entertainment","12":"tag-fi","13":"tag-film","14":"tag-finland","15":"tag-finnish","16":"tag-gaia-wise","17":"tag-koli","18":"tag-kotimaa","19":"tag-lieksa","20":"tag-movies","21":"tag-oscar-palkinto","22":"tag-pohjois-karjala","23":"tag-suomi","24":"tag-viihde"},"share_on_mastodon":{"url":"","error":""},"_links":{"self":[{"href":"https:\/\/www.europesays.com\/fi\/wp-json\/wp\/v2\/posts\/1528","targetHints":{"allow":["GET"]}}],"collection":[{"href":"https:\/\/www.europesays.com\/fi\/wp-json\/wp\/v2\/posts"}],"about":[{"href":"https:\/\/www.europesays.com\/fi\/wp-json\/wp\/v2\/types\/post"}],"author":[{"embeddable":true,"href":"https:\/\/www.europesays.com\/fi\/wp-json\/wp\/v2\/users\/2"}],"replies":[{"embeddable":true,"href":"https:\/\/www.europesays.com\/fi\/wp-json\/wp\/v2\/comments?post=1528"}],"version-history":[{"count":0,"href":"https:\/\/www.europesays.com\/fi\/wp-json\/wp\/v2\/posts\/1528\/revisions"}],"wp:featuredmedia":[{"embeddable":true,"href":"https:\/\/www.europesays.com\/fi\/wp-json\/wp\/v2\/media\/1529"}],"wp:attachment":[{"href":"https:\/\/www.europesays.com\/fi\/wp-json\/wp\/v2\/media?parent=1528"}],"wp:term":[{"taxonomy":"category","embeddable":true,"href":"https:\/\/www.europesays.com\/fi\/wp-json\/wp\/v2\/categories?post=1528"},{"taxonomy":"post_tag","embeddable":true,"href":"https:\/\/www.europesays.com\/fi\/wp-json\/wp\/v2\/tags?post=1528"}],"curies":[{"name":"wp","href":"https:\/\/api.w.org\/{rel}","templated":true}]}}