{"id":15286,"date":"2025-08-24T22:17:07","date_gmt":"2025-08-24T22:17:07","guid":{"rendered":"https:\/\/www.europesays.com\/fi\/15286\/"},"modified":"2025-08-24T22:17:07","modified_gmt":"2025-08-24T22:17:07","slug":"manse-pp-varmisti-ensimmaisena-paikkansa-miesten-superpesiksen-valierissa-urheilua-lyhyesti","status":"publish","type":"post","link":"https:\/\/www.europesays.com\/fi\/15286\/","title":{"rendered":"Manse PP varmisti ensimm\u00e4isen\u00e4 paikkansa miesten Superpesiksen v\u00e4lieriss\u00e4 | Urheilua lyhyesti"},"content":{"rendered":"<p class=\"sc-jYczwO sc-dNFkOE bUKqJd eiHPxO yle__article__paragraph\">Kouvolan Pallonly\u00f6j\u00e4t, Sotkamon Jymy ja Vimpelin Veto ovat voiton p\u00e4\u00e4ss\u00e4 v\u00e4lier\u00e4paikasta.<\/p>\n<p><img decoding=\"async\" alt=\"Juuso Myllyniemi, Manse PP, valmistautuu ly\u00f6ntiin.\" src=\"https:\/\/www.europesays.com\/fi\/wp-content\/uploads\/2025\/08\/39-116645464f2270ce730e.jpeg\" class=\"sc-dntSTA iywpZY\"\/><\/p>\n<p>Avaa kuvien katselu<\/p>\n<p>Juuso Myllyniemi palkittiin Mansen 2. palkinnolla. Kuva: Mika Kylm\u00e4niemi \/ All Over Press<\/p>\n<p>24.8. 20:10\u2022P\u00e4ivitetty 24.8. 20:21<\/p>\n<p class=\"sc-jYczwO sc-ciCoXh bUKqJd cIOueB yle__article__paragraph\">Superpesiksen k\u00e4rkimiehist\u00f6t Kouvolan Pallonly\u00f6j\u00e4t ja Sotkamon Jymy palasivat voittojen tielle h\u00e4vityn puoliv\u00e4lierien vierasottelun j\u00e4lkeen. Kummallekin on v\u00e4lier\u00e4paikka tiistaina katkolla, kun Jymy voitti sunnuntaina Kiteen Pallon 2\u20130 (2\u20131, 2\u20131) ja KPL Hyvink\u00e4\u00e4n Tahkon 2\u20130 (1\u20130, 5\u20131).<\/p>\n<p class=\"sc-jYczwO sc-ciCoXh bUKqJd cIOueB yle__article__paragraph\">Suorinta reitti\u00e4 mitalipeleihin selviytyi runkosarjan viitonen Manse, joka kukisti nelosen Joensuun Mailan sunnuntaina kolmannen kerran. JoMan kausi p\u00e4\u00e4ttyi kotitappioon 1\u20132 (3\u20131, 2\u20133, 0\u20131).<\/p>\n<p class=\"sc-jYczwO sc-ciCoXh bUKqJd cIOueB yle__article__paragraph\">Mansen lis\u00e4ksi v\u00e4lier\u00e4paikka oli sunnuntaina katkolla runkosarjan kolmoselle Vimpelin Vedolle, joka kuitenkin h\u00e4visi ensi kertaa Kempeleen Kirille lukemilla 1\u20132 (9\u201310, 9\u20131, 0\u20131).<\/p>\n<p class=\"sc-jYczwO sc-ciCoXh bUKqJd cIOueB yle__article__paragraph\">Kempelel\u00e4isten <strong class=\"sc-eEHciv gtNhAX yle__article__strong\">Tuomas Jussila<\/strong> otti supervuoroparissa sankarin roolin suolaamalla avaavalla kaksi is\u00e4ntien etenij\u00e4\u00e4 ja iskem\u00e4ll\u00e4 tasoittavalla voittojuoksun merkkaamattomalla kakkosjatkekumuralla. KeKin ykk\u00f6spalkittu oli kolmesti kotiuttanut jokeri <strong class=\"sc-eEHciv gtNhAX yle__article__strong\">Tuukka Sarkkinen<\/strong> (kl 7\/8).<\/p>\n<p>Kouvolassa urakoivat jokerit, Sotkamossa Jere Vikstr\u00f6m<\/p>\n<p class=\"sc-jYczwO sc-ciCoXh bUKqJd cIOueB yle__article__paragraph\">Avausjaksolla Kouvolan sateessa ei voinut sis\u00e4pelist\u00e4 puhuakaan. KPL voitti jakson jokerinsa <strong class=\"sc-eEHciv gtNhAX yle__article__strong\">Patrik Wahlstenin<\/strong> kotiutuksella, kun joukkeiden jakson k\u00e4rkily\u00f6ntim\u00e4\u00e4r\u00e4t j\u00e4iv\u00e4t lukemiin 9\u20138.<\/p>\n<p class=\"sc-jYczwO sc-ciCoXh bUKqJd cIOueB yle__article__paragraph\">KPL:n jokerit Wahlsten ja <strong class=\"sc-eEHciv gtNhAX yle__article__strong\">Teemu Nikkanen<\/strong> l\u00f6iv\u00e4t peliss\u00e4 kaksi juoksua mieheen. Saman m\u00e4\u00e4r\u00e4n juoksuja toi <strong class=\"sc-eEHciv gtNhAX yle__article__strong\">Tommi M\u00e4entausta<\/strong>.<\/p>\n<p class=\"sc-jYczwO sc-ciCoXh bUKqJd cIOueB yle__article__paragraph\">Sotkamossa ykk\u00f6ssankari oli kaikki Jymyn nelj\u00e4 juoksua tuonut <strong class=\"sc-eEHciv gtNhAX yle__article__strong\">Jere Vikstr\u00f6m<\/strong>, jonka tyhj\u00e4n kent\u00e4n kunnari k\u00e4\u00e4nt\u00f6pompolla kolmosrajaan rentoutti toisella jaksolla is\u00e4ntien pelaamisen.<\/p>\n<p class=\"sc-jYczwO sc-ciCoXh bUKqJd cIOueB yle__article__paragraph\">\u2013 Joukkuetasolla parannettiin peli\u00e4mme edellisest\u00e4 ottelusta. Tiukkoja pelej\u00e4 n\u00e4m\u00e4 ovat. Hyvi\u00e4 suorituksia on kent\u00e4ll\u00e4 teht\u00e4v\u00e4, jotta voitetaan, Vikstr\u00f6m kommentoi.<\/p>\n<p class=\"sc-jYczwO sc-ciCoXh bUKqJd cIOueB yle__article__paragraph\">Manselle nelj\u00e4 juoksua Joensuussa ly\u00f6nyt <strong class=\"sc-eEHciv gtNhAX yle__article__strong\">Antti Korhonen<\/strong> sivalsi sek\u00e4 toisen jakson ett\u00e4 supervuoroparin voittojuoksun. Ratkaisujuoksun superin tasoittavalla kahden palon tilanteessa toi 19-vuotias Espoon Pesiksen kasvatti <strong class=\"sc-eEHciv gtNhAX yle__article__strong\">Tino Heikkil\u00e4<\/strong>. Mansen palkitut olivat Korhonen (kl 4\/7) ja vaihtaja <strong class=\"sc-eEHciv gtNhAX yle__article__strong\">Juuso Myllyniemi<\/strong> (5\/7).<\/p>\n<p class=\"sc-jYczwO sc-ciCoXh bUKqJd cIOueB yle__article__paragraph\">Nelj\u00e4nnet puoliv\u00e4lier\u00e4t pelataan tiistaina kello 17.<\/p>\n","protected":false},"excerpt":{"rendered":"Kouvolan Pallonly\u00f6j\u00e4t, Sotkamon Jymy ja Vimpelin Veto ovat voiton p\u00e4\u00e4ss\u00e4 v\u00e4lier\u00e4paikasta. Avaa kuvien katselu Juuso Myllyniemi palkittiin Mansen&hellip;\n","protected":false},"author":2,"featured_media":15287,"comment_status":"","ping_status":"","sticky":false,"template":"","format":"standard","meta":{"footnotes":""},"categories":[5],"tags":[22,23,26,27,33,31,30,17,24,25,28,29,4255,15,18,21,2724,32,19,20,160,16],"class_list":{"0":"post-15286","1":"post","2":"type-post","3":"status-publish","4":"format-standard","5":"has-post-thumbnail","7":"category-otsikot","8":"tag-breaking-news","9":"tag-breakingnews","10":"tag-featured-news","11":"tag-featurednews","12":"tag-fi","13":"tag-finland","14":"tag-finnish","15":"tag-headlines","16":"tag-latest-news","17":"tag-latestnews","18":"tag-main-news","19":"tag-mainnews","20":"tag-miesten-superpesis","21":"tag-news","22":"tag-otsikot","23":"tag-paauutiset","24":"tag-pesapallo","25":"tag-suomi","26":"tag-top-stories","27":"tag-topstories","28":"tag-urheilu","29":"tag-uutiset"},"share_on_mastodon":{"url":"","error":""},"_links":{"self":[{"href":"https:\/\/www.europesays.com\/fi\/wp-json\/wp\/v2\/posts\/15286","targetHints":{"allow":["GET"]}}],"collection":[{"href":"https:\/\/www.europesays.com\/fi\/wp-json\/wp\/v2\/posts"}],"about":[{"href":"https:\/\/www.europesays.com\/fi\/wp-json\/wp\/v2\/types\/post"}],"author":[{"embeddable":true,"href":"https:\/\/www.europesays.com\/fi\/wp-json\/wp\/v2\/users\/2"}],"replies":[{"embeddable":true,"href":"https:\/\/www.europesays.com\/fi\/wp-json\/wp\/v2\/comments?post=15286"}],"version-history":[{"count":0,"href":"https:\/\/www.europesays.com\/fi\/wp-json\/wp\/v2\/posts\/15286\/revisions"}],"wp:featuredmedia":[{"embeddable":true,"href":"https:\/\/www.europesays.com\/fi\/wp-json\/wp\/v2\/media\/15287"}],"wp:attachment":[{"href":"https:\/\/www.europesays.com\/fi\/wp-json\/wp\/v2\/media?parent=15286"}],"wp:term":[{"taxonomy":"category","embeddable":true,"href":"https:\/\/www.europesays.com\/fi\/wp-json\/wp\/v2\/categories?post=15286"},{"taxonomy":"post_tag","embeddable":true,"href":"https:\/\/www.europesays.com\/fi\/wp-json\/wp\/v2\/tags?post=15286"}],"curies":[{"name":"wp","href":"https:\/\/api.w.org\/{rel}","templated":true}]}}