{"id":15302,"date":"2025-08-24T23:02:08","date_gmt":"2025-08-24T23:02:08","guid":{"rendered":"https:\/\/www.europesays.com\/fi\/15302\/"},"modified":"2025-08-24T23:02:08","modified_gmt":"2025-08-24T23:02:08","slug":"mika-torro-jalleen-suomen-vahvin-urheilua-lyhyesti","status":"publish","type":"post","link":"https:\/\/www.europesays.com\/fi\/15302\/","title":{"rendered":"Mika T\u00f6rr\u00f6 j\u00e4lleen Suomen vahvin | Urheilua lyhyesti"},"content":{"rendered":"<p class=\"sc-jYczwO sc-dNFkOE bUKqJd eiHPxO yle__article__paragraph\">Suomen Vahvin Nainen -kisan voiton vei sysm\u00e4l\u00e4inen Laura Koskenniemi.<\/p>\n<p><img decoding=\"async\" alt=\"Mika T\u00f6rr\u00f6 nostaa ns. tukkia.\" src=\"https:\/\/www.europesays.com\/fi\/wp-content\/uploads\/2025\/08\/39-77325260261fa531dc4.jpeg\" class=\"sc-dntSTA iywpZY\"\/><\/p>\n<p>Avaa kuvien katselu<\/p>\n<p>Mika T\u00f6rr\u00f6 arkistokuvassa. Kuva: Heikki Haapalainen \/ Yle<\/p>\n<p class=\"sc-jYczwO sc-ciCoXh bUKqJd cIOueB yle__article__paragraph\">Joensuulainen <strong class=\"sc-eEHciv gtNhAX yle__article__strong\">Mika T\u00f6rr\u00f6<\/strong> kirjasi historiaa sunnuntaina, kun h\u00e4n voitti Suomen Vahvin Mies -kilpailun avoimen sarjan. T\u00f6rr\u00f6st\u00e4 tuli ensimm\u00e4inen kuusi kertaa Suomen Vahvin Mies -tittelin voittanut urheilija.<\/p>\n<p class=\"sc-jYczwO sc-ciCoXh bUKqJd cIOueB yle__article__paragraph\">T\u00f6rr\u00f6 nousi mestariksi <strong class=\"sc-eEHciv gtNhAX yle__article__strong\">Jesse Pynn\u00f6sen<\/strong> ja <strong class=\"sc-eEHciv gtNhAX yle__article__strong\">Niko Nurmen<\/strong> ohi vasta viimeisess\u00e4 lajissa eli Atlas-kiviss\u00e4.<\/p>\n<p class=\"sc-jYczwO sc-ciCoXh bUKqJd cIOueB yle__article__paragraph\">\u2013 Olin jo oman Hercules-suorituksen j\u00e4lkeen heitt\u00e4m\u00e4ss\u00e4 hanskat tiskiin, ett\u00e4 t\u00e4m\u00e4 oli t\u00e4ss\u00e4. Sitten n\u00e4in pistetilanteen, ett\u00e4 miten tiukkaa oli. Huhhuh, mik\u00e4 lopetus, T\u00f6rr\u00f6 huokaisi tiedotteessa.<\/p>\n<p class=\"sc-jYczwO sc-ciCoXh bUKqJd cIOueB yle__article__paragraph\">\u2013 En muista, olenko ikin\u00e4 nostanut n\u00e4in hyvin t\u00e4llaista kivisarjaa ja kahdensadan kilon kive\u00e4. Kyll\u00e4 siin\u00e4 oli aikamoinen lataus, T\u00f6rr\u00f6 kuvaili viel\u00e4 lempilajiaan eli Atlas-kivien nostoa.<\/p>\n<p class=\"sc-jYczwO sc-ciCoXh bUKqJd cIOueB yle__article__paragraph\">Suomen Vahvin Nainen -kisan voiton vei sysm\u00e4l\u00e4inen <strong class=\"sc-eEHciv gtNhAX yle__article__strong\">Laura Koskenniemi<\/strong> ennen viime vuoden voittaja <strong class=\"sc-eEHciv gtNhAX yle__article__strong\">Salla Romoa<\/strong>. Edellisen kerran Koskenniemi on voittanut tittelin vuonna 2021.<\/p>\n","protected":false},"excerpt":{"rendered":"Suomen Vahvin Nainen -kisan voiton vei sysm\u00e4l\u00e4inen Laura Koskenniemi. Avaa kuvien katselu Mika T\u00f6rr\u00f6 arkistokuvassa. Kuva: Heikki Haapalainen&hellip;\n","protected":false},"author":2,"featured_media":15303,"comment_status":"","ping_status":"","sticky":false,"template":"","format":"standard","meta":{"footnotes":""},"categories":[158],"tags":[33,31,30,5999,5998,159,6002,6001,32,160,6000],"class_list":{"0":"post-15302","1":"post","2":"type-post","3":"status-publish","4":"format-standard","5":"has-post-thumbnail","7":"category-urheilu","8":"tag-fi","9":"tag-finland","10":"tag-finnish","11":"tag-jesse-pynnonen","12":"tag-mika-torro","13":"tag-sports","14":"tag-suomen-vahvin-mies","15":"tag-suomen-vahvin-nainen","16":"tag-suomi","17":"tag-urheilu","18":"tag-voimailu"},"share_on_mastodon":{"url":"","error":""},"_links":{"self":[{"href":"https:\/\/www.europesays.com\/fi\/wp-json\/wp\/v2\/posts\/15302","targetHints":{"allow":["GET"]}}],"collection":[{"href":"https:\/\/www.europesays.com\/fi\/wp-json\/wp\/v2\/posts"}],"about":[{"href":"https:\/\/www.europesays.com\/fi\/wp-json\/wp\/v2\/types\/post"}],"author":[{"embeddable":true,"href":"https:\/\/www.europesays.com\/fi\/wp-json\/wp\/v2\/users\/2"}],"replies":[{"embeddable":true,"href":"https:\/\/www.europesays.com\/fi\/wp-json\/wp\/v2\/comments?post=15302"}],"version-history":[{"count":0,"href":"https:\/\/www.europesays.com\/fi\/wp-json\/wp\/v2\/posts\/15302\/revisions"}],"wp:featuredmedia":[{"embeddable":true,"href":"https:\/\/www.europesays.com\/fi\/wp-json\/wp\/v2\/media\/15303"}],"wp:attachment":[{"href":"https:\/\/www.europesays.com\/fi\/wp-json\/wp\/v2\/media?parent=15302"}],"wp:term":[{"taxonomy":"category","embeddable":true,"href":"https:\/\/www.europesays.com\/fi\/wp-json\/wp\/v2\/categories?post=15302"},{"taxonomy":"post_tag","embeddable":true,"href":"https:\/\/www.europesays.com\/fi\/wp-json\/wp\/v2\/tags?post=15302"}],"curies":[{"name":"wp","href":"https:\/\/api.w.org\/{rel}","templated":true}]}}