{"id":15308,"date":"2025-08-24T23:08:08","date_gmt":"2025-08-24T23:08:08","guid":{"rendered":"https:\/\/www.europesays.com\/fi\/15308\/"},"modified":"2025-08-24T23:08:08","modified_gmt":"2025-08-24T23:08:08","slug":"perinteikas-rakennusyhtio-konkurssiin","status":"publish","type":"post","link":"https:\/\/www.europesays.com\/fi\/15308\/","title":{"rendered":"Perinteik\u00e4s rakennusyhti\u00f6 konkurssiin"},"content":{"rendered":"<p>Ralf Ajalin Oy on ajautunut konkurssiin kesken saneerausmenettelyn. <\/p>\n<p><img decoding=\"async\" class=\"image image-show image-preview\" src=\"https:\/\/www.europesays.com\/fi\/wp-content\/uploads\/2025\/08\/19c917c688fa3120162152c1402870ce965c6129a9a6e904db93e0df6de61240.jpg\" alt=\"\"\/><img decoding=\"async\" class=\"image image-show\" src=\"https:\/\/www.europesays.com\/fi\/wp-content\/uploads\/2025\/08\/1756076888_247_19c917c688fa3120162152c1402870ce965c6129a9a6e904db93e0df6de61240.jpg\" alt=\"\"\/><\/p>\n<p>Ralf Ajalin p\u00e4\u00e4si kes\u00e4kuussa saneerausmenettelyyn mutta ajautui silti konkurssiin. Kuvassa n\u00e4kyy yhti\u00f6n kesken j\u00e4\u00e4nyt ty\u00f6maa Turun Kupittaan Seikkailupuistossa.  Mikko Virta<\/p>\n<p class=\"paragraph\">Infrarakennusyhti\u00f6 Ralf Ajalin on hakeutunut konkurssiin. Raaseporilainen yhti\u00f6 j\u00e4tti konkurssihakemuksen L\u00e4nsi-Uudenmaan k\u00e4r \u00e4j\u00e4oikeuteen keskiviikkona 6. elokuuta.<\/p>\n<p class=\"paragraph\">Yhti\u00f6 on k\u00e4rsinyt talousvaikeuksista, ja se oli p\u00e4\u00e4ssyt kes\u00e4kuussa saneerausmenettelyyn. Saneerausmenettelyyn hakeutumista yhti\u00f6 perusteli erityisesti Valkeakosken Isonsillan korjausurakan aiheuttamilla tappioilla.<\/p>\n<p class=\"paragraph\">Siltaremontti k\u00e4ynnistyi syksyll\u00e4 2023, mutta Valkeakosken kaupunki purki urakkasopimuksen ja otti ty\u00f6maan haltuunsa huhtikuussa 2025. Kaupungin mukaan urakka aiotaan saattaa loppuun toisen urakoitsijan toimesta. Lis\u00e4ksi se on aikonut vaatia Ralf Ajalinilta korvauksia viiv\u00e4stymisen aiheuttamista lis\u00e4kustannuksista ja muista vahingoista.<\/p>\n<p class=\"paragraph\">Ralf Ajalin Oy:n toimitusjohtaja <strong>Joni Kumpum\u00e4ki<\/strong> vastasi Tekniikka&amp;Taloudelle tekstiviestitse, ettei anna haastatteluja konkurssiin liittyen puhelimitse, mutta h\u00e4n toimitti yhti\u00f6n tiedotteen asiasta ja vastasi my\u00f6hemmin kysymyksiin s\u00e4hk\u00f6postitse.<\/p>\n<p class=\"paragraph\">\u2013 Etenkin viimeaikaiset isot urakat osoittautuivat tappiollisiksi, Kumpum\u00e4ki sanoo.<\/p>\n<p class=\"paragraph\"><strong>Millainen merkitys oli Valkeakosken Isonsillan urakalla, jonka sopimuksen kaupunki purki kev\u00e4\u00e4ll\u00e4?<\/strong><\/p>\n<p class=\"paragraph\">\u2013 Oli iso merkitys, kuten saneeraushakemuksen yhteydess\u00e4 viestittiin. Lis\u00e4kulut kohteessa toteutui, mutta laskutusta ei saatu. T\u00e4m\u00e4 oli suoraan kassasta pois, Kumpum\u00e4ki toteaa.<\/p>\n<p class=\"paragraph\">Yhti\u00f6 perustelee tiedotteessaan konkurssia sill\u00e4, ettei toiminnan elvytt\u00e4minen ole onnistunut saneerausmenettelyst\u00e4 huolimatta. Yhti\u00f6n hallitus katsoo, ettei saneerausohjelman aikaansaamiselle ja vahvistamiselle ole edellytyksi\u00e4.<\/p>\n<p class=\"paragraph\">\u2013 Tilannetta ei ole auttanut tiettyjen asiakkaiden yksipuolinen maksuaikojen venytt\u00e4minen sek\u00e4 toteutuneiden maksuerien kuittaamattomuus, mist\u00e4 n\u00e4ytt\u00e4isi tulleen yh\u00e4 tavallisempaa rakennusalalla, tiedotteessa kirjoitetaan.<\/p>\n<p class=\"paragraph\">Kumpum\u00e4en mukaan on tullut esiin, ett\u00e4 tilaajat jarruttavat ty\u00f6maita ja maksuliikennett\u00e4 sek\u00e4 lis\u00e4\u00e4v\u00e4t muun muassa maksueriin omia ehtojaan.<\/p>\n<p class=\"paragraph\">\u2013 T\u00e4llainen toiminta hankaloittaa kenen tahansa urakoitsijan toimintaa, kun rahaliikenne takkuaa. Aliurakoitsijoille ja tavarantoimittajille tulee maksaa laskut ajallaan, jotta ty\u00f6maat etenev\u00e4t. Jos tilaajat pitkitt\u00e4v\u00e4t maksamista niin tilanne on kest\u00e4m\u00e4t\u00f6n. Tilaajat nykyp\u00e4iv\u00e4n\u00e4 k\u00e4ytt\u00e4v\u00e4t urakoitsijoita jopa urakoiden rahoittajina. T\u00e4ll\u00e4 oli merkitt\u00e4v\u00e4 vaikutus my\u00f6s Ralf Ajalin Oy:n tarinan p\u00e4\u00e4ttymiseen, Joni Kumpum\u00e4ki sanoo.<\/p>\n<p>Emoyhti\u00f6 jatkaa toimintaa<\/p>\n<p class=\"paragraph\">Talouden tervehdytt\u00e4mistoimet aloitettiin loppuvuodesta 2024, jolloin ryhdyttiin karsimaan kustannuksia ja k\u00e4ytiin neuvotteluja rahoittajien kanssa. Toimet eiv\u00e4t kuitenkaan riitt\u00e4neet kannattavuuden palauttamiseen, ja yhti\u00f6 hakeutui kev\u00e4\u00e4ll\u00e4 saneeraukseen.<\/p>\n<p class=\"paragraph\">Ralf Ajalin Oy:n konkurssi ei vaikuta emoyhti\u00f6 Perheyhti\u00f6 R. Ajalin Oy:n toimintaan. Emoyhti\u00f6 jatkaa tiedotteen mukaan maa-ainesliiketoimintaa ja kuljetuspalveluja L\u00e4nsi-Uudellamaalla Ralf Ajalin -br\u00e4ndin alla normaalisti.<\/p>\n<p class=\"paragraph\">Ralf Ajalin Oy:n viimeisin kaupparekisteriin toimitettu tilinp\u00e4\u00e4t\u00f6s on syyskuussa 2024 p\u00e4\u00e4ttyneelt\u00e4 tilikaudelta. Liikevaihto kasvoi 18 prosenttia edellisvuoteen verrattuna ja oli 24,89 miljoonaa euroa, mutta liiketoiminnan tulos painui 2,25 miljoonaa euroa tappiolle.<\/p>\n<p class=\"paragraph\">Ralf Ajalin Oy on perustettu vuonna 1977. Urakointiliiketoiminta yhti\u00f6itettiin vuonna 2021, jolloin emoyhti\u00f6ksi muodostettiin Perheyhti\u00f6 R. Ajalin Oy ja sen tyt\u00e4ryhti\u00f6ksi Ralf Ajalin Oy.<\/p>\n<p class=\"paragraph\">Juttu on julkaistu aiemmin <a href=\"https:\/\/www.tekniikkatalous.fi\/\" rel=\"noopener nofollow\" target=\"_blank\">Tekniikka&amp;Taloudessa<\/a>.<\/p>\n","protected":false},"excerpt":{"rendered":"Ralf Ajalin Oy on ajautunut konkurssiin kesken saneerausmenettelyn. Ralf Ajalin p\u00e4\u00e4si kes\u00e4kuussa saneerausmenettelyyn mutta ajautui silti konkurssiin. Kuvassa&hellip;\n","protected":false},"author":2,"featured_media":15309,"comment_status":"","ping_status":"","sticky":false,"template":"","format":"standard","meta":{"footnotes":""},"categories":[12],"tags":[22,23,26,27,33,31,30,17,1322,24,25,1320,28,29,2349,15,18,21,721,32,19,20,1319,16],"class_list":{"0":"post-15308","1":"post","2":"type-post","3":"status-publish","4":"format-standard","5":"has-post-thumbnail","7":"category-suomi","8":"tag-breaking-news","9":"tag-breakingnews","10":"tag-featured-news","11":"tag-featurednews","12":"tag-fi","13":"tag-finland","14":"tag-finnish","15":"tag-headlines","16":"tag-laskentatoimi","17":"tag-latest-news","18":"tag-latestnews","19":"tag-liikevaihto","20":"tag-main-news","21":"tag-mainnews","22":"tag-myynti","23":"tag-news","24":"tag-otsikot","25":"tag-paauutiset","26":"tag-rahoitus","27":"tag-suomi","28":"tag-top-stories","29":"tag-topstories","30":"tag-tulostiedot","31":"tag-uutiset"},"share_on_mastodon":{"url":"","error":""},"_links":{"self":[{"href":"https:\/\/www.europesays.com\/fi\/wp-json\/wp\/v2\/posts\/15308","targetHints":{"allow":["GET"]}}],"collection":[{"href":"https:\/\/www.europesays.com\/fi\/wp-json\/wp\/v2\/posts"}],"about":[{"href":"https:\/\/www.europesays.com\/fi\/wp-json\/wp\/v2\/types\/post"}],"author":[{"embeddable":true,"href":"https:\/\/www.europesays.com\/fi\/wp-json\/wp\/v2\/users\/2"}],"replies":[{"embeddable":true,"href":"https:\/\/www.europesays.com\/fi\/wp-json\/wp\/v2\/comments?post=15308"}],"version-history":[{"count":0,"href":"https:\/\/www.europesays.com\/fi\/wp-json\/wp\/v2\/posts\/15308\/revisions"}],"wp:featuredmedia":[{"embeddable":true,"href":"https:\/\/www.europesays.com\/fi\/wp-json\/wp\/v2\/media\/15309"}],"wp:attachment":[{"href":"https:\/\/www.europesays.com\/fi\/wp-json\/wp\/v2\/media?parent=15308"}],"wp:term":[{"taxonomy":"category","embeddable":true,"href":"https:\/\/www.europesays.com\/fi\/wp-json\/wp\/v2\/categories?post=15308"},{"taxonomy":"post_tag","embeddable":true,"href":"https:\/\/www.europesays.com\/fi\/wp-json\/wp\/v2\/tags?post=15308"}],"curies":[{"name":"wp","href":"https:\/\/api.w.org\/{rel}","templated":true}]}}